{"id":429940,"date":"2025-10-01T01:23:12","date_gmt":"2025-10-01T01:23:12","guid":{"rendered":"https:\/\/www.europesays.com\/fr\/429940\/"},"modified":"2025-10-01T01:23:12","modified_gmt":"2025-10-01T01:23:12","slug":"previsions-du-mercredi-1er-octobre-2025-8","status":"publish","type":"post","link":"https:\/\/www.europesays.com\/fr\/429940\/","title":{"rendered":"pr\u00e9visions du mercredi 1er octobre 2025"},"content":{"rendered":"<p class=\"mb-4 text-lg md:leading-8 break-words\"><strong>M\u00e9t\u00e9o &#8211; Un magnifique soleil va briller et ce, tout au long de la journ\u00e9e. Les temp\u00e9ratures seront de 13\u00b0C la matin\u00e9e et de 18\u00b0C l&rsquo;apr\u00e8s-midi&#8230;<\/strong><\/p>\n<p class=\"mb-4 text-lg md:leading-8 break-words\">Le soleil sera dominant, la garantie d&rsquo;une belle journ\u00e9e \u00e0 Lyon ! On anticipe des temp\u00e9ratures d&rsquo;environ 14\u00b0C. Un vent de nord-ouest soufflera un peu, avec 12 km\/h. L&rsquo;apr\u00e8s-midi, c&rsquo;est une hausse de plusieurs degr\u00e9s que vont enregistrer les temp\u00e9ratures. Les valeurs s&rsquo;\u00e9chelonneront entre 15 et 19\u00b0C. On pr\u00e9voit des \u00e9claircies pour cette soir\u00e9e. Le ciel sera clair dans la nuit de mercredi \u00e0 jeudi.<\/p>\n<p class=\"mb-4 text-lg md:leading-8 break-words\">Demain, un grand soleil brillera sur Lyon. Le mercure va descendre de quelques degr\u00e9s. Il va faire en moyenne 12\u00b0C. Le matin, une modeste brise de nord sera ressentie par les habitants. Les temp\u00e9ratures vont monter pendant l&rsquo;apr\u00e8s-midi de plusieurs degr\u00e9s. Les valeurs seront comprises entre 13 et 17\u00b0C. Demain soir, le vent va peu \u00e0 peu \u00e9loigner les nuages. Les temp\u00e9ratures seront de 11\u00b0C. Un vent de nord-ouest rafra\u00eechira quelque peu l&rsquo;atmosph\u00e8re.<\/p>\n<p class=\"mb-4 text-lg md:leading-8 break-words\">Le temps des jours suivants va \u00e9voluer progressivement. Les conditions m\u00e9t\u00e9orologiques persisteront vendredi mais une d\u00e9gradation s&rsquo;ensuivra samedi.<\/p>\n<p class=\"mb-4 text-lg md:leading-8 break-words\"><a href=\"https:\/\/www.20minutes.fr\/planete\/previsions-meteo\/4176304-20251001-meteo-lyon-previsions-mercredi-1er-octobre-2025?at_medium=RSS%20feed&amp;at_campaign=ynews&amp;utm_source=yahoo&amp;utm_medium=rss&amp;utm_campaign=news_feed&amp;utm_content=read_more_link&quot;\" rel=\"nofollow noopener\" target=\"_blank\" data-ylk=\"slk:Lire la suite sur 20minutes;elm:context_link;itc:0;sec:content-canvas\" class=\"link \">Lire la suite sur 20minutes<\/a><\/p>\n","protected":false},"excerpt":{"rendered":"M\u00e9t\u00e9o &#8211; Un magnifique soleil va briller et ce, tout au long de la journ\u00e9e. Les temp\u00e9ratures seront&hellip;\n","protected":false},"author":2,"featured_media":429941,"comment_status":"","ping_status":"","sticky":false,"template":"","format":"standard","meta":{"footnotes":""},"categories":[1889],"tags":[1111,11,2430,28358,1777,674,1011,27,2428,2487,12,25],"class_list":{"0":"post-429940","1":"post","2":"type-post","3":"status-publish","4":"format-standard","5":"has-post-thumbnail","7":"category-lyon","8":"tag-actu","9":"tag-actualites","10":"tag-auvergne-rhone-alpes","11":"tag-belle-journee","12":"tag-eu","13":"tag-europe","14":"tag-fr","15":"tag-france","16":"tag-lyon","17":"tag-meteo","18":"tag-news","19":"tag-republique-francaise"},"share_on_mastodon":{"url":"https:\/\/pubeurope.com\/@fr\/115296298807603305","error":""},"_links":{"self":[{"href":"https:\/\/www.europesays.com\/fr\/wp-json\/wp\/v2\/posts\/429940","targetHints":{"allow":["GET"]}}],"collection":[{"href":"https:\/\/www.europesays.com\/fr\/wp-json\/wp\/v2\/posts"}],"about":[{"href":"https:\/\/www.europesays.com\/fr\/wp-json\/wp\/v2\/types\/post"}],"author":[{"embeddable":true,"href":"https:\/\/www.europesays.com\/fr\/wp-json\/wp\/v2\/users\/2"}],"replies":[{"embeddable":true,"href":"https:\/\/www.europesays.com\/fr\/wp-json\/wp\/v2\/comments?post=429940"}],"version-history":[{"count":0,"href":"https:\/\/www.europesays.com\/fr\/wp-json\/wp\/v2\/posts\/429940\/revisions"}],"wp:featuredmedia":[{"embeddable":true,"href":"https:\/\/www.europesays.com\/fr\/wp-json\/wp\/v2\/media\/429941"}],"wp:attachment":[{"href":"https:\/\/www.europesays.com\/fr\/wp-json\/wp\/v2\/media?parent=429940"}],"wp:term":[{"taxonomy":"category","embeddable":true,"href":"https:\/\/www.europesays.com\/fr\/wp-json\/wp\/v2\/categories?post=429940"},{"taxonomy":"post_tag","embeddable":true,"href":"https:\/\/www.europesays.com\/fr\/wp-json\/wp\/v2\/tags?post=429940"}],"curies":[{"name":"wp","href":"https:\/\/api.w.org\/{rel}","templated":true}]}}