{"id":429944,"date":"2025-10-01T01:26:17","date_gmt":"2025-10-01T01:26:17","guid":{"rendered":"https:\/\/www.europesays.com\/fr\/429944\/"},"modified":"2025-10-01T01:26:17","modified_gmt":"2025-10-01T01:26:17","slug":"la-chanteuse-lola-young-annule-ses-evenements-a-venir-apres-setre-effondree-sur-scene","status":"publish","type":"post","link":"https:\/\/www.europesays.com\/fr\/429944\/","title":{"rendered":"La chanteuse Lola Young annule ses \u00e9v\u00e8nements \u00e0 venir apr\u00e8s s&rsquo;\u00eatre effondr\u00e9e sur sc\u00e8ne"},"content":{"rendered":"\n<p class=\"c-chapo \">\n  \u00ab\u00a0Je vais m&rsquo;absenter pendant quelque temps\u00a0\u00bb, a \u00e9crit l&rsquo;artiste londonienne sur Instagram, sans pr\u00e9ciser quels concerts de sa tourn\u00e9e internationale \u00e9taient annul\u00e9s.\n<\/p>\n<p>      lire plus tard<\/p>\n<p id=\"dialog__title\" class=\"dialog__title\">Pour sauvegarder cet article, connectez-vous ou cr\u00e9ez un compte franceinfo<\/p>\n<p class=\"dialog__description\">Sans paiement. Sans abonnement.<\/p>\n<p>        Fermer la fen\u00eatre d\u2019activation des notifications France Info<\/p>\n<p>      cr\u00e9er votre compte<\/p>\n<p>      se connecter<\/p>\n<p>        Fermer la fen\u00eatre de pr\u00e9sentation<\/p>\n<p>    <img loading=\"lazy\" decoding=\"async\" class=\"signature__image lazyload\" width=\"100\" height=\"100\" data- alt=\"\" src=\"https:\/\/www.europesays.com\/fr\/wp-content\/uploads\/2025\/05\/64a68815cd1a7_placeholder-36b69ec8.png\"\/><\/p>\n<p>    Publi\u00e9 le 30\/09\/2025 23:44<\/p>\n<p>        Temps de lecture : 1min<\/p>\n<p>    <img decoding=\"async\"  alt=\"La chanteuse Lola Young aux MTV Video Music Awards, \u00e0 New York, le 7 septembre 2025. (MIKE COPPOLA \/ GETTY IMAGES NORTH AMERICA \/ AFP)\" width=\"432\" height=\"243\" src=\"https:\/\/www.europesays.com\/fr\/wp-content\/uploads\/2025\/10\/063-2234197495-68dc4d2474adc561672498.jpg\" fetchpriority=\"high\"\/><\/p>\n<p>      La chanteuse Lola Young aux MTV Video Music Awards, \u00e0 New York, le 7 septembre 2025. (MIKE COPPOLA \/ GETTY IMAGES NORTH AMERICA \/ AFP)<\/p>\n<p>La chanteuse britannique Lola Young a annonc\u00e9, mardi 30 septembre sur Instagram, annuler tous ses \u00e9v\u00e8nements \u00e0 venir <a href=\"https:\/\/www.franceinfo.fr\/culture\/musique\/pop\/apres-son-malaise-sur-scene-la-sante-de-la-chanteuse-lola-young-inquiete-les-fans_7521097.html\" rel=\"nofollow noopener\" target=\"_blank\">apr\u00e8s s&rsquo;\u00eatre soudainement effondr\u00e9e sur sc\u00e8ne<\/a> lors d&rsquo;un concert samedi \u00e0 New York. \u00ab\u00a0Je vais m&rsquo;absenter pendant quelque temps. Cela me peine de devoir annuler tous mes projets pr\u00e9vus dans un futur proche\u00a0\u00bb, a \u00e9crit l&rsquo;artiste londonienne de 24 ans, sans pr\u00e9ciser quels concerts de sa tourn\u00e9e internationale \u00e9taient annul\u00e9s.<\/p>\n<p>\u00ab\u00a0J&rsquo;esp\u00e8re sinc\u00e8rement que vous m&rsquo;accorderez une seconde chance lorsque j&rsquo;aurai pris le temps de travailler sur moi-m\u00eame et que je reviendrai plus forte\u00a0\u00bb, a-t-elle poursuivi, remerciant ses fans pour leur \u00ab\u00a0amour et leur soutien\u00a0\u00bb.<\/p>\n<p>La chanteuse, qui vient de sortir il y a dix jours son troisi\u00e8me album I&rsquo;m Only F**king Myself, se produisait au festival All Things Go samedi \u00e0 New York quand elle s&rsquo;est \u00e9croul\u00e9e sur sc\u00e8ne en plein milieu de sa performance, comme le montrent plusieurs vid\u00e9os. Elle a \u00e9t\u00e9 rapidement \u00e9vacu\u00e9e par les secours sous les yeux de ses fans, choqu\u00e9s. \u00ab\u00a0Je vais bien maintenant\u00a0\u00bb, avait-elle ensuite \u00e9crit sur Instagram, annon\u00e7ant l&rsquo;annulation de son concert du lendemain \u00e0 Washington.<\/p>\n","protected":false},"excerpt":{"rendered":"\u00ab\u00a0Je vais m&rsquo;absenter pendant quelque temps\u00a0\u00bb, a \u00e9crit l&rsquo;artiste londonienne sur Instagram, sans pr\u00e9ciser quels concerts de sa&hellip;\n","protected":false},"author":2,"featured_media":429945,"comment_status":"","ping_status":"","sticky":false,"template":"","format":"standard","meta":{"footnotes":""},"categories":[1888],"tags":[1111,1928,11,1927,1777,674,1011,27,12,1926,626,1925,25],"class_list":{"0":"post-429944","1":"post","2":"type-post","3":"status-publish","4":"format-standard","5":"has-post-thumbnail","7":"category-paris","8":"tag-actu","9":"tag-actu-paris","10":"tag-actualites","11":"tag-actualites-paris","12":"tag-eu","13":"tag-europe","14":"tag-fr","15":"tag-france","16":"tag-news","17":"tag-news-paris","18":"tag-paris","19":"tag-paris-news","20":"tag-republique-francaise"},"share_on_mastodon":{"url":"https:\/\/pubeurope.com\/@fr\/115296311147669564","error":""},"_links":{"self":[{"href":"https:\/\/www.europesays.com\/fr\/wp-json\/wp\/v2\/posts\/429944","targetHints":{"allow":["GET"]}}],"collection":[{"href":"https:\/\/www.europesays.com\/fr\/wp-json\/wp\/v2\/posts"}],"about":[{"href":"https:\/\/www.europesays.com\/fr\/wp-json\/wp\/v2\/types\/post"}],"author":[{"embeddable":true,"href":"https:\/\/www.europesays.com\/fr\/wp-json\/wp\/v2\/users\/2"}],"replies":[{"embeddable":true,"href":"https:\/\/www.europesays.com\/fr\/wp-json\/wp\/v2\/comments?post=429944"}],"version-history":[{"count":0,"href":"https:\/\/www.europesays.com\/fr\/wp-json\/wp\/v2\/posts\/429944\/revisions"}],"wp:featuredmedia":[{"embeddable":true,"href":"https:\/\/www.europesays.com\/fr\/wp-json\/wp\/v2\/media\/429945"}],"wp:attachment":[{"href":"https:\/\/www.europesays.com\/fr\/wp-json\/wp\/v2\/media?parent=429944"}],"wp:term":[{"taxonomy":"category","embeddable":true,"href":"https:\/\/www.europesays.com\/fr\/wp-json\/wp\/v2\/categories?post=429944"},{"taxonomy":"post_tag","embeddable":true,"href":"https:\/\/www.europesays.com\/fr\/wp-json\/wp\/v2\/tags?post=429944"}],"curies":[{"name":"wp","href":"https:\/\/api.w.org\/{rel}","templated":true}]}}