{"id":429946,"date":"2025-10-01T01:27:18","date_gmt":"2025-10-01T01:27:18","guid":{"rendered":"https:\/\/www.europesays.com\/fr\/429946\/"},"modified":"2025-10-01T01:27:18","modified_gmt":"2025-10-01T01:27:18","slug":"info-actu17-lambassadeur-dafrique-du-sud-retrouve-mort-a-paris","status":"publish","type":"post","link":"https:\/\/www.europesays.com\/fr\/429946\/","title":{"rendered":"INFO ACTU17. L\u2019ambassadeur d&rsquo;Afrique du Sud retrouv\u00e9 mort \u00e0 Paris"},"content":{"rendered":"<p>L&rsquo;ambassadeur d&rsquo;Afrique du Sud en France, Nkosinathi Emmanuel<br \/>\nMthethwa, a disparu ce lundi apr\u00e8s-midi, selon les informations<br \/>\nd&rsquo;Actu17. Toujours recherch\u00e9 ce mardi matin, il a<br \/>\nfinalement \u00e9t\u00e9 retrouv\u00e9 mort \u00ab\u00a0\u00e0 l\u2019aplomb de l\u2019h\u00f4tel Hyatt\u00a0\u00bb<br \/>\nsitu\u00e9 pr\u00e8s de la porte Maillot dans le XVIIe arrondissement, en fin<br \/>\nde matin\u00e9e, indique le parquet de Paris. Le diplomate s&rsquo;est<br \/>\nmanifestement jet\u00e9 d&rsquo;une chambre du 22e \u00e9tage, \u00ab\u00a0dont la fen\u00eatre<br \/>\ns\u00e9curis\u00e9e a \u00e9t\u00e9 forc\u00e9e\u00a0\u00bb, pr\u00e9cise la m\u00eame source.<\/p>\n<p>Selon les premiers \u00e9l\u00e9ments, sa disparition a \u00e9t\u00e9 constat\u00e9e aux<br \/>\nalentours de 15 heures. Une enqu\u00eate a \u00e9t\u00e9 ouverte et des proches de<br \/>\nl&rsquo;ambassadeur \u00e2g\u00e9 de 58 ans ont \u00e9t\u00e9 interrog\u00e9s par les forces de<br \/>\nl&rsquo;ordre. Ce lundi, \u00ab\u00a0son \u00e9pouse avait signal\u00e9 sa disparition aux<br \/>\nservices de police. Elle a indiqu\u00e9 avoir vu son mari pour la<br \/>\nderni\u00e8re fois peu avant 16h30 alors qu\u2019il devait se rendre \u00e0 un<br \/>\ncocktail, puis avoir re\u00e7u un message de sa part peu apr\u00e8s 21h30,<br \/>\ndans lequel il lui pr\u00e9sentait ses excuses, et manifestait<br \/>\nl\u2019intention de mettre fin \u00e0 ses jours\u00a0\u00bb, indique le parquet<br \/>\ndans un communiqu\u00e9 ce mardi soir. Vers 11h10, \u00ab\u00a0un vigil de<br \/>\nl&rsquo;h\u00f4tel Hyatt a d\u00e9couvert son corps sans vie dans la cour<br \/>\nint\u00e9rieure de l\u2019h\u00f4tel\u00a0\u00bb.<\/p>\n<p>\u00ab\u00a0Emmanuel Mthethwa avait r\u00e9serv\u00e9 une chambre dans cet<br \/>\n\u00e9tablissement une dizaine de jours auparavant, et s\u2019y est pr\u00e9sent\u00e9<br \/>\nd\u00e8s 16h30 le 29 septembre, juste apr\u00e8s avoir quitt\u00e9 son domicile<br \/>\nparisien\u00a0\u00bb, poursuit le parquet. \u00ab\u00a0Le personnel a constat\u00e9<br \/>\nque dans sa chambre d\u2019h\u00f4tel, situ\u00e9e au 22\u00e8me \u00e9tage, le m\u00e9canisme de<br \/>\ns\u00e9curit\u00e9 anti-ouverture de la fen\u00eatre avait \u00e9t\u00e9 forc\u00e9 avec des<br \/>\nciseaux laiss\u00e9s sur place. Les enqu\u00eateurs n\u2019ont relev\u00e9 aucune trace<br \/>\nde lutte ni trace de m\u00e9dicament ou de stup\u00e9fiant\u00a0\u00bb.<\/p>\n<p>La piste du suicide privil\u00e9gi\u00e9e<\/p>\n<p>\u00ab\u00a0Le parquet de Paris a ouvert une enqu\u00eate en recherche des<br \/>\ncauses de la mort, confi\u00e9e au 1er district de police judiciaire de<br \/>\nla pr\u00e9fecture de police. Si les premi\u00e8res investigations laissent<br \/>\npenser qu\u2019il pourrait s\u2019agir d\u2019un acte d\u00e9lib\u00e9r\u00e9, sans intervention<br \/>\nd\u2019un tiers, cette enqu\u00eate a pour objectif de recueillir tout<br \/>\n\u00e9l\u00e9ment utile \u00e0 la compr\u00e9hension des faits\u00a0\u00bb, ajoute la m\u00eame<br \/>\nsource. La brigade de r\u00e9pression de la d\u00e9linquance contre la<br \/>\npersonne (BRDP) de la police judiciaire parisienne avait \u00e9t\u00e9<br \/>\ncharg\u00e9e initialement des investigations.<\/p>\n<p>Le t\u00e9l\u00e9phone de l&rsquo;ambassadeur avait \u00e9t\u00e9 localis\u00e9 pour la<br \/>\nderni\u00e8re fois dans le XVIe arrondissement, dans les alentours du<br \/>\nBois de Boulogne, d&rsquo;apr\u00e8s une source proche de l&rsquo;affaire.<\/p>\n<p>Nkosinathi Emmanuel \u00ab\u00a0Nathi\u00a0\u00bb Mthethwa est une figure politique de<br \/>\npremier plan en Afrique du Sud. Membre de l\u2019African National<br \/>\nCongress (ANC), il a longtemps exerc\u00e9 des fonctions minist\u00e9rielles.<br \/>\nDe 2008 \u00e0 2014, il a dirig\u00e9 le minist\u00e8re de la Police, avant de<br \/>\nprendre en charge les Arts et la Culture entre 2014 et 2019. Il a<br \/>\nensuite \u00e9t\u00e9 nomm\u00e9 ministre des Sports, Arts et Culture de 2019 \u00e0<br \/>\n2023. En d\u00e9but d\u2019ann\u00e9e 2024, il a \u00e9t\u00e9 d\u00e9sign\u00e9 ambassadeur d\u2019Afrique<br \/>\ndu Sud en France, tout en repr\u00e9sentant \u00e9galement son pays aupr\u00e8s de<br \/>\nl\u2019UNESCO.<\/p>\n","protected":false},"excerpt":{"rendered":"L&rsquo;ambassadeur d&rsquo;Afrique du Sud en France, Nkosinathi Emmanuel Mthethwa, a disparu ce lundi apr\u00e8s-midi, selon les informations d&rsquo;Actu17.&hellip;\n","protected":false},"author":2,"featured_media":429947,"comment_status":"","ping_status":"","sticky":false,"template":"","format":"standard","meta":{"footnotes":""},"categories":[1888],"tags":[1111,1928,11,1927,1777,674,1011,27,12,1926,626,1925,25],"class_list":{"0":"post-429946","1":"post","2":"type-post","3":"status-publish","4":"format-standard","5":"has-post-thumbnail","7":"category-paris","8":"tag-actu","9":"tag-actu-paris","10":"tag-actualites","11":"tag-actualites-paris","12":"tag-eu","13":"tag-europe","14":"tag-fr","15":"tag-france","16":"tag-news","17":"tag-news-paris","18":"tag-paris","19":"tag-paris-news","20":"tag-republique-francaise"},"share_on_mastodon":{"url":"https:\/\/pubeurope.com\/@fr\/115296314551500905","error":""},"_links":{"self":[{"href":"https:\/\/www.europesays.com\/fr\/wp-json\/wp\/v2\/posts\/429946","targetHints":{"allow":["GET"]}}],"collection":[{"href":"https:\/\/www.europesays.com\/fr\/wp-json\/wp\/v2\/posts"}],"about":[{"href":"https:\/\/www.europesays.com\/fr\/wp-json\/wp\/v2\/types\/post"}],"author":[{"embeddable":true,"href":"https:\/\/www.europesays.com\/fr\/wp-json\/wp\/v2\/users\/2"}],"replies":[{"embeddable":true,"href":"https:\/\/www.europesays.com\/fr\/wp-json\/wp\/v2\/comments?post=429946"}],"version-history":[{"count":0,"href":"https:\/\/www.europesays.com\/fr\/wp-json\/wp\/v2\/posts\/429946\/revisions"}],"wp:featuredmedia":[{"embeddable":true,"href":"https:\/\/www.europesays.com\/fr\/wp-json\/wp\/v2\/media\/429947"}],"wp:attachment":[{"href":"https:\/\/www.europesays.com\/fr\/wp-json\/wp\/v2\/media?parent=429946"}],"wp:term":[{"taxonomy":"category","embeddable":true,"href":"https:\/\/www.europesays.com\/fr\/wp-json\/wp\/v2\/categories?post=429946"},{"taxonomy":"post_tag","embeddable":true,"href":"https:\/\/www.europesays.com\/fr\/wp-json\/wp\/v2\/tags?post=429946"}],"curies":[{"name":"wp","href":"https:\/\/api.w.org\/{rel}","templated":true}]}}