{"id":429956,"date":"2025-10-01T01:32:11","date_gmt":"2025-10-01T01:32:11","guid":{"rendered":"https:\/\/www.europesays.com\/fr\/429956\/"},"modified":"2025-10-01T01:32:11","modified_gmt":"2025-10-01T01:32:11","slug":"trump-assure-etre-proche-dun-accord-a-500-millions-de-dollars-avec-harvard","status":"publish","type":"post","link":"https:\/\/www.europesays.com\/fr\/429956\/","title":{"rendered":"Trump assure \u00eatre proche d\u2019un accord \u00e0 500\u00a0millions de dollars avec Harvard"},"content":{"rendered":"<p><a href=\"https:\/\/www.20minutes.fr\/dossier\/donald_trump\" target=\"_blank\" class=\"c-link c-link--is-underlined\" rel=\"noopener\">Donald Trump<\/a> a affirm\u00e9 mardi que son administration \u00e9tait \u00ab\u00a0en train de s\u2019approcher\u00a0\u00bb d\u2019un accord avec l\u2019universit\u00e9 de <a href=\"https:\/\/www.20minutes.fr\/dossier\/harvard\" target=\"_blank\" class=\"c-link c-link--is-underlined\" rel=\"noopener\">Harvard<\/a>, devenue la cible num\u00e9ro un de sa croisade contre les \u00e9lites universitaires. Selon le pr\u00e9sident am\u00e9ricain, l\u2019\u00e9tablissement devrait verser environ 500\u00a0millions de dollars pour mettre fin au bras de fer engag\u00e9 depuis son retour \u00e0 la Maison-Blanche.<\/p>\n<p>S\u2019exprimant depuis la Maison-Blanche, Donald Trump a indiqu\u00e9 que l\u2019accord n\u2019\u00e9tait pas encore finalis\u00e9 mais qu\u2019il inclurait un r\u00f4le actif de Harvard dans la gestion d\u2019\u00e9coles de formation professionnelle. \u00ab\u00a0Vous savez, c\u2019est un gros investissement dans la formation professionnelle, r\u00e9alis\u00e9 par des gens tr\u00e8s intelligents. Et ensuite leurs p\u00e9ch\u00e9s seront pardonn\u00e9s\u00a0\u00bb, a-t-il d\u00e9clar\u00e9. Sollicit\u00e9e, l\u2019<a href=\"https:\/\/www.20minutes.fr\/dossier\/universite\" target=\"_blank\" class=\"c-link c-link--is-underlined\" rel=\"noopener\">universit\u00e9<\/a> n\u2019avait pas r\u00e9agi dans la soir\u00e9e.<\/p>\n<p>Une guerre sans rel\u00e2che contre Harvard<\/p>\n<p>Depuis janvier, le pr\u00e9sident accuse Harvard de propager l\u2019id\u00e9ologie \u00ab\u00a0woke\u00a0\u00bb, un terme qu\u2019il emploie pour d\u00e9signer de mani\u00e8re p\u00e9jorative les initiatives progressistes en faveur des minorit\u00e9s. Il reproche \u00e9galement \u00e0 l\u2019\u00e9tablissement de ne pas avoir suffisamment prot\u00e9g\u00e9 ses \u00e9tudiants juifs ou isra\u00e9liens lors de manifestations propalestiniennes sur le campus. En guise de sanction, l\u2019administration avait retir\u00e9 plus de 2,6\u00a0milliards de dollars de subventions f\u00e9d\u00e9rales.<\/p>\n<\/p>\n<p>D\u00e9but septembre, <a href=\"https:\/\/www.20minutes.fr\/monde\/etats-unis\/4171327-20250904-etats-unis-victoire-judiciaire-universite-harvard-coup-dur-trump\" target=\"_blank\" class=\"c-link c-link--is-underlined\" rel=\"noopener\">une juge de Boston avait annul\u00e9 ce gel de financements<\/a>, jugeant qu\u2019il s\u2019agissait d\u2019une atteinte \u00e0 la libert\u00e9 d\u2019expression garantie par le premier amendement. Elle avait toutefois relev\u00e9 qu\u2019\u00ab\u00a0il \u00e9tait clair, de l\u2019aveu m\u00eame de Harvard, que l\u2019universit\u00e9 a \u00e9t\u00e9 gangren\u00e9e par l\u2019antis\u00e9mitisme ces derni\u00e8res ann\u00e9es et aurait pu (et d\u00fb) mieux traiter ce probl\u00e8me\u00a0\u00bb, tout en soulignant le peu de lien entre cette question et les recherches vis\u00e9es par les coupes budg\u00e9taires. Malgr\u00e9 cette d\u00e9cision, Washington a r\u00e9cemment impos\u00e9 de nouvelles restrictions \u00e0 l\u2019universit\u00e9 pour l\u2019acc\u00e8s \u00e0 certains fonds f\u00e9d\u00e9raux.<\/p>\n<p>Columbia a d\u00e9j\u00e0 pay\u00e9 221\u00a0millions de dollars<\/p>\n<p>Harvard n\u2019est pas la seule institution vis\u00e9e par la Maison-Blanche. En juillet, Columbia a accept\u00e9 de payer 221\u00a0millions de dollars pour mettre fin aux enqu\u00eates ouvertes par le gouvernement. L\u2019universit\u00e9 de Pennsylvanie a, de son c\u00f4t\u00e9, annonc\u00e9 l\u2019interdiction faite aux femmes transgenres de participer \u00e0 ses comp\u00e9titions sportives f\u00e9minines.<\/p>\n<p><a href=\"https:\/\/www.20minutes.fr\/dossier\/harvard\" target=\"_blank\" class=\"c-link c-btn c-btn--primary\" rel=\"noopener\">Tous nos articles sur le bras de fer entre Trump et Harvard<\/a><\/p>\n<p>L\u2019accord annonc\u00e9 avec Harvard, d\u2019un montant sans pr\u00e9c\u00e9dent, marquerait une \u00e9tape d\u00e9cisive dans la campagne de Donald Trump contre les grandes universit\u00e9s am\u00e9ricaines.<\/p>\n","protected":false},"excerpt":{"rendered":"Donald Trump a affirm\u00e9 mardi que son administration \u00e9tait \u00ab\u00a0en train de s\u2019approcher\u00a0\u00bb d\u2019un accord avec l\u2019universit\u00e9 de&hellip;\n","protected":false},"author":2,"featured_media":429957,"comment_status":"","ping_status":"","sticky":false,"template":"","format":"standard","meta":{"footnotes":""},"categories":[1589],"tags":[47,11,6155,75,73,1866,666,78,74,12,1864,1865,5768,1863,308,2591],"class_list":{"0":"post-429956","1":"post","2":"type-post","3":"status-publish","4":"format-standard","5":"has-post-thumbnail","7":"category-etats-unis","8":"tag-actualite","9":"tag-actualites","10":"tag-antisemitisme","11":"tag-donald-trump","12":"tag-etats-unis","13":"tag-etats-unis-damerique","14":"tag-harvard","15":"tag-maison-blanche","16":"tag-monde","17":"tag-news","18":"tag-united-states","19":"tag-united-states-of-america","20":"tag-universite","21":"tag-us","22":"tag-usa","23":"tag-woke"},"share_on_mastodon":{"url":"https:\/\/pubeurope.com\/@fr\/115296334226004374","error":""},"_links":{"self":[{"href":"https:\/\/www.europesays.com\/fr\/wp-json\/wp\/v2\/posts\/429956","targetHints":{"allow":["GET"]}}],"collection":[{"href":"https:\/\/www.europesays.com\/fr\/wp-json\/wp\/v2\/posts"}],"about":[{"href":"https:\/\/www.europesays.com\/fr\/wp-json\/wp\/v2\/types\/post"}],"author":[{"embeddable":true,"href":"https:\/\/www.europesays.com\/fr\/wp-json\/wp\/v2\/users\/2"}],"replies":[{"embeddable":true,"href":"https:\/\/www.europesays.com\/fr\/wp-json\/wp\/v2\/comments?post=429956"}],"version-history":[{"count":0,"href":"https:\/\/www.europesays.com\/fr\/wp-json\/wp\/v2\/posts\/429956\/revisions"}],"wp:featuredmedia":[{"embeddable":true,"href":"https:\/\/www.europesays.com\/fr\/wp-json\/wp\/v2\/media\/429957"}],"wp:attachment":[{"href":"https:\/\/www.europesays.com\/fr\/wp-json\/wp\/v2\/media?parent=429956"}],"wp:term":[{"taxonomy":"category","embeddable":true,"href":"https:\/\/www.europesays.com\/fr\/wp-json\/wp\/v2\/categories?post=429956"},{"taxonomy":"post_tag","embeddable":true,"href":"https:\/\/www.europesays.com\/fr\/wp-json\/wp\/v2\/tags?post=429956"}],"curies":[{"name":"wp","href":"https:\/\/api.w.org\/{rel}","templated":true}]}}