{"id":429986,"date":"2025-10-01T01:51:25","date_gmt":"2025-10-01T01:51:25","guid":{"rendered":"https:\/\/www.europesays.com\/fr\/429986\/"},"modified":"2025-10-01T01:51:25","modified_gmt":"2025-10-01T01:51:25","slug":"veerle-hegge-lepouse-de-bart-de-wever-ete-accompagnee-de-letoile-montante-de-la-litterature-pour-ecrire-son-livre","status":"publish","type":"post","link":"https:\/\/www.europesays.com\/fr\/429986\/","title":{"rendered":"Veerle Hegge, l&rsquo;\u00e9pouse de Bart de Wever, \u00e9t\u00e9 accompagn\u00e9e de l\u00a0\u00bbEtoile montante de la litt\u00e9rature\u00a0\u00bb pour \u00e9crire son livre"},"content":{"rendered":"<p class=\"text-left ap-StoryElement ap-StoryElement--mb ap-StoryText\">La souffrance et le combat contre la maladie ont r\u00e9uni l&rsquo;Anversoise et la Brugeoise. Selon De Krant van West-Vlaanderen (KW), elles se sont rencontr\u00e9es lors de leur th\u00e9rapie \u00e0 la clinique chez les Fr\u00e8res Alexiens \u00e0 Tirlemont.<\/p>\n<p><a href=\"https:\/\/www.lalibre.be\/belgique\/societe\/2025\/09\/20\/veerle-hegge-lepouse-de-bart-de-wever-raconte-son-combat-contre-lanorexie-tu-peux-mourir-a-tout-moment-S7YF7MCFZJHP3MUVBQTHNE5QKY\/\" target=\"_blank\" rel=\"noopener noreferrer\" class=\"ap-StoryInterstitialLink ap-StoryElement ap-StoryElement--mb\">Veerle Hegge, l&rsquo;\u00e9pouse de Bart De Wever, raconte son combat contre l&rsquo;anorexie : \u00ab\u00a0Tu peux mourir \u00e0 tout moment\u00a0\u00bb<\/a><\/p>\n<p class=\"text-left ap-StoryElement ap-StoryElement--mb ap-StoryText\">Entre <a href=\"https:\/\/www.lalibre.be\/belgique\/societe\/2025\/09\/20\/merci-madame-de-wever-pour-votre-courage-ZWQGZKKNBFG7TJ7N7XPSCWOVEQ\/\" target=\"_blank\" rel=\"noopener\">Veerle <\/a>et Lies, il y a des affinit\u00e9s. Le courant passe m\u00eame tr\u00e8s bien. L&rsquo;une tire l&rsquo;autre vers le haut. Elles ont envie de se battre et de relever ensemble.<\/p>\n<p class=\"text-left ap-StoryElement ap-StoryElement--mb ap-StoryText\">Pendant des ann\u00e9es, Lies Gallez a pu cacher son <a href=\"https:\/\/www.lalibre.be\/belgique\/2023\/11\/28\/anorexie-boulimie-les-troubles-alimentaires-bientot-mieux-encadres-en-belgique-il-faut-eviter-darriver-a-lhospitalisation-H3SGCEKLHNAIVDP7OBY3RLPY7E\/\" target=\"_blank\" rel=\"noopener\">trouble<\/a>. \u00ab\u00a0J&rsquo;ai \u00e9t\u00e9 \u00e9lev\u00e9e dans un silence pesant, plus fort que tout\u00a0\u00bb, confiait la jeune femme au NRC. Son trouble \u00e9tait un sujet tabou pendant longtemps. La maladie comme une chape de plomb paralysant son corps, son esprit. En mode de survie, elle continue \u00e0 boire que du caf\u00e9. Et ne disait rien \u00e0 personne.<\/p>\n<p class=\"text-left ap-StoryElement ap-StoryElement--mb ap-StoryText\">En 2023, Lies accepte de suivre une th\u00e9rapie dans une clinique sp\u00e9cialis\u00e9e \u00e0 Tirlemont. C&rsquo;est l\u00e0 qu&rsquo;elle retrouve Veerle, lors d&rsquo;une session th\u00e9rapeutique. L&rsquo;exercice impos\u00e9, on pouvait le faire \u00e0 deux : \u00e9crire ce que l&rsquo;on ressentait en onze mots, onze petits po\u00e8mes, ni plus ni moins. Lies les lisait, elles en parlent ensemble. Les deux femmes se lient d&rsquo;amiti\u00e9. \u00c0 ce moment-l\u00e0, Lies ignorait que Veerle \u00e9tait l&rsquo;\u00e9pouse de\u2026 Bart De Wever.<\/p>\n<p><a href=\"https:\/\/www.lalibre.be\/belgique\/societe\/2025\/09\/30\/bart-de-wever-sexprime-pour-la-premiere-fois-sur-le-livre-de-son-epouse-nous-nen-sommes-pas-encore-sortis-LDFAEHXCUFE2LN4VPF3JNTTM34\/\" target=\"_blank\" rel=\"noopener noreferrer\" class=\"ap-StoryInterstitialLink ap-StoryElement ap-StoryElement--mb\">Bart De Wever s&rsquo;exprime pour la premi\u00e8re fois sur le livre de son \u00e9pouse : \u00ab\u00a0Nous n&rsquo;en sommes pas encore sortis\u00a0\u00bb<\/a><\/p>\n<p class=\"text-left ap-StoryElement ap-StoryElement--mb ap-StoryText\">C&rsquo;est <a href=\"https:\/\/www.lalibre.be\/belgique\/societe\/2025\/09\/30\/bart-de-wever-sexprime-pour-la-premiere-fois-sur-le-livre-de-son-epouse-nous-nen-sommes-pas-encore-sortis-LDFAEHXCUFE2LN4VPF3JNTTM34\/\" target=\"_self\" rel=\"noopener\">Veerle Hegge<\/a> qui appelle, des mois plus tard, son amie Lies. Sa demande, amicale, est sinc\u00e8re. Accepterais-tu d&rsquo;\u00e9crire le r\u00e9cit de ma maladie, y compris les violences sexuelles subies pendant mon enfance ?<\/p>\n<p class=\"text-left ap-StoryElement ap-StoryElement--mb ap-StoryText\">Lies Gallez accepte. La r\u00e9daction de l&rsquo;ouvrage a pris sept mois. Elle est fi\u00e8re d&rsquo;avoir pu tenir la plume pour son amie Veerle qui lui r\u00e9pond (dans le livre) : \u00ab\u00a0Merci Lies. Tu as mis des mots sur mon histoire, avec douceur et pr\u00e9cision.\u00a0\u00bb<\/p>\n<p><a href=\"https:\/\/www.lalibre.be\/lifestyle\/people\/2025\/09\/18\/lepouse-de-bart-de-wever-brise-le-silence-et-se-livre-sur-son-combat-contre-lanorexie-pour-la-premiere-fois-GVDTMZIWT5CWNJTXY3ODJRY3PE\/\" target=\"_blank\" rel=\"noopener noreferrer\" class=\"ap-StoryInterstitialLink ap-StoryElement ap-StoryElement--mb\">L&rsquo;\u00e9pouse de Bart De Wever brise le silence et se livre sur son combat contre l&rsquo;anorexie pour la premi\u00e8re fois<\/a><\/p>\n","protected":false},"excerpt":{"rendered":"La souffrance et le combat contre la maladie ont r\u00e9uni l&rsquo;Anversoise et la Brugeoise. Selon De Krant van&hellip;\n","protected":false},"author":2,"featured_media":429987,"comment_status":"","ping_status":"","sticky":false,"template":"","format":"standard","meta":{"footnotes":""},"categories":[1357],"tags":[33751,1379,58,18549,59,1011,27,1380],"class_list":{"0":"post-429986","1":"post","2":"type-post","3":"status-publish","4":"format-standard","5":"has-post-thumbnail","7":"category-livres","8":"tag-bart-de-wever","9":"tag-books","10":"tag-divertissement","11":"tag-elections-flandre","12":"tag-entertainment","13":"tag-fr","14":"tag-france","15":"tag-livres"},"share_on_mastodon":{"url":"https:\/\/pubeurope.com\/@fr\/115296409255932182","error":""},"_links":{"self":[{"href":"https:\/\/www.europesays.com\/fr\/wp-json\/wp\/v2\/posts\/429986","targetHints":{"allow":["GET"]}}],"collection":[{"href":"https:\/\/www.europesays.com\/fr\/wp-json\/wp\/v2\/posts"}],"about":[{"href":"https:\/\/www.europesays.com\/fr\/wp-json\/wp\/v2\/types\/post"}],"author":[{"embeddable":true,"href":"https:\/\/www.europesays.com\/fr\/wp-json\/wp\/v2\/users\/2"}],"replies":[{"embeddable":true,"href":"https:\/\/www.europesays.com\/fr\/wp-json\/wp\/v2\/comments?post=429986"}],"version-history":[{"count":0,"href":"https:\/\/www.europesays.com\/fr\/wp-json\/wp\/v2\/posts\/429986\/revisions"}],"wp:featuredmedia":[{"embeddable":true,"href":"https:\/\/www.europesays.com\/fr\/wp-json\/wp\/v2\/media\/429987"}],"wp:attachment":[{"href":"https:\/\/www.europesays.com\/fr\/wp-json\/wp\/v2\/media?parent=429986"}],"wp:term":[{"taxonomy":"category","embeddable":true,"href":"https:\/\/www.europesays.com\/fr\/wp-json\/wp\/v2\/categories?post=429986"},{"taxonomy":"post_tag","embeddable":true,"href":"https:\/\/www.europesays.com\/fr\/wp-json\/wp\/v2\/tags?post=429986"}],"curies":[{"name":"wp","href":"https:\/\/api.w.org\/{rel}","templated":true}]}}