{"id":429994,"date":"2025-10-01T01:55:15","date_gmt":"2025-10-01T01:55:15","guid":{"rendered":"https:\/\/www.europesays.com\/fr\/429994\/"},"modified":"2025-10-01T01:55:15","modified_gmt":"2025-10-01T01:55:15","slug":"cette-mauvaise-habitude-fragilise-vos-defenses-sans-que-vous-le-sachiez","status":"publish","type":"post","link":"https:\/\/www.europesays.com\/fr\/429994\/","title":{"rendered":"Cette mauvaise habitude fragilise vos d\u00e9fenses sans que vous le sachiez"},"content":{"rendered":"<p>Selon plusieurs \u00e9tudes r\u00e9centes, un sommeil de mauvaise qualit\u00e9 affaiblit le syst\u00e8me immunitaire, r\u00e9duisant notre capacit\u00e9 \u00e0 combattre les virus, les bact\u00e9ries, et m\u00eame \u00e0 r\u00e9pondre efficacement \u00e0 un vaccin. Une raison de plus pour ne plus n\u00e9gliger ses nuits.<\/p>\n<p>Le sommeil, une arme secr\u00e8te du syst\u00e8me immunitaire<\/p>\n<p>Longtemps per\u00e7u comme une simple pause, le sommeil est d\u00e9sormais reconnu comme un acteur central du bon fonctionnement de l\u2019organisme. Durant la nuit, le corps entre en mode r\u00e9paration\u00a0: les cellules se r\u00e9g\u00e9n\u00e8rent, les hormones se r\u00e9\u00e9quilibrent, et surtout, le syst\u00e8me immunitaire se renforce.<\/p>\n<p>Quand le sommeil est perturb\u00e9, trop court, fragment\u00e9 ou peu r\u00e9parateur, cette m\u00e9canique se d\u00e9r\u00e8gle. Des chercheurs ont observ\u00e9 que le manque de sommeil provoque une inflammation chronique et perturbe la production de certaines cytokines, ces mol\u00e9cules charg\u00e9es de coordonner les d\u00e9fenses immunitaires. R\u00e9sultat\u00a0: l\u2019organisme devient moins efficace face aux infections.<\/p>\n<p>Une <a href=\"https:\/\/academic.oup.com\/jcem\/article-abstract\/100\/3\/E416\/2839988\" target=\"_blank\" rel=\"false noopener\">\u00e9tude publi\u00e9e d\u00e9but 2025<\/a> par l\u2019American Association of Immunologists est sans appel\u00a0: 24 heures sans dormir suffisent \u00e0 modifier le comportement de nos cellules immunitaires. Les chercheurs ont constat\u00e9 que les monocytes, des globules blancs essentiels, deviennent plus actifs, imitant les r\u00e9actions observ\u00e9es chez les personnes souffrant d\u2019inflammation chronique.<\/p>\n<p>Et ces effets ne se limitent pas aux nuits blanches car les r\u00e9veils r\u00e9p\u00e9t\u00e9s, les siestes trop longues, ou un sommeil de mauvaise qualit\u00e9 peuvent eux aussi perturber durablement l\u2019\u00e9quilibre immunitaire. \u00c0 long terme, cela favorise une inflammation de bas grade, associ\u00e9e \u00e0 un risque accru de maladies cardiovasculaires, m\u00e9taboliques ou auto-immunes.<\/p>\n<p>L\u2019impact est m\u00eame mesurable car plusieurs travaux montrent que les personnes dormant moins de six heures par nuit produisent moins d\u2019anticorps apr\u00e8s une vaccination. Leur r\u00e9ponse immunitaire est affaiblie, ce qui r\u00e9duit la protection conf\u00e9r\u00e9e par le vaccin. Une donn\u00e9e cruciale alors que la pr\u00e9vention reste notre meilleure arme face aux virus saisonniers.<\/p>\n<p>Un autre constat d\u00e9montre que ceux qui dorment mal tombent plus souvent malades et r\u00e9cup\u00e8rent plus lentement. L\u2019organisme, d\u00e9j\u00e0 affaibli par le manque de sommeil, peine \u00e0 mobiliser une r\u00e9ponse efficace face aux agressions ext\u00e9rieures.<\/p>\n<p>Des effets variables selon chacun<\/p>\n<p>Attention toutefois aux raccourcis puisque tout le monde ne r\u00e9agit pas de la m\u00eame fa\u00e7on. Certaines personnes tol\u00e8rent mieux un l\u00e9ger d\u00e9ficit de sommeil, gr\u00e2ce \u00e0 des facteurs g\u00e9n\u00e9tiques ou un mode de vie \u00e9quilibr\u00e9. Mais pour la majorit\u00e9, les effets se cumulent\u00a0: fatigue chronique, stress, d\u00e9r\u00e8glement hormonal, affaiblissement immunitaire\u2026 Un cocktail explosif pour la sant\u00e9 \u00e0 long terme.<\/p>\n<p>Les scientifiques rappellent aussi que le sommeil n\u2019agit pas seul. L\u2019alimentation, l\u2019activit\u00e9 physique, la gestion du stress ou la consommation d\u2019alcool et de caf\u00e9ine influencent \u00e9galement la qualit\u00e9 du repos et la force du syst\u00e8me immunitaire.<\/p>\n<p>Rassurez-vous, c\u2019est que ces effets sont r\u00e9versibles. Quelques ajustements suffisent souvent \u00e0 retrouver un sommeil r\u00e9parateur\u00a0: \u00e9viter les \u00e9crans avant le coucher, instaurer une heure de coucher r\u00e9guli\u00e8re, maintenir une chambre fra\u00eeche et sombre, limiter les excitants, et pratiquer la relaxation ou la respiration avant de s\u2019endormir.<\/p>\n<p>Les siestes courtes peuvent aussi aider \u00e0 compenser une mauvaise nuit, sans perturber le cycle du soir. En revanche, en cas d\u2019insomnie chronique ou d\u2019apn\u00e9es du sommeil, une consultation sp\u00e9cialis\u00e9e est indispensable.<\/p>\n<p>Dormir n\u2019est donc pas une perte de temps, c\u2019est une arme de d\u00e9fense. Un sommeil de qualit\u00e9 agit comme un bouclier contre les maladies, am\u00e9liore la r\u00e9ponse vaccinale et favorise la r\u00e9cup\u00e9ration. \u00c0 l\u2019inverse, des nuits b\u00e2cl\u00e9es fragilisent l\u2019immunit\u00e9 et entretiennent un terrain inflammatoire propice aux pathologies chroniques.<\/p>\n<blockquote>\n<p class=\"text-base text-neutral-700 dark:text-neutral-300\">\ud83d\udfe3 Pour ne manquer aucune news sur le Journal du Geek, abonnez-vous sur <a href=\"https:\/\/news.google.com\/publications\/CAAqBwgKMNr_hAswwYyCAw?hl=fr&amp;gl=FR&amp;ceid=FR%3Afr\" target=\"_blank\" rel=\"noopener\">Google Actualit\u00e9s<\/a> et sur <a href=\"https:\/\/whatsapp.com\/channel\/0029VaClM5y4tRry12tb7D2h\" target=\"_blank\" rel=\"noopener\">notre WhatsApp<\/a>. Et si vous nous adorez, on a <a href=\"https:\/\/www.journaldugeek.com\/newsletter\/\" target=\"_blank\" rel=\"noopener\">une newsletter tous les matins<\/a>.<\/p>\n<\/blockquote>\n","protected":false},"excerpt":{"rendered":"Selon plusieurs \u00e9tudes r\u00e9centes, un sommeil de mauvaise qualit\u00e9 affaiblit le syst\u00e8me immunitaire, r\u00e9duisant notre capacit\u00e9 \u00e0 combattre&hellip;\n","protected":false},"author":2,"featured_media":429995,"comment_status":"","ping_status":"","sticky":false,"template":"","format":"standard","meta":{"footnotes":""},"categories":[10],"tags":[7078,1011,27,72,71,279,773,5336],"class_list":{"0":"post-429994","1":"post","2":"type-post","3":"status-publish","4":"format-standard","5":"has-post-thumbnail","7":"category-sante","8":"tag-etude","9":"tag-fr","10":"tag-france","11":"tag-health","12":"tag-sante","13":"tag-sommeil","14":"tag-vaccin","15":"tag-virus"},"share_on_mastodon":{"url":"https:\/\/pubeurope.com\/@fr\/115296424860713430","error":""},"_links":{"self":[{"href":"https:\/\/www.europesays.com\/fr\/wp-json\/wp\/v2\/posts\/429994","targetHints":{"allow":["GET"]}}],"collection":[{"href":"https:\/\/www.europesays.com\/fr\/wp-json\/wp\/v2\/posts"}],"about":[{"href":"https:\/\/www.europesays.com\/fr\/wp-json\/wp\/v2\/types\/post"}],"author":[{"embeddable":true,"href":"https:\/\/www.europesays.com\/fr\/wp-json\/wp\/v2\/users\/2"}],"replies":[{"embeddable":true,"href":"https:\/\/www.europesays.com\/fr\/wp-json\/wp\/v2\/comments?post=429994"}],"version-history":[{"count":0,"href":"https:\/\/www.europesays.com\/fr\/wp-json\/wp\/v2\/posts\/429994\/revisions"}],"wp:featuredmedia":[{"embeddable":true,"href":"https:\/\/www.europesays.com\/fr\/wp-json\/wp\/v2\/media\/429995"}],"wp:attachment":[{"href":"https:\/\/www.europesays.com\/fr\/wp-json\/wp\/v2\/media?parent=429994"}],"wp:term":[{"taxonomy":"category","embeddable":true,"href":"https:\/\/www.europesays.com\/fr\/wp-json\/wp\/v2\/categories?post=429994"},{"taxonomy":"post_tag","embeddable":true,"href":"https:\/\/www.europesays.com\/fr\/wp-json\/wp\/v2\/tags?post=429994"}],"curies":[{"name":"wp","href":"https:\/\/api.w.org\/{rel}","templated":true}]}}