{"id":429998,"date":"2025-10-01T01:57:13","date_gmt":"2025-10-01T01:57:13","guid":{"rendered":"https:\/\/www.europesays.com\/fr\/429998\/"},"modified":"2025-10-01T01:57:13","modified_gmt":"2025-10-01T01:57:13","slug":"le-producteur-et-animateur-arthur-raconte-dans-un-livre-le-malaise-des-francais-juifs-depuis-le-7-octobre","status":"publish","type":"post","link":"https:\/\/www.europesays.com\/fr\/429998\/","title":{"rendered":"le producteur et animateur Arthur raconte dans un livre le malaise des Fran\u00e7ais juifs depuis le 7 Octobre"},"content":{"rendered":"<p><strong>PORTRAIT &#8211;<\/strong> L\u2019homme de t\u00e9l\u00e9vision a \u00e9t\u00e9 marqu\u00e9 dans sa chair par les massacres de 2023. Il prend la plume pour la premi\u00e8re fois dans un livre fort et sinc\u00e8re. Une mani\u00e8re de parler au nom de ceux qui doutent de leur avenir.<\/p>\n<p class=\"fig-paragraph\">\u00ab\u00a0J\u2019ai vu dans son regard ce que j\u2019avais vu dans le regard de ceux qui, le 7\u00a0janvier 2015, \u00e9taient mont\u00e9s au premier \u00e9tage de la r\u00e9daction de\u00a0<a href=\"http:\/\/www.lefigaro.fr\/actualite-france\/charlie-hebdo-un-cinema-de-saint-ouen-annule-la-projection-d-un-documentaire-sur-le-proces-de-l-attentat-20250709\" target=\"_blank\" data-fig-type=\"Article\" rel=\"noopener\" data-gtm-custom-categorie=\"navigation\" data-gtm-custom-action=\"crossclick\" data-gtm-custom-label=\"Contextuel\" data-gtm-event=\"customEventSPE\" data-fig-domain=\"LEFIGARO\">Charlie Hebdo<\/a>.\u00a0\u00bb Une forme de sid\u00e9ration, de terreur, de profonde tristesse\u00a0: celle de ceux qui ont vu la mort et l\u2019horreur en face. Celle aussi de ceux qui se sont sentis seuls, incompris, laiss\u00e9s \u00e0 eux-m\u00eames. Voire menac\u00e9s. \u00ab\u00a0\u00catre trait\u00e9 de \u201cg\u00e9nocidaire\u201d, pour\u00a0<a href=\"http:\/\/tvmag.lefigaro.fr\/programme-tv\/actu-tele\/parfois-de-maniere-partisane-la-pique-d-arthur-sur-france-inter-qui-a-agace-benjamin-duhamel-20250930\" target=\"_blank\" data-fig-type=\"Article\" rel=\"noopener\" data-gtm-custom-categorie=\"navigation\" data-gtm-custom-action=\"crossclick\" data-gtm-custom-label=\"Contextuel\" data-gtm-event=\"customEventSPE\" data-fig-domain=\"TVMAG\">Arthur<\/a> , c\u2019est comme avoir \u00e9t\u00e9 trait\u00e9 d\u2019\u201cislamophobe\u201d, \u00e0 l\u2019\u00e9poque de Charlie\u00a0: c\u2019est nous mettre une cible dans le dos.\u00a0\u00bb<\/p>\n<p class=\"fig-paragraph\">C\u2019est Caroline Fourest qui parle. L\u2019essayiste, devenue une amie d\u2019Arthur, \u00e9voque le choc qu\u2019a provoqu\u00e9 chez celui que les Fran\u00e7ais connaissent avant tout comme un amuseur public, un homme de divertissement, le visionnage des images du massacre du 7\u00a0octobre 2023 qu\u2019il a vues, en marge du montage d\u2019un documentaire sur le macabre festival Nova. Un choc dont il ne s\u2019est pas remis. \u00ab\u00a0Le 7\u00a0Octobre, \u00e9crit-il dans son premier livre (J\u2019ai perdu un B\u00e9doin dans\u2026<\/p>\n<p class=\"fig-premium-paywall__infos\">\n        Cet article est r\u00e9serv\u00e9 aux abonn\u00e9s.        Il vous reste 87% \u00e0 d\u00e9couvrir.\n    <\/p>\n<p>                <img  data- alt=\"Le Figaro\" class=\"fig-img--complete fig-img\"\/><\/p>\n<p class=\"fig-premium-paywall__title\">Vous avez envie de lire la suite ?<\/p>\n<p class=\"fig-premium-paywall__subtitle\">D\u00e9bloquez tous les articles imm\u00e9diatement.<\/p>\n<p class=\"fig-premium-paywall__connect\">\n                D\u00e9j\u00e0 abonn\u00e9\u00a0?                <a class=\"fig-premium-paywall__connect-link\" href=\"https:\/\/connect.lefigaro.fr\/login?client=horizon_web&amp;type=main&amp;redirect_uri=https%3A%2F%2Fwww.lefigaro.fr%2Flivres%2Fcomme-un-silence-organise-le-producteur-et-animateur-arthur-raconte-dans-un-livre-le-malaise-des-francais-juifs-depuis-le-7-octobre-20250930\" data-js-gtm=\"{&quot;customCategorie&quot;: &quot;conversion&quot;, &quot;customAction&quot;: &quot;before_Landing_Connexion_paywall_auto&quot;, &quot;customLabel&quot;: &quot;bGVmaWdhcm8uZnJfXzFmMDlkNjFmLWZmMTUtNjYxYy1hMmI1LWYxNjgwNmI0MjAzZF9fQXJ0aWNsZQ==_\u00abComme un silence organis\u00e9\u00bb\u00a0: le producteur et animateur Arthur raconte dans un livre le malaise des Fran\u00e7ais juifs depuis le 7 Octobre_454&quot;, &quot;customIDSPE&quot;: &quot;bGVmaWdhcm8uZnJfXzFmMDlkNjFmLWZmMTUtNjYxYy1hMmI1LWYxNjgwNmI0MjAzZF9fQXJ0aWNsZQ==&quot;, &quot;event&quot;: &quot;customEventSPE&quot;}\" target=\"_blank\" rel=\"noopener\"><br \/>\n                    Connectez-vous<br \/>\n                <\/a>\n            <\/p>\n","protected":false},"excerpt":{"rendered":"PORTRAIT &#8211; L\u2019homme de t\u00e9l\u00e9vision a \u00e9t\u00e9 marqu\u00e9 dans sa chair par les massacres de 2023. Il prend&hellip;\n","protected":false},"author":2,"featured_media":429999,"comment_status":"","ping_status":"","sticky":false,"template":"","format":"standard","meta":{"footnotes":""},"categories":[8],"tags":[6155,14684,58,59,1011,27,2003],"class_list":{"0":"post-429998","1":"post","2":"type-post","3":"status-publish","4":"format-standard","5":"has-post-thumbnail","7":"category-divertissement","8":"tag-antisemitisme","9":"tag-arthur","10":"tag-divertissement","11":"tag-entertainment","12":"tag-fr","13":"tag-france","14":"tag-livre"},"share_on_mastodon":{"url":"https:\/\/pubeurope.com\/@fr\/115296432711174330","error":""},"_links":{"self":[{"href":"https:\/\/www.europesays.com\/fr\/wp-json\/wp\/v2\/posts\/429998","targetHints":{"allow":["GET"]}}],"collection":[{"href":"https:\/\/www.europesays.com\/fr\/wp-json\/wp\/v2\/posts"}],"about":[{"href":"https:\/\/www.europesays.com\/fr\/wp-json\/wp\/v2\/types\/post"}],"author":[{"embeddable":true,"href":"https:\/\/www.europesays.com\/fr\/wp-json\/wp\/v2\/users\/2"}],"replies":[{"embeddable":true,"href":"https:\/\/www.europesays.com\/fr\/wp-json\/wp\/v2\/comments?post=429998"}],"version-history":[{"count":0,"href":"https:\/\/www.europesays.com\/fr\/wp-json\/wp\/v2\/posts\/429998\/revisions"}],"wp:featuredmedia":[{"embeddable":true,"href":"https:\/\/www.europesays.com\/fr\/wp-json\/wp\/v2\/media\/429999"}],"wp:attachment":[{"href":"https:\/\/www.europesays.com\/fr\/wp-json\/wp\/v2\/media?parent=429998"}],"wp:term":[{"taxonomy":"category","embeddable":true,"href":"https:\/\/www.europesays.com\/fr\/wp-json\/wp\/v2\/categories?post=429998"},{"taxonomy":"post_tag","embeddable":true,"href":"https:\/\/www.europesays.com\/fr\/wp-json\/wp\/v2\/tags?post=429998"}],"curies":[{"name":"wp","href":"https:\/\/api.w.org\/{rel}","templated":true}]}}