{"id":430006,"date":"2025-10-01T02:01:14","date_gmt":"2025-10-01T02:01:14","guid":{"rendered":"https:\/\/www.europesays.com\/fr\/430006\/"},"modified":"2025-10-01T02:01:14","modified_gmt":"2025-10-01T02:01:14","slug":"larcom-saisie-apres-le-traitement-de-la-condamnation-de-nicolas-sarkozy-sur-cnews","status":"publish","type":"post","link":"https:\/\/www.europesays.com\/fr\/430006\/","title":{"rendered":"L\u2019Arcom saisie apr\u00e8s le traitement de la condamnation de Nicolas Sarkozy sur CNews"},"content":{"rendered":"<p>        <img decoding=\"async\" loading=\"lazy\" src=\"https:\/\/www.europesays.com\/fr\/wp-content\/uploads\/2025\/10\/cf7ab6d_upload-1-f8wqdw53eh0h-afp-20250928-dppi-40025074-034-v1-highres-footballfrenchchampparissgva.jpeg\"  width=\"728\" height=\"410\" alt=\"Nicolas Sarkozy, ici lors du match de Ligue 1\u00a0PSG-Auxerre, au Parc des Princes \u00e0 Paris, le 27\u00a0septembre 2025.\"\/>  <\/p>\n<p>MATTHIEU MIRVILLE \/ DPPI via AFP<\/p>\n<p>Nicolas Sarkozy, ici lors du match de Ligue 1\u00a0PSG-Auxerre, au Parc des Princes \u00e0 Paris, le 27\u00a0septembre 2025.<\/p>\n<p class=\"asset asset-text\">M\u00c9DIAS &#8211; CNews dans le viseur de l\u2019Arcom. <a href=\"https:\/\/www.huffingtonpost.fr\/faits-divers\/article\/la-defense-du-president-de-l-arcom-severement-critiquee-apres-la-mort-de-jean-pormanove_253924.html\" target=\"_blank\" rel=\"noopener\">Le r\u00e9gulateur de l\u2019audiovisuel et du num\u00e9rique<\/a> a re\u00e7u plusieurs signalements li\u00e9s au traitement par la cha\u00eene d\u2019information de <a href=\"https:\/\/www.huffingtonpost.fr\/politique\/article\/nicolas-sarkozy-s-en-prend-a-mediapart-et-a-son-faux-apres-sa-condamnation-de-quoi-s-agit-il_255337.html\" target=\"_blank\" rel=\"noopener\">la condamnation<\/a> de <a href=\"https:\/\/www.huffingtonpost.fr\/politique\/article\/a-nice-la-flagornerie-ultime-de-christian-estrosi-apres-la-condamnation-de-nicolas-sarkozy_255392.html\" target=\"_blank\" rel=\"noopener\">Nicolas Sarkozy<\/a> dans <a href=\"https:\/\/www.huffingtonpost.fr\/politique\/article\/nicolas-sarkozy-face-a-la-justice-dans-le-dossier-libyen-le-point-sur-cette-affaire-tentaculaire_255198.html\" target=\"_blank\" rel=\"noopener\">l\u2019affaire du financement libyen<\/a>, a appris l\u2019AFP ce mardi 30\u00a0septembre aupr\u00e8s de l\u2019instance.<\/p>\n<p class=\"asset asset-text\">L\u2019autorit\u00e9 de r\u00e9gulation n\u2019a pas souhait\u00e9 donner plus de pr\u00e9cisions sur le nombre de saisines, qui doivent \u00e0 pr\u00e9sent \u00eatre instruites pour d\u00e9cider des suites \u00e9ventuelles de la proc\u00e9dure.<\/p>\n<p class=\"asset asset-text\">Garante notamment de la rigueur du traitement de l\u2019information, l\u2019Arcom dispose, en cas de lancement effectif d\u2019une proc\u00e9dure, d\u2019un arsenal tr\u00e8s large de mesures allant d\u2019une lettre de rappel \u00e0 des sanctions p\u00e9cuniaires.<\/p>\n<p class=\"asset asset-text\">Sur X, le d\u00e9put\u00e9 LFI Aur\u00e9lien Saintoul a rendu publique sa lettre de saisine de l\u2019Arcom dans laquelle il accuse CNews \u00ab\u00a0de manquements graves \u00e0 ses obligations d\u2019honn\u00eatet\u00e9\u00a0\u00bb dans sa couverture de la condamnation de l\u2019ancien pr\u00e9sident pour association de malfaiteurs.<\/p>\n<p> La lecture de ce contenu est susceptible d\u2019entra\u00eener un d\u00e9p\u00f4t de cookies de la part de l\u2019op\u00e9rateur tiers qui l\u2019h\u00e9berge. Compte-tenu des choix que vous avez exprim\u00e9s en mati\u00e8re de d\u00e9p\u00f4t de cookies, nous avons bloqu\u00e9 l\u2019affichage de ce contenu. Si vous souhaitez y acc\u00e9der, vous devez accepter la cat\u00e9gorie de cookies \u201cContenus tiers\u201d en cliquant sur le bouton ci-dessous. <\/p>\n<p> Lire la Vid\u00e9o        Un bandeau \u00ab\u00a0sans nuance ni guillemets\u00a0\u00bb    <\/p>\n<p class=\"asset asset-text\">Le d\u00e9put\u00e9 s\u2019est notamment \u00e9mu d\u2019un bandeau affich\u00e9 \u00e0 l\u2019antenne le 25\u00a0septembre, quelques heures apr\u00e8s l\u2019annonce du jugement, et intitul\u00e9\u00a0: \u00ab\u00a0Nicolas Sarkozy face \u00e0 un proc\u00e8s politique\u00a0\u00bb. Une affirmation \u00ab\u00a0sans nuance ni guillemets\u00a0\u00bb qui reprend, selon Aur\u00e9lien Saintoul, \u00ab\u00a0l\u2019\u00e9l\u00e9ment de langage partisan selon lequel la justice n\u2019aurait pas \u00e9t\u00e9 impartiale avec Nicolas Sarkozy\u00a0\u00bb.<\/p>\n<p class=\"asset asset-text\">Le 25\u00a0septembre, le tribunal correctionnel de Paris a condamn\u00e9 Nicolas Sarkozy \u00e0 cinq ans de prison avec incarc\u00e9ration prochaine pour avoir \u00ab\u00a0laiss\u00e9 ses plus proches\u00a0\u00bb collaborateurs d\u00e9marcher la Libye de Mouammar Kadhafi pour financer sa campagne victorieuse de 2007.<\/p>\n<p class=\"asset asset-text\">Nicolas Sarkozy, qui a fait appel du jugement, a d\u00e9nonc\u00e9 une d\u00e9cision \u00ab\u00a0d\u2019une gravit\u00e9 extr\u00eame pour l\u2019\u00c9tat de droit\u00a0\u00bb.<\/p>\n<p class=\"asset asset-text\">Apr\u00e8s la condamnation en mars de Marine Le Pen \u00e0 quatre ans de prison dont deux ferme dans l\u2019affaire des assistants parlementaires du FN, l\u2019Arcom avait \u00e9t\u00e9 d\u00e9j\u00e0 saisie du traitement de cette d\u00e9cision sur CNews.<\/p>\n<p class=\"asset asset-text\">Dans une d\u00e9cision rendue publique mi-ao\u00fbt, l\u2019instance a estim\u00e9 que plusieurs \u00e9missions de la cha\u00eene \u00ab\u00a0tendaient \u00e0 mettre en exergue sans mesure, ni mod\u00e9ration le caract\u00e8re suppos\u00e9ment indu, voire ill\u00e9gal, de la peine d\u2019in\u00e9ligibilit\u00e9\u00a0\u00bb prononc\u00e9e contre Marine Le Pen, par ailleurs \u00ab\u00a0pr\u00e9sent\u00e9e comme la victime d\u2019un complot judiciaire\u00a0\u00bb.<\/p>\n<p class=\"asset asset-text\">L\u2019Arcom avait fermement appel\u00e9 la cha\u00eene \u00e0 faire preuve, \u00e0 l\u2019avenir, \u00ab\u00a0d\u2019une vigilance accrue\u00a0\u00bb sur le respect de ses obligations l\u00e9gales.<\/p>\n","protected":false},"excerpt":{"rendered":"MATTHIEU MIRVILLE \/ DPPI via AFP Nicolas Sarkozy, ici lors du match de Ligue 1\u00a0PSG-Auxerre, au Parc des&hellip;\n","protected":false},"author":2,"featured_media":430007,"comment_status":"","ping_status":"","sticky":false,"template":"","format":"standard","meta":{"footnotes":""},"categories":[4],"tags":[11,4690,9722,251,1011,27,500,12,3091,25,252],"class_list":{"0":"post-430006","1":"post","2":"type-post","3":"status-publish","4":"format-standard","5":"has-post-thumbnail","7":"category-france","8":"tag-actualites","9":"tag-arcom","10":"tag-cnews","11":"tag-culture","12":"tag-fr","13":"tag-france","14":"tag-medias","15":"tag-news","16":"tag-nicolas-sarkozy","17":"tag-republique-francaise","18":"tag-television"},"share_on_mastodon":{"url":"https:\/\/pubeurope.com\/@fr\/115296448461650338","error":""},"_links":{"self":[{"href":"https:\/\/www.europesays.com\/fr\/wp-json\/wp\/v2\/posts\/430006","targetHints":{"allow":["GET"]}}],"collection":[{"href":"https:\/\/www.europesays.com\/fr\/wp-json\/wp\/v2\/posts"}],"about":[{"href":"https:\/\/www.europesays.com\/fr\/wp-json\/wp\/v2\/types\/post"}],"author":[{"embeddable":true,"href":"https:\/\/www.europesays.com\/fr\/wp-json\/wp\/v2\/users\/2"}],"replies":[{"embeddable":true,"href":"https:\/\/www.europesays.com\/fr\/wp-json\/wp\/v2\/comments?post=430006"}],"version-history":[{"count":0,"href":"https:\/\/www.europesays.com\/fr\/wp-json\/wp\/v2\/posts\/430006\/revisions"}],"wp:featuredmedia":[{"embeddable":true,"href":"https:\/\/www.europesays.com\/fr\/wp-json\/wp\/v2\/media\/430007"}],"wp:attachment":[{"href":"https:\/\/www.europesays.com\/fr\/wp-json\/wp\/v2\/media?parent=430006"}],"wp:term":[{"taxonomy":"category","embeddable":true,"href":"https:\/\/www.europesays.com\/fr\/wp-json\/wp\/v2\/categories?post=430006"},{"taxonomy":"post_tag","embeddable":true,"href":"https:\/\/www.europesays.com\/fr\/wp-json\/wp\/v2\/tags?post=430006"}],"curies":[{"name":"wp","href":"https:\/\/api.w.org\/{rel}","templated":true}]}}