{"id":430022,"date":"2025-10-01T02:12:27","date_gmt":"2025-10-01T02:12:27","guid":{"rendered":"https:\/\/www.europesays.com\/fr\/430022\/"},"modified":"2025-10-01T02:12:27","modified_gmt":"2025-10-01T02:12:27","slug":"montpellier-asse-une-tres-mauvaise-nouvelle-tombe-pour-les-verts","status":"publish","type":"post","link":"https:\/\/www.europesays.com\/fr\/430022\/","title":{"rendered":"Montpellier &#8211; ASSE : une tr\u00e8s mauvaise nouvelle tombe pour les Verts"},"content":{"rendered":"<p><strong>Samedi \u00e0 Montpellier, les supporters de l\u2019ASSE ne seront pas les bienvenus.<\/strong><\/p>\n<p>\u00c0 l\u2019occasion de la neuvi\u00e8me journ\u00e9e de Ligue 2 ce samedi <a href=\"https:\/\/www.butfootballclub.fr\/620673-montpellier-asse-zoumana-camara-annonce-la-couleur-aux-verts\/\" rel=\"noreferrer noopener\" target=\"_blank\">entre Montpellier et l\u2019ASSE<\/a>, les trav\u00e9es du stade de la Mosson ne compteront aucun supporter des Verts. La d\u00e9cision \u00e9mane d\u2019un arr\u00eat\u00e9 minist\u00e9riel sign\u00e9 par le Ministre d\u00e9missionnaire de l\u2019Int\u00e9rieur, Bruno Retailleau.<\/p>\n<p>Une d\u00e9cision qui s\u2019appuie sur plusieurs arguments : usage r\u00e9p\u00e9t\u00e9 de fumig\u00e8nes par certains groupes, tensions historiques entre ultras montpelli\u00e9rains et st\u00e9phanois, et ant\u00e9c\u00e9dents d\u2019incidents aux abords des stades. Les comportements des supporters du MHSC sont \u00e9galement cit\u00e9s dans l\u2019arr\u00eat\u00e9 comme \u00e9l\u00e9ments aggravants.<\/p>\n<p>Deux matchs chauds la saison derni\u00e8re<\/p>\n<p>Le document, publi\u00e9 lundi, fixe le cadre pr\u00e9cis de la mesure : \u00ab Le samedi 4 octobre 2025 de z\u00e9ro heure \u00e0 minuit, le d\u00e9placement individuel ou collectif, par tout moyen, de toute personne se pr\u00e9valant de la qualit\u00e9 de supporter de l\u2019Association sportive de Saint-\u00c9tienne ou se comportant comme tel, est interdit entre les communes du d\u00e9partement de la Loire, d\u2019une part, et la commune de Montpellier (H\u00e9rault), d\u2019autre part. \u00bb<\/p>\n<p>On se rappelle que les deux derniers matchs entre St\u00e9phanois et Montpelli\u00e9rains \u00e9taient particuli\u00e8rement chauds la saison derni\u00e8re. Lors du match aller dans le Chaudron, une bagarre avait \u00e9clat\u00e9 entre supporters des deux clubs, et les 300\u00a0supporters du MHSC avaient \u00e9t\u00e9 renvoy\u00e9s chez eux. Au retour \u00e0 la Mosson, le match avait \u00e9t\u00e9 arr\u00eat\u00e9 d\u00e9finitivement au bout de 63 minutes, apr\u00e8s que les ultras montpelli\u00e9rains aient fait part de leur m\u00e9contentement en lan\u00e7ant sur la pelouse des fumig\u00e8nes, dont un qui a touch\u00e9 un stadier.<\/p>\n","protected":false},"excerpt":{"rendered":"Samedi \u00e0 Montpellier, les supporters de l\u2019ASSE ne seront pas les bienvenus. \u00c0 l\u2019occasion de la neuvi\u00e8me journ\u00e9e&hellip;\n","protected":false},"author":2,"featured_media":430023,"comment_status":"","ping_status":"","sticky":false,"template":"","format":"standard","meta":{"footnotes":""},"categories":[9599],"tags":[1111,11,448,1777,674,63,1011,27,66,3388,2208,12,2680,25,10662],"class_list":{"0":"post-430022","1":"post","2":"type-post","3":"status-publish","4":"format-standard","5":"has-post-thumbnail","7":"category-montpellier","8":"tag-actu","9":"tag-actualites","10":"tag-champions-league","11":"tag-eu","12":"tag-europe","13":"tag-football","14":"tag-fr","15":"tag-france","16":"tag-ligue-1","17":"tag-matchs","18":"tag-montpellier","19":"tag-news","20":"tag-occitanie","21":"tag-republique-francaise","22":"tag-transferts"},"share_on_mastodon":{"url":"https:\/\/pubeurope.com\/@fr\/115296491490866211","error":""},"_links":{"self":[{"href":"https:\/\/www.europesays.com\/fr\/wp-json\/wp\/v2\/posts\/430022","targetHints":{"allow":["GET"]}}],"collection":[{"href":"https:\/\/www.europesays.com\/fr\/wp-json\/wp\/v2\/posts"}],"about":[{"href":"https:\/\/www.europesays.com\/fr\/wp-json\/wp\/v2\/types\/post"}],"author":[{"embeddable":true,"href":"https:\/\/www.europesays.com\/fr\/wp-json\/wp\/v2\/users\/2"}],"replies":[{"embeddable":true,"href":"https:\/\/www.europesays.com\/fr\/wp-json\/wp\/v2\/comments?post=430022"}],"version-history":[{"count":0,"href":"https:\/\/www.europesays.com\/fr\/wp-json\/wp\/v2\/posts\/430022\/revisions"}],"wp:featuredmedia":[{"embeddable":true,"href":"https:\/\/www.europesays.com\/fr\/wp-json\/wp\/v2\/media\/430023"}],"wp:attachment":[{"href":"https:\/\/www.europesays.com\/fr\/wp-json\/wp\/v2\/media?parent=430022"}],"wp:term":[{"taxonomy":"category","embeddable":true,"href":"https:\/\/www.europesays.com\/fr\/wp-json\/wp\/v2\/categories?post=430022"},{"taxonomy":"post_tag","embeddable":true,"href":"https:\/\/www.europesays.com\/fr\/wp-json\/wp\/v2\/tags?post=430022"}],"curies":[{"name":"wp","href":"https:\/\/api.w.org\/{rel}","templated":true}]}}