{"id":430024,"date":"2025-10-01T02:14:47","date_gmt":"2025-10-01T02:14:47","guid":{"rendered":"https:\/\/www.europesays.com\/fr\/430024\/"},"modified":"2025-10-01T02:14:47","modified_gmt":"2025-10-01T02:14:47","slug":"spectacle-lyrique-gratuit-a-rouen","status":"publish","type":"post","link":"https:\/\/www.europesays.com\/fr\/430024\/","title":{"rendered":"Spectacle Lyrique Gratuit \u00e0 Rouen"},"content":{"rendered":"<p>La TraviataGiuseppe Verdi<\/p>\n<p>Quand la passion et le destin s\u2019invitent sur sc\u00e8ne.<\/p>\n<p>Cr\u00e9\u00e9e en 1853, <strong>La Traviata de Giuseppe Verdi raconte l\u2019histoire bouleversante de Violetta<\/strong>, une courtisane partag\u00e9e entre l\u2019amour sinc\u00e8re et le poids des conventions sociales. Inspir\u00e9e d\u2019un roman d\u2019Alexandre Dumas fils, l\u2019\u0153uvre se distingue par son r\u00e9alisme inhabituel \u00e0 l\u2019\u00e9poque : au lieu d\u2019h\u00e9ros lointains ou mythologiques, Verdi met en sc\u00e8ne des personnages humains, fragiles et proches du public. Ce m\u00e9lange d\u2019intimit\u00e9 et de passion fait de La Traviata une \u0153uvre universelle, qui touche encore aujourd\u2019hui par son intensit\u00e9 \u00e9motionnelle.<\/p>\n<p>Malgr\u00e9 un accueil difficile lors de sa cr\u00e9ation, <strong>La Traviata s\u2019est impos\u00e9e comme l\u2019un des piliers du r\u00e9pertoire lyrique mondial<\/strong>. Elle s\u00e9duit par la force de sa musique, l\u2019intensit\u00e9 de ses airs et la sinc\u00e9rit\u00e9 de son drame. Des interpr\u00e8tes l\u00e9gendaires comme Maria Callas ou Renata Scotto, puis plus r\u00e9cemment Anna Netrebko ou Lisette Oropesa, ont contribu\u00e9 \u00e0 sa renomm\u00e9e. Faisant partie de la \u00ab trilogie populaire \u00bb avec Rigoletto et Il trovatore, cet op\u00e9ra est aujourd\u2019hui l\u2019un des plus jou\u00e9s car il combine virtuosit\u00e9 vocale, \u00e9motion et accessibilit\u00e9.<\/p>\n","protected":false},"excerpt":{"rendered":"La TraviataGiuseppe Verdi Quand la passion et le destin s\u2019invitent sur sc\u00e8ne. Cr\u00e9\u00e9e en 1853, La Traviata de&hellip;\n","protected":false},"author":2,"featured_media":430025,"comment_status":"","ping_status":"","sticky":false,"template":"","format":"standard","meta":{"footnotes":""},"categories":[9587],"tags":[1111,11,1777,674,1011,27,12,5161,25,9590],"class_list":{"0":"post-430024","1":"post","2":"type-post","3":"status-publish","4":"format-standard","5":"has-post-thumbnail","7":"category-rouen","8":"tag-actu","9":"tag-actualites","10":"tag-eu","11":"tag-europe","12":"tag-fr","13":"tag-france","14":"tag-news","15":"tag-normandie","16":"tag-republique-francaise","17":"tag-rouen"},"share_on_mastodon":{"url":"https:\/\/pubeurope.com\/@fr\/115296499576426543","error":""},"_links":{"self":[{"href":"https:\/\/www.europesays.com\/fr\/wp-json\/wp\/v2\/posts\/430024","targetHints":{"allow":["GET"]}}],"collection":[{"href":"https:\/\/www.europesays.com\/fr\/wp-json\/wp\/v2\/posts"}],"about":[{"href":"https:\/\/www.europesays.com\/fr\/wp-json\/wp\/v2\/types\/post"}],"author":[{"embeddable":true,"href":"https:\/\/www.europesays.com\/fr\/wp-json\/wp\/v2\/users\/2"}],"replies":[{"embeddable":true,"href":"https:\/\/www.europesays.com\/fr\/wp-json\/wp\/v2\/comments?post=430024"}],"version-history":[{"count":0,"href":"https:\/\/www.europesays.com\/fr\/wp-json\/wp\/v2\/posts\/430024\/revisions"}],"wp:featuredmedia":[{"embeddable":true,"href":"https:\/\/www.europesays.com\/fr\/wp-json\/wp\/v2\/media\/430025"}],"wp:attachment":[{"href":"https:\/\/www.europesays.com\/fr\/wp-json\/wp\/v2\/media?parent=430024"}],"wp:term":[{"taxonomy":"category","embeddable":true,"href":"https:\/\/www.europesays.com\/fr\/wp-json\/wp\/v2\/categories?post=430024"},{"taxonomy":"post_tag","embeddable":true,"href":"https:\/\/www.europesays.com\/fr\/wp-json\/wp\/v2\/tags?post=430024"}],"curies":[{"name":"wp","href":"https:\/\/api.w.org\/{rel}","templated":true}]}}