{"id":430026,"date":"2025-10-01T02:15:36","date_gmt":"2025-10-01T02:15:36","guid":{"rendered":"https:\/\/www.europesays.com\/fr\/430026\/"},"modified":"2025-10-01T02:15:36","modified_gmt":"2025-10-01T02:15:36","slug":"financement-le-president-du-jury-du-prochain-iventure-devoile","status":"publish","type":"post","link":"https:\/\/www.europesays.com\/fr\/430026\/","title":{"rendered":"Financement. Le pr\u00e9sident du jury du prochain iVenture d\u00e9voil\u00e9"},"content":{"rendered":"<p>  &#13;<br \/>\n      <a href=\"https:\/\/cdn-s-www.ledauphine.com\/images\/426606cf-b6e6-4cb0-a117-8e941c0afdea\/NW_raw\/photo-fournie-1759144785.jpg\" title=\"Photo fournie\" class=\"chocolat-image GA-tracking\" data-ga_type=\"click\" data-ga_category=\"D\u00e9tail\" data-ga_action=\"zoomer\" data-ga_label=\"agrandir image\" target=\"_blank\" rel=\"noopener\">&#13;<br \/>\n          <img loading=\"lazy\" decoding=\"async\" src=\"https:\/\/www.europesays.com\/fr\/wp-content\/uploads\/2025\/10\/photo-fournie-1759144785.jpg\" data-mobile=\"NW_listC_M|1759144785\" data-base=\"NW_listC|1759144785\" alt=\"Photo fournie\"\/>&#13;<br \/>\n      <\/a>&#13;<br \/>\n              Photo fournie&#13;<\/p>\n<p>Depuis plus de 25 ans, <a href=\"https:\/\/www.ledauphine.com\/paroles-de-partenaires\/2024\/12\/17\/iventure-connecter-start-up-et-investisseurs\" target=\"_blank\" rel=\"noopener\">l&rsquo;\u00e9v\u00e8nement m\u00e9tropolitain iVenture <\/a>met en relation start-up du sillon alpin et investisseurs nationaux et internationaux. <\/p>\n<p>Port\u00e9 par Grenoble Alpes M\u00e9tropole et ses partenaires, le iVenture se tiendra\u00a0cette ann\u00e9e encore sur\u00a0tech&amp;fest, au sein du iForum les 4\u00a0et 5 f\u00e9vrier 2026 \u00e0\u00a0Alpexpo. <\/p>\n<p>Apr\u00e8s Mathieu Villard, general partner d\u2019Axeleo Capital, l&rsquo;an dernier, c&rsquo;est\u00a0Julien Cristiani le pr\u00e9sident du jury iVenture 2026.<br \/>\u00a0Julien Cristiani\u00a0est associ\u00e9 chez SE Ventures (fonds soutenu par Schneider Electric, dot\u00e9 d&rsquo;un milliard d&rsquo;euros sous gestion). C&rsquo;est un ancien associ\u00e9 chez Supernova Invest (joint-venture entre le CEA et le Cr\u00e9dit agricole) et co-directeur du corporate venture ALIAD de Air Liquide.<br \/>Depuis 2018, SE Ventures a investi dans plus de 40 start-up financ\u00e9es dont <a href=\"https:\/\/www.ledauphine.com\/economie\/2024\/10\/30\/deux-nouveaux-actionnaires-pour-le-fabricant-de-batteries-verkor-axai\" target=\"_blank\" rel=\"noopener\">Verkor<\/a>, Scandit, Makersite ou <a href=\"https:\/\/www.ledauphine.com\/economie\/2025\/07\/17\/stellaria-leve-23-m-pour-accelerer-le-developpement-de-son-reacteur-nucleaire-a-combustibles-renouvelables\" target=\"_blank\" rel=\"noopener\">Stellaria<\/a>.<\/p>\n","protected":false},"excerpt":{"rendered":"&#13; &#13; &#13; &#13; Photo fournie&#13; Depuis plus de 25 ans, l&rsquo;\u00e9v\u00e8nement m\u00e9tropolitain iVenture met en relation start-up&hellip;\n","protected":false},"author":2,"featured_media":430027,"comment_status":"","ping_status":"","sticky":false,"template":"","format":"standard","meta":{"footnotes":""},"categories":[9566],"tags":[1111,11,2430,9810,112,1777,674,1011,27,2731,2732,108,12,25,20932,216],"class_list":{"0":"post-430026","1":"post","2":"type-post","3":"status-publish","4":"format-standard","5":"has-post-thumbnail","7":"category-grenoble","8":"tag-actu","9":"tag-actualites","10":"tag-auvergne-rhone-alpes","11":"tag-direct-entreprises","12":"tag-edition-grenoble-agglomeration","13":"tag-eu","14":"tag-europe","15":"tag-fr","16":"tag-france","17":"tag-grenoble","18":"tag-grenoble-bassin","19":"tag-isere","20":"tag-news","21":"tag-republique-francaise","22":"tag-tech-and-fest","23":"tag-vie-des-entreprises"},"share_on_mastodon":{"url":"https:\/\/pubeurope.com\/@fr\/115296504084818183","error":""},"_links":{"self":[{"href":"https:\/\/www.europesays.com\/fr\/wp-json\/wp\/v2\/posts\/430026","targetHints":{"allow":["GET"]}}],"collection":[{"href":"https:\/\/www.europesays.com\/fr\/wp-json\/wp\/v2\/posts"}],"about":[{"href":"https:\/\/www.europesays.com\/fr\/wp-json\/wp\/v2\/types\/post"}],"author":[{"embeddable":true,"href":"https:\/\/www.europesays.com\/fr\/wp-json\/wp\/v2\/users\/2"}],"replies":[{"embeddable":true,"href":"https:\/\/www.europesays.com\/fr\/wp-json\/wp\/v2\/comments?post=430026"}],"version-history":[{"count":0,"href":"https:\/\/www.europesays.com\/fr\/wp-json\/wp\/v2\/posts\/430026\/revisions"}],"wp:featuredmedia":[{"embeddable":true,"href":"https:\/\/www.europesays.com\/fr\/wp-json\/wp\/v2\/media\/430027"}],"wp:attachment":[{"href":"https:\/\/www.europesays.com\/fr\/wp-json\/wp\/v2\/media?parent=430026"}],"wp:term":[{"taxonomy":"category","embeddable":true,"href":"https:\/\/www.europesays.com\/fr\/wp-json\/wp\/v2\/categories?post=430026"},{"taxonomy":"post_tag","embeddable":true,"href":"https:\/\/www.europesays.com\/fr\/wp-json\/wp\/v2\/tags?post=430026"}],"curies":[{"name":"wp","href":"https:\/\/api.w.org\/{rel}","templated":true}]}}