{"id":430035,"date":"2025-10-01T02:20:18","date_gmt":"2025-10-01T02:20:18","guid":{"rendered":"https:\/\/www.europesays.com\/fr\/430035\/"},"modified":"2025-10-01T02:20:18","modified_gmt":"2025-10-01T02:20:18","slug":"un-nouveau-cure-a-brumath","status":"publish","type":"post","link":"https:\/\/www.europesays.com\/fr\/430035\/","title":{"rendered":"Un nouveau cur\u00e9 \u00e0 Brumath"},"content":{"rendered":"<p style=\"font-weight: 400\">Fabrice Rebel est nomm\u00e9 cur\u00e9 de la communaut\u00e9 de paroisses du pays de Brumath. La messe d\u2019installation aura lieu ce dimanche 5 octobre \u00e0 15h \u00e0 l\u2019\u00e9glise St Nazaire et Celse \u00e0 Brumath.<\/p>\n<p><img fetchpriority=\"high\" decoding=\"async\" class=\"size-medium wp-image-463121\" src=\"data:image\/svg+xml,%3Csvg%20xmlns=\" http:=\"\" data-watermark=\"\u00a92025 Jean Thomas\" alt=\"\" width=\"300\" height=\"200\" data-lazy- data-lazy- data-lazy-src=\"https:\/\/www.europesays.com\/fr\/wp-content\/uploads\/2025\/10\/dh-20250918-brumath-fabrice-rebel-philippe-burgy-3-300x200.jpeg\"\/>Fabrice Rebel succ\u00e8de \u00e0 Philippe Burgy<\/p>\n<p style=\"font-weight: 400\">Philippe Burgy y \u00e9tait cur\u00e9 depuis 2018, tout en \u00e9tant vicaire \u00e9piscopal. Lors de sa messe de d\u00e9part du 21 septembre, il annonce aux paroissiens\u00a0: \u00ab\u00a0D\u00e9sormais, je vais devenir cur\u00e9 autour de l\u2019Euroairport, des communaut\u00e9s de paroisses \u00ab Portes de France \u00bb (4 paroisses de Saint Louis) et \u00ab Terre d\u2019Envol \u00bb (Blotzheim et les 4 villages alentours) et je serai aussi au service de la formation dans le dioc\u00e8se.\u00a0\u00bb<\/p>\n<p style=\"font-weight: 400\">Fabrice Rebel, quant \u00e0 lui a emm\u00e9nag\u00e9 dans le presbyt\u00e8re de Brumath, ce lundi. Ordonn\u00e9 pr\u00eatre le 7 juin 2009 \u00e0 la cath\u00e9drale de Strasbourg, Mgr Pascal Delannoy l\u2019a envoy\u00e9 \u00e0 Brumath pour une nouvelle mission. Fabrice Rebel est n\u00e9 \u00e0 Saverne il y a 47 ans. Il grandit dans une famille chr\u00e9tienne \u00e0 Waltembourg, pr\u00e8s de Phalsbourg. Il pr\u00e9cise\u00a0: \u00ab\u00a0Dans ma famille, la croix, l\u2019amour et la pri\u00e8re \u00e9taient pr\u00e9sents. J\u2019ai 2 grands fr\u00e8res, 6 neveux et ni\u00e8ces. J\u2019ai beaucoup re\u00e7u de la bont\u00e9 de mes parents, ainsi que de celle de ma paroisse de bapt\u00eame, Saint Jean-Baptiste de Kourtzerode. J\u2019y ai appris \u00e0 conna\u00eetre J\u00e9sus-Christ, \u00e0 l\u2019aimer et \u00e0 m\u2019attacher \u00e0 Lui.\u00a0\u00bb Ses parents sont aujourd\u2019hui d\u00e9c\u00e9d\u00e9s.<\/p>\n<p style=\"font-weight: 400\">Ses \u00e9tudes l\u2019emm\u00e8nent d\u2019abord \u00e0 Orl\u00e9ans o\u00f9 il sera technicien qualit\u00e9 dans une grande entreprise. Il revient \u00e0 Strasbourg o\u00f9 il occupera un poste \u00e9quivalent. A l\u2019\u00e2ge de 24 ans, alors qu\u2019il travaille comme technicien qualit\u00e9, il entend la pr\u00e9dication de Jean-Paul 2 retransmise en direct des JMJ (Journ\u00e9es Mondiales de la Jeunesse) de Toronto.<\/p>\n<blockquote>\n<p style=\"font-weight: 400\">A la suite de cela, le Seigneur changea ma vie car, pour la premi\u00e8re fois, j\u2019ai eu un d\u00e9sir ardent de renoncer \u00e0 mes projets pour lui donner ma vie. Je d\u00e9cidai alors de r\u00e9pondre \u00e0 son appel\u2026 D\u2019abord, je suis entr\u00e9e au Grand S\u00e9minaire de Strasbourg voulant lui montrer ma disponibilit\u00e9 et ma confiance. Ensuite, j\u2019ai trouv\u00e9, \u00e9tape apr\u00e8s \u00e9tape, la confirmation de son appel \u00e0 le suivre comme pr\u00eatre dioc\u00e9sain en Alsace.<\/p>\n<\/blockquote>\n<p style=\"font-weight: 400\">\u00a0\u00a0\u00a0\u00a0\u00a0\u00a0\u00a0\u00a0\u00a0\u00a0\u00a0 Apr\u00e8s 7 ans de S\u00e9minaire et de Facult\u00e9, Il passe\u00a0en 16 ans par les paroisses de St Martin Colmar ( comme diacre), par Saverne, Cronenbourg, Fegersheim, le Burkina Faso, St Maurice et St Bernard de Strasbourg, Il en est \u00e0 son 8\u00e8med\u00e9m\u00e9nagement et esp\u00e8re bien passer un peu plus de 2 ans dans sa nouvelle communaut\u00e9 de paroisses.<\/p>\n<p style=\"font-weight: 400\">Il s\u2019int\u00e9resse \u00e0 la nouvelle \u00e9vang\u00e9lisation. Ainsi depuis 14 ans, il chemine dans une communaut\u00e9 missionnaire\u00a0: le chemin n\u00e9ocat\u00e9chum\u00e9nal. Il aime et rejoint la communaut\u00e9 \u00e0 Cronembourg 2 \u00e0 3 fois par semaine.<\/p>\n<p style=\"font-weight: 400\">Dimanche, Christian Kamenisch, vicaire \u00e9piscopal, au nom de l\u2019archev\u00eaque de Strasbourg installera le p\u00e8re Rebel dans sa fonction de cur\u00e9 de la communaut\u00e9 de paroisses du pays de Brumath. Fabrice Rebel a d\u00e9j\u00e0 travaill\u00e9 avec l\u2019\u00e9quipe d\u2019animation pastorale de la communaut\u00e9 de paroisses qui compte 12 villages. \u00ab\u00a0Pour nous aider \u00e0 nous accueillir r\u00e9ciproquement, nous nous sommes pr\u00e9sent\u00e9s les uns aux autres\u00a0\u00bb.<\/p>\n<p><img loading=\"lazy\" decoding=\"async\" class=\"alignright size-full wp-image-463123\" src=\"data:image\/svg+xml,%3Csvg%20xmlns=\" http:=\"\" data-watermark=\"\u00a92025 Jean THOMAS\" alt=\"\" width=\"1280\" height=\"885\" data-lazy- data-lazy- data-lazy-src=\"https:\/\/www.europesays.com\/fr\/wp-content\/uploads\/2025\/10\/dh-20250918-brumath-fabrice-rebel-philippe-burgy-13.jpeg\"\/><\/p>\n","protected":false},"excerpt":{"rendered":"Fabrice Rebel est nomm\u00e9 cur\u00e9 de la communaut\u00e9 de paroisses du pays de Brumath. La messe d\u2019installation aura&hellip;\n","protected":false},"author":2,"featured_media":430036,"comment_status":"","ping_status":"","sticky":false,"template":"","format":"standard","meta":{"footnotes":""},"categories":[2820],"tags":[1111,11,7768,55834,1777,674,55835,1011,27,775,12,55836,25,640],"class_list":{"0":"post-430035","1":"post","2":"type-post","3":"status-publish","4":"format-standard","5":"has-post-thumbnail","7":"category-strasbourg","8":"tag-actu","9":"tag-actualites","10":"tag-brumath","11":"tag-doyenne-de-haguenau","12":"tag-eu","13":"tag-europe","14":"tag-fabrice-rebel","15":"tag-fr","16":"tag-france","17":"tag-grand-est","18":"tag-news","19":"tag-philippe-burgy","20":"tag-republique-francaise","21":"tag-strasbourg"},"share_on_mastodon":{"url":"https:\/\/pubeurope.com\/@fr\/115296523066437151","error":""},"_links":{"self":[{"href":"https:\/\/www.europesays.com\/fr\/wp-json\/wp\/v2\/posts\/430035","targetHints":{"allow":["GET"]}}],"collection":[{"href":"https:\/\/www.europesays.com\/fr\/wp-json\/wp\/v2\/posts"}],"about":[{"href":"https:\/\/www.europesays.com\/fr\/wp-json\/wp\/v2\/types\/post"}],"author":[{"embeddable":true,"href":"https:\/\/www.europesays.com\/fr\/wp-json\/wp\/v2\/users\/2"}],"replies":[{"embeddable":true,"href":"https:\/\/www.europesays.com\/fr\/wp-json\/wp\/v2\/comments?post=430035"}],"version-history":[{"count":0,"href":"https:\/\/www.europesays.com\/fr\/wp-json\/wp\/v2\/posts\/430035\/revisions"}],"wp:featuredmedia":[{"embeddable":true,"href":"https:\/\/www.europesays.com\/fr\/wp-json\/wp\/v2\/media\/430036"}],"wp:attachment":[{"href":"https:\/\/www.europesays.com\/fr\/wp-json\/wp\/v2\/media?parent=430035"}],"wp:term":[{"taxonomy":"category","embeddable":true,"href":"https:\/\/www.europesays.com\/fr\/wp-json\/wp\/v2\/categories?post=430035"},{"taxonomy":"post_tag","embeddable":true,"href":"https:\/\/www.europesays.com\/fr\/wp-json\/wp\/v2\/tags?post=430035"}],"curies":[{"name":"wp","href":"https:\/\/api.w.org\/{rel}","templated":true}]}}