{"id":430041,"date":"2025-10-01T02:23:24","date_gmt":"2025-10-01T02:23:24","guid":{"rendered":"https:\/\/www.europesays.com\/fr\/430041\/"},"modified":"2025-10-01T02:23:24","modified_gmt":"2025-10-01T02:23:24","slug":"a-la-recherche-deleves-du-professeur-narcejac-romancier-et-prof-de-lettres","status":"publish","type":"post","link":"https:\/\/www.europesays.com\/fr\/430041\/","title":{"rendered":"\u00c0 la recherche d\u2019\u00e9l\u00e8ves du professeur Narcejac, romancier et prof de lettres"},"content":{"rendered":"<p>Les ann\u00e9es et la passion de la litt\u00e9rature demeure, voire augmentent. \u00c0 84\u00a0printemps, le Nantais Bernard Allaire, qui vit dans le quartier Viarme, d\u00e9ploie \u00e0 nouveau toute son \u00e9nergie pour faire conna\u00eetre et perp\u00e9tuer la m\u00e9moire de Thomas Narcejac, qui fut avec Boileau (1), un des plus prolifiques auteurs de romans policiers.<\/p>\n<p>\u00ab\u00a0Nous \u00e9tions tous assidus, ce professeur \u00e9tait marrant, g\u00e9n\u00e9reux\u00a0\u00bb<\/p>\n<p>Ce cr\u00e9ateur du club du suspense s\u2019est donn\u00e9 un nouveau d\u00e9fi\u00a0: retrouver des \u00e9l\u00e8ves de 5e et de 6e qui ont eu Pierre Ayraud comme professeur de lettres au lyc\u00e9e Clemenceau (2) entre\u00a01945 et\u00a01968. Bernard Allaire, qui se dit \u00ab\u00a0disciple et h\u00e9ritier\u00a0\u00bb raconte avoir d\u00e9couvert la double facette du prof alors qu\u2019il \u00e9tait en 6e au d\u00e9but des ann\u00e9es 1950 en lisant \u00ab\u00a0La R\u00e9sistance de l\u2019Ouest\u00a0\u00bb, anc\u00eatre de \u00ab\u00a0Presse Oc\u00e9an\u00a0\u00bb. \u00a0Nous sommes tomb\u00e9s des nus\u00a0! En p\u00e9dagogie, on ne pouvait r\u00eaver mieux que lui\u00a0\u00bb, se souvient-il. <strong> \u00a0Il nous faisait apprendre la grammaire latine comme on passe un permis de conduire. Nous \u00e9tions tous assidus. Il \u00e9tait marrant, g\u00e9n\u00e9reux et mettait en place des jeux de soci\u00e9t\u00e9 pour nous faire apprendre. Je me rappelle de la r\u00e9action d\u2019un professeur quand nous sommes arriv\u00e9s en 4e\u00a0:\u2019\u2019Ah, vous, vous \u00e9tiez en cours chez Monsieur Ayraud\u00a0!\u2019\u2019 C\u2019\u00e9tait une fa\u00e7on de dire que notre niveau \u00e9tait plus \u00e9lev\u00e9 que la moyenne.<\/strong> On lui doit aussi la cr\u00e9ation d\u2019un cin\u00e9-club \u00e0 Clemenceau dans le local sous la chapelle. Il n\u2019existe plus de nos jours mais le nom de Narcejac a \u00e9t\u00e9 donn\u00e9 \u00e0 l\u2019amphith\u00e9\u00e2tre\u00a0\u00bb.<\/p>\n<p>Collection Quarto<\/p>\n<p>Apr\u00e8s avoir \u0153uvr\u00e9 en compagnie d\u2019Annette Chaton et de Jacqueline Morel, les deux filles de Pierre Ayraud, \u00e0 la cr\u00e9ation d\u2019une rue Narcejac (sur l\u2019\u00eele de Nantes, inaugur\u00e9e en 2012), l\u2019id\u00e9e de retrouvailles \u00e0 Clemenceau et pourquoi pas d\u2019\u00e9v\u00e9nements (lectures, conf\u00e9rences, projections de films) autour de l\u2019\u00e9crivain a pris forme. \u00a0Les \u00e9ditions Gallimard ont sorti en 2025 dans leur collection Quarto un livre de 1280 pages\u2019\u2019Boileau Narcejac, du roman \u00e0 l\u2019\u00e9cran\u2019\u2019  (3), explique Bernard Allaire. <strong> \u00a0Je leur ai fourni plusieurs documents, dont des extraits de journaux rares et six planches d\u2019une bande dessin\u00e9e inachev\u00e9e sign\u00e9e Bernard Alleix<\/strong>.\u00a0\u00bb La sortie de ce nouvel ouvrage a ainsi d\u00e9clench\u00e9 cette envie de retrouver d\u2019anciens camarades de classe qui l\u2019avaient pour professeur. \u00a0J\u2019en connais au moins un, Patrick Couton, le musicien nantais et traducteur mais j\u2019aimerais collecter d\u2019autres t\u00e9moignages vivants\u00a0, dit encore Bernard Allaire. Avis aux anciens \u00e9l\u00e8ves\u00a0!<\/p>\n<p>(1) Sous le nom de plume \u00ab\u00a0Boileau Narcejac\u00a0\u00bb, ils ont sign\u00e9 des dizaines de romans policiers, dont certains ont \u00e9t\u00e9 adapt\u00e9s par Hitchcock (Vertigo tir\u00e9 de D\u2019entre les morts) et Georges Clouzot (Les Diaboliques tir\u00e9s de Celle qui n\u2019\u00e9tait plus)<\/p>\n<p>(2) Son contact\u00a0: Allaire.bernard@yahoo.fr (06\u00a060\u00a069\u00a039\u00a045)<\/p>\n<p>(3) Boileau Narcejac, du roman \u00e0 l\u2019\u00e9cran. Quarto. Gallimard..<\/p>\n<p>Lire aussi\u00a0: <a href=\"https:\/\/nantes.maville.com\/actu\/actudet_-nantes.-son-livret-s-adresse-a-un-choregraphe-inconnu-_52716-4996349_actu.Htm\" target=\"_parent\" rel=\"noopener\">https:\/\/nantes.maville.com\/actu\/actudet_-nantes.-son-livret-s-adresse-a-un-choregraphe-inconnu-_52716-4996349_actu.Htm<\/a><\/p>\n<p>\u00a0<\/p>\n","protected":false},"excerpt":{"rendered":"Les ann\u00e9es et la passion de la litt\u00e9rature demeure, voire augmentent. \u00c0 84\u00a0printemps, le Nantais Bernard Allaire, qui&hellip;\n","protected":false},"author":2,"featured_media":430042,"comment_status":"","ping_status":"","sticky":false,"template":"","format":"standard","meta":{"footnotes":""},"categories":[2818],"tags":[1111,11,1121,1777,674,1011,27,31087,766,55837,12,2636,17224,1127,959,25,55838],"class_list":{"0":"post-430041","1":"post","2":"type-post","3":"status-publish","4":"format-standard","5":"has-post-thumbnail","7":"category-nantes","8":"tag-actu","9":"tag-actualites","10":"tag-eleves","11":"tag-eu","12":"tag-europe","13":"tag-fr","14":"tag-france","15":"tag-lettres","16":"tag-nantes","17":"tag-narcejac","18":"tag-news","19":"tag-pays-de-la-loire","20":"tag-prof","21":"tag-professeur","22":"tag-recherche","23":"tag-republique-francaise","24":"tag-romancier"},"share_on_mastodon":{"url":"https:\/\/pubeurope.com\/@fr\/115296534862371125","error":""},"_links":{"self":[{"href":"https:\/\/www.europesays.com\/fr\/wp-json\/wp\/v2\/posts\/430041","targetHints":{"allow":["GET"]}}],"collection":[{"href":"https:\/\/www.europesays.com\/fr\/wp-json\/wp\/v2\/posts"}],"about":[{"href":"https:\/\/www.europesays.com\/fr\/wp-json\/wp\/v2\/types\/post"}],"author":[{"embeddable":true,"href":"https:\/\/www.europesays.com\/fr\/wp-json\/wp\/v2\/users\/2"}],"replies":[{"embeddable":true,"href":"https:\/\/www.europesays.com\/fr\/wp-json\/wp\/v2\/comments?post=430041"}],"version-history":[{"count":0,"href":"https:\/\/www.europesays.com\/fr\/wp-json\/wp\/v2\/posts\/430041\/revisions"}],"wp:featuredmedia":[{"embeddable":true,"href":"https:\/\/www.europesays.com\/fr\/wp-json\/wp\/v2\/media\/430042"}],"wp:attachment":[{"href":"https:\/\/www.europesays.com\/fr\/wp-json\/wp\/v2\/media?parent=430041"}],"wp:term":[{"taxonomy":"category","embeddable":true,"href":"https:\/\/www.europesays.com\/fr\/wp-json\/wp\/v2\/categories?post=430041"},{"taxonomy":"post_tag","embeddable":true,"href":"https:\/\/www.europesays.com\/fr\/wp-json\/wp\/v2\/tags?post=430041"}],"curies":[{"name":"wp","href":"https:\/\/api.w.org\/{rel}","templated":true}]}}