{"id":430043,"date":"2025-10-01T02:24:30","date_gmt":"2025-10-01T02:24:30","guid":{"rendered":"https:\/\/www.europesays.com\/fr\/430043\/"},"modified":"2025-10-01T02:24:30","modified_gmt":"2025-10-01T02:24:30","slug":"a11-fermeture-nantes-4","status":"publish","type":"post","link":"https:\/\/www.europesays.com\/fr\/430043\/","title":{"rendered":"A11 Fermeture Nantes"},"content":{"rendered":"<ol class=\"breadcrumb\" itemscope=\"\" itemtype=\"https:\/\/schema.org\/BreadcrumbList\">\n<li itemprop=\"itemListElement\" itemscope=\"\" itemtype=\"https:\/\/schema.org\/ListItem\">\n                    <a itemprop=\"item\" href=\"https:\/\/radio.vinci-autoroutes.com\/\" target=\"_blank\" rel=\"noopener\"><br \/>\n                        Accueil<br \/>\n                    <\/a><\/p>\n<\/li>\n<li itemprop=\"itemListElement\" itemscope=\"\" itemtype=\"https:\/\/schema.org\/ListItem\">\n                        <a itemprop=\"item\" href=\"https:\/\/radio.vinci-autoroutes.com\/rubrique\/infotrafic\" target=\"_blank\" rel=\"noopener\"><br \/>\n                            Actu trafic<br \/>\n                        <\/a><\/p>\n<\/li>\n<li itemprop=\"itemListElement\" itemscope=\"\" itemtype=\"https:\/\/schema.org\/ListItem\">\n                        <a itemprop=\"item\" href=\"https:\/\/radio.vinci-autoroutes.com\/rubrique\/travaux\" target=\"_blank\" rel=\"noopener\"><br \/>\n                            Travaux<br \/>\n                        <\/a><\/p>\n<\/li>\n<\/ol>\n<p class=\"article-chapeau\" itemprop=\"description\">Dans les Pays de la Loire, les nuits du mercredi 01 au vendredi 03 octobre, \u00e0 partir de 20h30 et jusqu&rsquo;\u00e0 5h45 au plus tard, l&rsquo;autoroute A11 est ferm\u00e9e dans les deux sens de circulation entre la sortie Nantes P\u00e9riph\u00e9rique Sud N\u00b022 et la sortie Porte de Rennes N\u00b037, pour r\u00e9aliser des travaux de r\u00e9novation des chauss\u00e9es.<\/p>\n<p class=\"article-author\">Auteur : Rapha\u00ebl Val\u00e9<\/p>\n<p class=\"article-modification\">Derni\u00e8re modification : 30\/09\/2025 15:39<\/p>\n<p>                <img decoding=\"async\" src=\"https:\/\/www.europesays.com\/fr\/wp-content\/uploads\/2025\/10\/N-nuit-angers-tranchee-couverte.jpg\" alt=\"A11 Fermeture Nantes\"\/><\/p>\n<p>                                                    0:27\n                                            <\/p>\n<p class=\"legende\">Travaux nocturnes sur une tranch\u00e9e couverte \u00e0 Angers<\/p>\n<p>                            \u00a9 VINCI Autoroutes                        <\/p>\n<p>\n        Suivez les d\u00e9viations mises en place, en empruntant l&rsquo;A811 et le p\u00e9riph\u00e9rique Est de Nantes, via la Porte de Carquefou N\u00b041.    <\/p>\n<p>            Pour approfondir le sujet<\/p>\n<p>        Partager cet article<\/p>\n","protected":false},"excerpt":{"rendered":"Accueil Actu trafic Travaux Dans les Pays de la Loire, les nuits du mercredi 01 au vendredi 03&hellip;\n","protected":false},"author":2,"featured_media":430044,"comment_status":"","ping_status":"","sticky":false,"template":"","format":"standard","meta":{"footnotes":""},"categories":[2818],"tags":[50687,1111,11,1777,674,13407,1011,27,3367,6774,766,12,35025,7518,5537,5457,2636,25,6949],"class_list":{"0":"post-430043","1":"post","2":"type-post","3":"status-publish","4":"format-standard","5":"has-post-thumbnail","7":"category-nantes","8":"tag-20h30","9":"tag-actu","10":"tag-actualites","11":"tag-eu","12":"tag-europe","13":"tag-fermeture","14":"tag-fr","15":"tag-france","16":"tag-loire","17":"tag-mercredi","18":"tag-nantes","19":"tag-news","20":"tag-nuits","21":"tag-octobre","22":"tag-partir","23":"tag-pays","24":"tag-pays-de-la-loire","25":"tag-republique-francaise","26":"tag-vendredi"},"share_on_mastodon":{"url":"https:\/\/pubeurope.com\/@fr\/115296539300008296","error":""},"_links":{"self":[{"href":"https:\/\/www.europesays.com\/fr\/wp-json\/wp\/v2\/posts\/430043","targetHints":{"allow":["GET"]}}],"collection":[{"href":"https:\/\/www.europesays.com\/fr\/wp-json\/wp\/v2\/posts"}],"about":[{"href":"https:\/\/www.europesays.com\/fr\/wp-json\/wp\/v2\/types\/post"}],"author":[{"embeddable":true,"href":"https:\/\/www.europesays.com\/fr\/wp-json\/wp\/v2\/users\/2"}],"replies":[{"embeddable":true,"href":"https:\/\/www.europesays.com\/fr\/wp-json\/wp\/v2\/comments?post=430043"}],"version-history":[{"count":0,"href":"https:\/\/www.europesays.com\/fr\/wp-json\/wp\/v2\/posts\/430043\/revisions"}],"wp:featuredmedia":[{"embeddable":true,"href":"https:\/\/www.europesays.com\/fr\/wp-json\/wp\/v2\/media\/430044"}],"wp:attachment":[{"href":"https:\/\/www.europesays.com\/fr\/wp-json\/wp\/v2\/media?parent=430043"}],"wp:term":[{"taxonomy":"category","embeddable":true,"href":"https:\/\/www.europesays.com\/fr\/wp-json\/wp\/v2\/categories?post=430043"},{"taxonomy":"post_tag","embeddable":true,"href":"https:\/\/www.europesays.com\/fr\/wp-json\/wp\/v2\/tags?post=430043"}],"curies":[{"name":"wp","href":"https:\/\/api.w.org\/{rel}","templated":true}]}}