{"id":430045,"date":"2025-10-01T02:25:18","date_gmt":"2025-10-01T02:25:18","guid":{"rendered":"https:\/\/www.europesays.com\/fr\/430045\/"},"modified":"2025-10-01T02:25:18","modified_gmt":"2025-10-01T02:25:18","slug":"au-sud-de-bordeaux-les-urgences-de-lhopital-bagatelle-accueillent-leurs-premiers-patients","status":"publish","type":"post","link":"https:\/\/www.europesays.com\/fr\/430045\/","title":{"rendered":"Au sud de Bordeaux, les urgences de l\u2019h\u00f4pital Bagatelle accueillent leurs premiers patients"},"content":{"rendered":"<p>            Par<br \/>\n        <strong><br \/>\n            <a href=\"https:\/\/actu.fr\/auteur\/charlotte-lesprit\" title=\"Consulter tous les articles de Charlotte Lesprit\" rel=\"nofollow noopener\" target=\"_blank\">Charlotte Lesprit<\/a><br \/>\n        <\/strong><\/p>\n<p>        Publi\u00e9 le<\/p>\n<p>            30 sept. 2025 \u00e0 16h32        <\/p>\n<p>Au sud de l\u2019agglom\u00e9ration bordelaise, les nouvelles urgences de <strong>l\u2019h\u00f4pital Bagatelle<\/strong> ont officiellement ouvert leurs portes mardi 30\u00a0septembre \u00e0 14\u00a0heures.<\/p>\n<p class=\" wall-content\">Depuis<a href=\"https:\/\/actu.fr\/nouvelle-aquitaine\/talence_33522\/pres-de-bordeaux-l-hopital-bagatelle-inaugure-malgre-un-avenir-incertain-et-140-millions-d-euros-investis_62901394.html\" rel=\"nofollow noopener\" target=\"_blank\"> le retrait de l\u2019h\u00f4pital des arm\u00e9es Robert-Picqu\u00e9 <\/a>du projet Bahia en octobre\u00a02024, la Maison de sant\u00e9 protestante \u2014 reconnue d\u2019utilit\u00e9 publique depuis 1867 \u2014 <strong>luttait pour sa survie<\/strong>. Un accord a finalement \u00e9t\u00e9 trouv\u00e9, avec le soutien de l\u2019<a href=\"https:\/\/actu.fr\/nouvelle-aquitaine\/lesparre-medoc_33240\/en-difficulte-financiere-cette-clinique-de-gironde-va-recevoir-plus-de-deux-millions-d-euros-d-aides_62037327.html\" rel=\"nofollow noopener\" target=\"_blank\">Agence r\u00e9gionale de sant\u00e9<\/a>, entre les deux partis. Une conciliation qui a permis \u00ab\u2009d\u2019\u00e9loigner le danger financier \u00e0 court terme\u2009\u00bb.<\/p>\n<p>    <a href=\"https:\/\/www.facebook.com\/plugins\/post.php?href=https%3A%2F%2Fwww.facebook.com%2FFondationBagatelle%2Fposts%2Fpfbid024PZa4hFzbKWsDXPud1Xom9Zv6gzF1ZBQ1F9kWk3KgbYx9Gjbq8FLZW88bCgeCSwbl&amp;show_text=true&amp;width=350\" title=\"Ouvrie le lien\" rel=\"nofollow noopener\" target=\"_blank\">Cliquez ici pour visualiser le contenu<\/a><\/p>\n<p>Un acc\u00e8s continu \u00e0 partir du 18\u00a0octobre<\/p>\n<p class=\" wall-content\">D\u00e9sormais, les patients qui auraient besoin de se rendre aux urgences de Bagatelle pourront le faire en se rendant au <strong>203, route de Toulouse \u00e0 Talence<\/strong>. Jusqu\u2019au samedi 18\u00a0octobre, ces derni\u00e8res sont ouvertes de 8 \u00e0 20\u00a0heures avant un acc\u00e8s 24\u00a0heures sur 24 et 7\u00a0jours sur 7.<\/p>\n<p class=\" wall-content\">L\u2019enseigne lumineuse \u00ab\u2009Urgences\u2009\u00bb reste visible aussi bien de jour que de nuit, facilitant ainsi l\u2019orientation des patients. Chaque ann\u00e9e, l\u2019\u00e9tablissement enregistre <strong>40\u2009000 passages<\/strong> dans ce service.<\/p>\n<p class=\" wall-content\">Outre une \u00e9quipe pluridisciplinaire dans son h\u00f4pital de jour, Bagatelle compte d\u00e9sormais un plateau de soins critiques avec l\u2019ouverture d\u2019un service de r\u00e9animation et l\u2019extension de l\u2019unit\u00e9 de soins intensifs polyvalents. Mais aussi<strong> une unit\u00e9 de n\u00e9onatologie flambant neuve<\/strong> de niveau 2A et un laboratoire m\u00e9dicale.<\/p>\n<p class=\" wall-content\">Personnalisez votre actualit\u00e9 en ajoutant vos villes et m\u00e9dias en favori avec <a href=\"https:\/\/moncompte.actu.fr\" title=\"D\u00e9couvez Mon Actu\" rel=\"nofollow noopener\" data-trk=\"{&quot;cta&quot;:{&quot;action&quot;:&quot;https:\\\/\\\/moncompte.actu.fr&quot;,&quot;category&quot;:&quot;mon compte&quot;,&quot;from&quot;:&quot;article footer&quot;,&quot;name&quot;:&quot;Mon actu&quot;,&quot;type&quot;:&quot;cta&quot;}}\" target=\"_blank\">Mon Actu<\/a>.<\/p>\n","protected":false},"excerpt":{"rendered":"Par Charlotte Lesprit Publi\u00e9 le 30 sept. 2025 \u00e0 16h32 Au sud de l\u2019agglom\u00e9ration bordelaise, les nouvelles urgences&hellip;\n","protected":false},"author":2,"featured_media":430046,"comment_status":"","ping_status":"","sticky":false,"template":"","format":"standard","meta":{"footnotes":""},"categories":[2817],"tags":[1111,11,1997,1777,674,1011,27,12,2219,25,71,104,6444],"class_list":{"0":"post-430045","1":"post","2":"type-post","3":"status-publish","4":"format-standard","5":"has-post-thumbnail","7":"category-bordeaux","8":"tag-actu","9":"tag-actualites","10":"tag-bordeaux","11":"tag-eu","12":"tag-europe","13":"tag-fr","14":"tag-france","15":"tag-news","16":"tag-nouvelle-aquitaine","17":"tag-republique-francaise","18":"tag-sante","19":"tag-societe","20":"tag-urgences"},"share_on_mastodon":{"url":"https:\/\/pubeurope.com\/@fr\/115296542634068530","error":""},"_links":{"self":[{"href":"https:\/\/www.europesays.com\/fr\/wp-json\/wp\/v2\/posts\/430045","targetHints":{"allow":["GET"]}}],"collection":[{"href":"https:\/\/www.europesays.com\/fr\/wp-json\/wp\/v2\/posts"}],"about":[{"href":"https:\/\/www.europesays.com\/fr\/wp-json\/wp\/v2\/types\/post"}],"author":[{"embeddable":true,"href":"https:\/\/www.europesays.com\/fr\/wp-json\/wp\/v2\/users\/2"}],"replies":[{"embeddable":true,"href":"https:\/\/www.europesays.com\/fr\/wp-json\/wp\/v2\/comments?post=430045"}],"version-history":[{"count":0,"href":"https:\/\/www.europesays.com\/fr\/wp-json\/wp\/v2\/posts\/430045\/revisions"}],"wp:featuredmedia":[{"embeddable":true,"href":"https:\/\/www.europesays.com\/fr\/wp-json\/wp\/v2\/media\/430046"}],"wp:attachment":[{"href":"https:\/\/www.europesays.com\/fr\/wp-json\/wp\/v2\/media?parent=430045"}],"wp:term":[{"taxonomy":"category","embeddable":true,"href":"https:\/\/www.europesays.com\/fr\/wp-json\/wp\/v2\/categories?post=430045"},{"taxonomy":"post_tag","embeddable":true,"href":"https:\/\/www.europesays.com\/fr\/wp-json\/wp\/v2\/tags?post=430045"}],"curies":[{"name":"wp","href":"https:\/\/api.w.org\/{rel}","templated":true}]}}