{"id":430047,"date":"2025-10-01T02:26:21","date_gmt":"2025-10-01T02:26:21","guid":{"rendered":"https:\/\/www.europesays.com\/fr\/430047\/"},"modified":"2025-10-01T02:26:21","modified_gmt":"2025-10-01T02:26:21","slug":"larrivee-dun-nouveau-consul-des-etats-unis-leve-le-doute-sur-leventuelle-fermeture-du-siege-diplomatique","status":"publish","type":"post","link":"https:\/\/www.europesays.com\/fr\/430047\/","title":{"rendered":"l\u2019arriv\u00e9e d\u2019un nouveau consul des \u00c9tats-Unis l\u00e8ve le doute sur l\u2019\u00e9ventuelle fermeture du si\u00e8ge diplomatique"},"content":{"rendered":"<p>Six mois apr\u00e8s la mobilisation de plusieurs \u00e9lus girondins craignant la fermeture du consulat am\u00e9ricain, l\u2019administration Trump vient d\u2019installer Jessica Kuhn, son nouveau consul \u00e0 Bordeaux.<\/p>\n<p class=\"fig-paragraph\">\u00ab\u00c0 ce jour, aucune communication officielle n\u2019a \u00e9t\u00e9 faite concernant une \u00e9ventuelle\u00a0<a href=\"http:\/\/www.lefigaro.fr\/bordeaux\/menace-de-fermeture-du-consulat-americain-a-bordeaux-la-reponse-de-pierre-hurmic-a-donald-trump-20250305\" data-fig-type=\"NewsFlash\" data-gtm-custom-categorie=\"navigation\" data-gtm-custom-action=\"crossclick\" data-gtm-custom-label=\"Contextuel\" data-gtm-event=\"customEventSPE\" data-fig-domain=\"LEFIGARO\" target=\"_blank\" rel=\"noopener\">fermeture du consulat de Bordeaux<\/a> \u00bb, d\u00e9clare d\u2019embl\u00e9e Jessica Kuhn, le nouveau consul des \u00c9tats-Unis \u00e0 Bordeaux. Install\u00e9e en septembre, la trentenaire &#8211; qui a \u00e9t\u00e9 conseill\u00e8re l\u00e9gislative au S\u00e9nat am\u00e9ricain avant de rejoindre le D\u00e9partement d\u2019\u00c9tat, porte la premi\u00e8re parole publique am\u00e9ricaine sur le sujet. En mars dernier, trois mois apr\u00e8s le retour \u00e0 la Maison-Blanche de Donald Trump, la crainte de la fermeture du si\u00e8ge diplomatique avait en effet pouss\u00e9 le maire \u00e9cologiste de Bordeaux,\u00a0<a href=\"http:\/\/www.lefigaro.fr\/bordeaux\/municipales-2026-s-il-n-est-pas-encore-candidat-le-maire-ecologiste-de-bordeaux-pierre-hurmic-a-pris-sa-decision-20250905\" data-fig-type=\"NewsFlash\" data-gtm-custom-categorie=\"navigation\" data-gtm-custom-action=\"crossclick\" data-gtm-custom-label=\"Contextuel\" data-gtm-event=\"customEventSPE\" data-fig-domain=\"LEFIGARO\" target=\"_blank\" rel=\"noopener\">Pierre Hurmic,<\/a>\u00a0<a href=\"http:\/\/www.lefigaro.fr\/bordeaux\/a-bordeaux-les-collectivites-s-unissent-pour-empecher-la-fermeture-du-consulat-americain-20250321\" data-fig-type=\"NewsFlash\" data-gtm-custom-categorie=\"navigation\" data-gtm-custom-action=\"crossclick\" data-gtm-custom-label=\"Contextuel\" data-gtm-event=\"customEventSPE\" data-fig-domain=\"LEFIGARO\" target=\"_blank\" rel=\"noopener\">et plusieurs collectivit\u00e9s territoriales<\/a>\u00a0\u00e0 s\u2019exprimer publiquement pour en demander la sauvegarde.<\/p>\n<p class=\"fig-paragraph\">L\u2019\u00e9moi avait \u00e9t\u00e9 suscit\u00e9 par une \u00e9tude men\u00e9e par Washington sur l\u2019ensemble de ses missions diplomatiques dans le monde, qui l\u2019avait conduit \u00e0 envisager la fermeture de ses consulats dans les r\u00e9gions fran\u00e7aises. Alors que l\u2019arriv\u00e9e d\u2019un nouveau consul semble \u00e9loigner cette perspective, Jessica Kuhn insiste sur sa volont\u00e9 de \u00abcontinuer \u00e0 renforcer les liens profonds qui unissent les \u00c9tats-Unis et la France, ici \u00e0 Bordeaux et dans le sud-ouest de la France\u00bb afin de favoriser \u00abl\u2019amiti\u00e9 et la coop\u00e9ration entre la France et les \u00c9tats-Unis\u00bb.\u00a0<\/p>\n<p>                                    <a class=\"fig-a11y-skip a11y-hidden\" href=\"#fig-a11y-skip-main-inarticle\"><br \/>\n        Passer la publicit\u00e9<br \/>\n    <\/a><\/p>\n<p>Le Marquis de La Fayette \u00e0 l\u2019honneur en 2026<\/p>\n<p class=\"fig-paragraph\">Une relation r\u00e9ciproque, qui doit \u00eatre marqu\u00e9e en 2026 par le 250e anniversaire de l\u2019Ind\u00e9pendance des \u00c9tats-Unis. \u00abCe 250e anniversaire sera un moment historique pour les \u00c9tats-Unis, mais aussi une belle occasion de rappeler la contribution d\u00e9cisive de la France, et de Bordeaux en particulier, \u00e0 notre qu\u00eate d\u2019ind\u00e9pendance\u00bb, indique Jessica Kuhn. En 1777, le Marquis de La Fayette et son navire quittaient en effet Bordeaux pour pr\u00eater main-forte aux insurg\u00e9s de Washington. \u00abAvant la fin de cette ann\u00e9e, la pose d\u2019une plaque sur le consulat comm\u00e9morant le d\u00e9part vers le nouveau monde de La Victoire, le premier navire du Marquis de La Fayette, sera un premier geste symbolique\u00bb, r\u00e9v\u00e8le le nouveau consul des \u00c9tats-Unis \u00e0 Bordeaux.<\/p>\n<p class=\"fig-paragraph\">D\u2019ici la f\u00eate nationale am\u00e9ricaine, le 4 juillet prochain, le consulat pr\u00e9voit de renforcer les \u00e9changes \u00e9conomiques entre les deux pays. Une journ\u00e9e \u00abSelect USA\u00bb est ainsi organis\u00e9e \u00e0 Bordeaux, le 6 novembre, \u00abdurant laquelle des entreprises de Bordeaux et de la r\u00e9gion pourront rencontrer des repr\u00e9sentants de 15 \u00c9tats am\u00e9ricains ainsi que des experts juridiques et fiscaux\u00bb. Des liens qui se veulent le reflet de l\u2019ancrage am\u00e9ricain \u00e0 Bordeaux, qui fut le \u00abtout premier consulat des \u00c9tats-Unis au monde\u00bb, rappelle Jessica Kuhn.\u00a0Inaugur\u00e9 en 1790, il a \u00e9t\u00e9 temporairement ferm\u00e9 \u00e0 trois reprises, r\u00e9cemment entre 1996 et 2000 par souci d\u2019\u00e9conomie. Le si\u00e8ge a rouvert il y a 25 ans, le 1er octobre 2000.<\/p>\n","protected":false},"excerpt":{"rendered":"Six mois apr\u00e8s la mobilisation de plusieurs \u00e9lus girondins craignant la fermeture du consulat am\u00e9ricain, l\u2019administration Trump vient&hellip;\n","protected":false},"author":2,"featured_media":430048,"comment_status":"","ping_status":"","sticky":false,"template":"","format":"standard","meta":{"footnotes":""},"categories":[2817],"tags":[1111,11,2572,1997,1777,674,1011,27,7372,12,2219,25,308],"class_list":{"0":"post-430047","1":"post","2":"type-post","3":"status-publish","4":"format-standard","5":"has-post-thumbnail","7":"category-bordeaux","8":"tag-actu","9":"tag-actualites","10":"tag-agriculteurs","11":"tag-bordeaux","12":"tag-eu","13":"tag-europe","14":"tag-fr","15":"tag-france","16":"tag-mairie-de-bordeaux","17":"tag-news","18":"tag-nouvelle-aquitaine","19":"tag-republique-francaise","20":"tag-usa"},"share_on_mastodon":{"url":"https:\/\/pubeurope.com\/@fr\/115296546574447657","error":""},"_links":{"self":[{"href":"https:\/\/www.europesays.com\/fr\/wp-json\/wp\/v2\/posts\/430047","targetHints":{"allow":["GET"]}}],"collection":[{"href":"https:\/\/www.europesays.com\/fr\/wp-json\/wp\/v2\/posts"}],"about":[{"href":"https:\/\/www.europesays.com\/fr\/wp-json\/wp\/v2\/types\/post"}],"author":[{"embeddable":true,"href":"https:\/\/www.europesays.com\/fr\/wp-json\/wp\/v2\/users\/2"}],"replies":[{"embeddable":true,"href":"https:\/\/www.europesays.com\/fr\/wp-json\/wp\/v2\/comments?post=430047"}],"version-history":[{"count":0,"href":"https:\/\/www.europesays.com\/fr\/wp-json\/wp\/v2\/posts\/430047\/revisions"}],"wp:featuredmedia":[{"embeddable":true,"href":"https:\/\/www.europesays.com\/fr\/wp-json\/wp\/v2\/media\/430048"}],"wp:attachment":[{"href":"https:\/\/www.europesays.com\/fr\/wp-json\/wp\/v2\/media?parent=430047"}],"wp:term":[{"taxonomy":"category","embeddable":true,"href":"https:\/\/www.europesays.com\/fr\/wp-json\/wp\/v2\/categories?post=430047"},{"taxonomy":"post_tag","embeddable":true,"href":"https:\/\/www.europesays.com\/fr\/wp-json\/wp\/v2\/tags?post=430047"}],"curies":[{"name":"wp","href":"https:\/\/api.w.org\/{rel}","templated":true}]}}