{"id":430054,"date":"2025-10-01T02:30:44","date_gmt":"2025-10-01T02:30:44","guid":{"rendered":"https:\/\/www.europesays.com\/fr\/430054\/"},"modified":"2025-10-01T02:30:44","modified_gmt":"2025-10-01T02:30:44","slug":"lime-annonce-larrivee-de-1000-velos-et-trottinettes-electriques-supplementaires","status":"publish","type":"post","link":"https:\/\/www.europesays.com\/fr\/430054\/","title":{"rendered":"Lime annonce l&rsquo;arriv\u00e9e de 1000 v\u00e9los et trottinettes \u00e9lectriques suppl\u00e9mentaires"},"content":{"rendered":"<p>            Par<br \/>\n        <strong><br \/>\n            <a href=\"https:\/\/actu.fr\/auteur\/nicolas-demollien\" title=\"Consulter tous les articles de Nicolas Demollien\" rel=\"nofollow noopener\" target=\"_blank\">Nicolas Demollien<\/a><br \/>\n        <\/strong><\/p>\n<p>        Publi\u00e9 le<\/p>\n<p>            30 sept. 2025 \u00e0 16h36        <\/p>\n<p>Bonne nouvelle sur le front de la <b>mobilit\u00e9 douce<\/b> dans la m\u00e9tropole de <a href=\"https:\/\/actu.fr\/hauts-de-france\/lille_59350\" rel=\"nofollow noopener\" target=\"_blank\">Lille<\/a> (Nord). La <b>soci\u00e9t\u00e9 Lime<\/b> a annonc\u00e9 le <b>d\u00e9ploiement de 1000 v\u00e9hicules suppl\u00e9mentaires<\/b> sur le territoire :<b> 500 v\u00e9los et 500 trottinettes \u00e9lectriques<\/b>. Le tout pour \u00ab\u00a0r\u00e9pondre \u00e0 la forte demande des usagers\u00a0\u00bb selon l\u2019entreprise.<\/p>\n<p>Lime renforce sa pr\u00e9sence \u00e0 Lille avec 1000 v\u00e9los et trottinettes \u00e9lectriques<\/p>\n<p data-end=\"210\" class=\" wall-content\"><b>\u00ab\u00a0<\/b>Avec cet ajout, notre flotte totale atteint d\u00e9sormais <b>2 800 v\u00e9los \u00e9lectriques et 1 200 trottinettes \u00e9lectriques<\/b> d\u00e9ploy\u00e9s dans Lille et la <a href=\"https:\/\/actu.fr\/tag\/metropole-europeenne-de-lille\" rel=\"nofollow noopener\" target=\"_blank\">m\u00e9tropole europ\u00e9enne<\/a>. Cela confirme ainsi notre place d\u2019<b>acteur incontournable de la mobilit\u00e9 durable<\/b> dans la r\u00e9gion\u00a0\u00bb, insiste-t-on du c\u00f4t\u00e9 de Lime.<\/p>\n<p data-end=\"1394\" class=\" wall-content\">En parall\u00e8le, l\u2019entreprise assure \u00e9quiper ses v\u00e9hicules de \u00ab\u00a0<b>batteries encore plus puissantes<\/b>, garantissant une autonomie renforc\u00e9e et une exp\u00e9rience de conduite plus fluide\u00a0\u00bb.<\/p>\n<p data-end=\"1394\" class=\" wall-content\">Autre nouveaut\u00e9 :\u00a0Lime lance de <b>nouveaux pass<\/b> et assure que la <b>refonte compl\u00e8te des pass existants<\/b> \u00ab\u00a0s\u2019accompagne de baisses significatives, offrant un tarif in\u00e9dit \u00e0 0,10 \u20ac la minute et permettant de se d\u00e9placer en toute libert\u00e9 \u00e0 un prix extr\u00eamement comp\u00e9titif\u00a0\u00bb. Les prix sont les suivants :<\/p>\n<ul class=\" wall-content\">\n<li data-end=\"1426\">30 minutes : de 4,49 \u20ac \u00e0 2,99 \u20ac<\/li>\n<li data-end=\"1458\">60 minutes : de 8,49 \u20ac \u00e0 5,99 \u20ac<\/li>\n<li data-end=\"1493\">200 minutes : de 24,49 \u20ac \u00e0 19,99 \u20ac<\/li>\n<li data-end=\"1528\">300 minutes : de 35,99 \u20ac \u00e0 29,99 \u20ac.<\/li>\n<\/ul>\n<p data-end=\"2145\" class=\" wall-content\">\u00ab\u00a0Avec ce nouveau pass et le renforcement de notre flotte, nous confirmons notre volont\u00e9 d\u2019accompagner l\u2019adoption du v\u00e9lo et de la trottinette sur le territoire. Tandis que le service Lime est disponible dans une soixantaine de communes de la m\u00e9tropole, il est primordial de continuer \u00e0 am\u00e9liorer l\u2019acc\u00e8s \u00e0 nos v\u00e9hicules et de rendre notre service toujours plus abordable\u00a0\u00bb, conclut Youssef Dkhissi, responsable des op\u00e9rations et de l\u2019expansion chez Lime France.<\/p>\n<p data-end=\"2145\" class=\" wall-content\">Plus d\u2019infos sur le site <a href=\"https:\/\/www.li.me\/fr-fr\" rel=\"nofollow noopener\" target=\"_blank\">li.me<\/a><\/p>\n<p class=\" wall-content\">Personnalisez votre actualit\u00e9 en ajoutant vos villes et m\u00e9dias en favori avec <a href=\"https:\/\/moncompte.actu.fr\" title=\"D\u00e9couvez Mon Actu\" rel=\"nofollow noopener\" data-trk=\"{&quot;cta&quot;:{&quot;action&quot;:&quot;https:\\\/\\\/moncompte.actu.fr&quot;,&quot;category&quot;:&quot;mon compte&quot;,&quot;from&quot;:&quot;article footer&quot;,&quot;name&quot;:&quot;Mon actu&quot;,&quot;type&quot;:&quot;cta&quot;}}\" target=\"_blank\">Mon Actu<\/a>.<\/p>\n","protected":false},"excerpt":{"rendered":"Par Nicolas Demollien Publi\u00e9 le 30 sept. 2025 \u00e0 16h36 Bonne nouvelle sur le front de la mobilit\u00e9&hellip;\n","protected":false},"author":2,"featured_media":430055,"comment_status":"","ping_status":"","sticky":false,"template":"","format":"standard","meta":{"footnotes":""},"categories":[2815],"tags":[1111,11,1777,674,1011,27,811,1307,12,25,104,2803,208],"class_list":{"0":"post-430054","1":"post","2":"type-post","3":"status-publish","4":"format-standard","5":"has-post-thumbnail","7":"category-lille","8":"tag-actu","9":"tag-actualites","10":"tag-eu","11":"tag-europe","12":"tag-fr","13":"tag-france","14":"tag-hauts-de-france","15":"tag-lille","16":"tag-news","17":"tag-republique-francaise","18":"tag-societe","19":"tag-transport","20":"tag-velo"},"share_on_mastodon":{"url":"https:\/\/pubeurope.com\/@fr\/115296562365577632","error":""},"_links":{"self":[{"href":"https:\/\/www.europesays.com\/fr\/wp-json\/wp\/v2\/posts\/430054","targetHints":{"allow":["GET"]}}],"collection":[{"href":"https:\/\/www.europesays.com\/fr\/wp-json\/wp\/v2\/posts"}],"about":[{"href":"https:\/\/www.europesays.com\/fr\/wp-json\/wp\/v2\/types\/post"}],"author":[{"embeddable":true,"href":"https:\/\/www.europesays.com\/fr\/wp-json\/wp\/v2\/users\/2"}],"replies":[{"embeddable":true,"href":"https:\/\/www.europesays.com\/fr\/wp-json\/wp\/v2\/comments?post=430054"}],"version-history":[{"count":0,"href":"https:\/\/www.europesays.com\/fr\/wp-json\/wp\/v2\/posts\/430054\/revisions"}],"wp:featuredmedia":[{"embeddable":true,"href":"https:\/\/www.europesays.com\/fr\/wp-json\/wp\/v2\/media\/430055"}],"wp:attachment":[{"href":"https:\/\/www.europesays.com\/fr\/wp-json\/wp\/v2\/media?parent=430054"}],"wp:term":[{"taxonomy":"category","embeddable":true,"href":"https:\/\/www.europesays.com\/fr\/wp-json\/wp\/v2\/categories?post=430054"},{"taxonomy":"post_tag","embeddable":true,"href":"https:\/\/www.europesays.com\/fr\/wp-json\/wp\/v2\/tags?post=430054"}],"curies":[{"name":"wp","href":"https:\/\/api.w.org\/{rel}","templated":true}]}}