{"id":430062,"date":"2025-10-01T02:34:11","date_gmt":"2025-10-01T02:34:11","guid":{"rendered":"https:\/\/www.europesays.com\/fr\/430062\/"},"modified":"2025-10-01T02:34:11","modified_gmt":"2025-10-01T02:34:11","slug":"bruno-bernard-un-stratege-ecologiste-a-la-tete-de-la-metropole-de-lyon-liberation","status":"publish","type":"post","link":"https:\/\/www.europesays.com\/fr\/430062\/","title":{"rendered":"Bruno Bernard, un strat\u00e8ge \u00e9cologiste \u00e0 la t\u00eate de la m\u00e9tropole de Lyon \u2013 Lib\u00e9ration"},"content":{"rendered":"<p class=\"sc-cPiKLX AiZTS text-element\">Quartier de la Part-Dieu, le 15 mai. Au vingt et uni\u00e8me \u00e9tage d\u2019une tour du centre d\u2019affaires de Lyon, la baie vitr\u00e9e offre une vue \u00e0 180 degr\u00e9s sur la m\u00e9tropole. Une brochette de patrons en costume se m\u00eale \u00e0 une assembl\u00e9e de geeks aux tee-shirts sigl\u00e9s d\u2019un logo violet. C\u2019est celui de l\u2019entreprise fran\u00e7aise Sanofi, poids lourd mondial de l\u2019industrie biopharmaceutique et premier employeur priv\u00e9 de la r\u00e9gion lyonnaise, avec plus de 5 000 salari\u00e9s r\u00e9partis sur cinq sites. Le pince-fesses du jour est consacr\u00e9 \u00e0 l\u2019inauguration du dernier, d\u00e9di\u00e9 \u00e0 la recherche et au d\u00e9veloppement num\u00e9rique. Au micro, les orateurs se p\u00e2ment pour l\u2019intelligence artificielle et la start-up nation.<\/p>\n<p class=\"sc-cPiKLX AiZTS text-element\">A son tour, le pr\u00e9sident Les Ecologistes de la m\u00e9tropole, Bruno Bernard, livre un discours convenu. \u00abJe crois profond\u00e9ment \u00e0 cette alliance entre innovation et responsabilit\u00e9 environnementale. Ce n\u2019est qu\u2019en r\u00e9conciliant ces deux exigences que nous parviendrons \u00e0 construire un mod\u00e8le durable, juste et porteur d\u2019avenir.\u00bb Reparti sans s\u2019\u00e9terniser au buffet, l\u2019homme politique glisse : \u00abContrairement \u00e0 ce que disent certains, l\u2019implantation des entreprises \u00e0 Lyon va plut\u00f4t bien.\u00bb Le tacle vise son opposition de droite, qui se gargarisait mi-avril des propos du directeur g\u00e9n\u00e9ral de Safran, Olivier Andri\u00e8s, devant <a href=\"https:\/\/www.liberation.fr\/politique\/le-but-est-de-toucher-un-public-de-sensibiliser-aux-risques-les-commissions-denquete-remuent-ciel-et-parlementaires-20250624_4CXOGCLRDBG3ZKHXYI &lt;div style=\" clear:=\"\" both=\"\" rel=\"nofollow noopener\" target=\"_blank\"><\/p>\n","protected":false},"excerpt":{"rendered":"Quartier de la Part-Dieu, le 15 mai. Au vingt et uni\u00e8me \u00e9tage d\u2019une tour du centre d\u2019affaires de&hellip;\n","protected":false},"author":2,"featured_media":430063,"comment_status":"","ping_status":"","sticky":false,"template":"","format":"standard","meta":{"footnotes":""},"categories":[1889],"tags":[1111,11,2430,2286,1777,674,1011,27,2428,12,25],"class_list":{"0":"post-430062","1":"post","2":"type-post","3":"status-publish","4":"format-standard","5":"has-post-thumbnail","7":"category-lyon","8":"tag-actu","9":"tag-actualites","10":"tag-auvergne-rhone-alpes","11":"tag-eelv","12":"tag-eu","13":"tag-europe","14":"tag-fr","15":"tag-france","16":"tag-lyon","17":"tag-news","18":"tag-republique-francaise"},"share_on_mastodon":{"url":"https:\/\/pubeurope.com\/@fr\/115296578015070971","error":""},"_links":{"self":[{"href":"https:\/\/www.europesays.com\/fr\/wp-json\/wp\/v2\/posts\/430062","targetHints":{"allow":["GET"]}}],"collection":[{"href":"https:\/\/www.europesays.com\/fr\/wp-json\/wp\/v2\/posts"}],"about":[{"href":"https:\/\/www.europesays.com\/fr\/wp-json\/wp\/v2\/types\/post"}],"author":[{"embeddable":true,"href":"https:\/\/www.europesays.com\/fr\/wp-json\/wp\/v2\/users\/2"}],"replies":[{"embeddable":true,"href":"https:\/\/www.europesays.com\/fr\/wp-json\/wp\/v2\/comments?post=430062"}],"version-history":[{"count":0,"href":"https:\/\/www.europesays.com\/fr\/wp-json\/wp\/v2\/posts\/430062\/revisions"}],"wp:featuredmedia":[{"embeddable":true,"href":"https:\/\/www.europesays.com\/fr\/wp-json\/wp\/v2\/media\/430063"}],"wp:attachment":[{"href":"https:\/\/www.europesays.com\/fr\/wp-json\/wp\/v2\/media?parent=430062"}],"wp:term":[{"taxonomy":"category","embeddable":true,"href":"https:\/\/www.europesays.com\/fr\/wp-json\/wp\/v2\/categories?post=430062"},{"taxonomy":"post_tag","embeddable":true,"href":"https:\/\/www.europesays.com\/fr\/wp-json\/wp\/v2\/tags?post=430062"}],"curies":[{"name":"wp","href":"https:\/\/api.w.org\/{rel}","templated":true}]}}