{"id":430066,"date":"2025-10-01T02:37:15","date_gmt":"2025-10-01T02:37:15","guid":{"rendered":"https:\/\/www.europesays.com\/fr\/430066\/"},"modified":"2025-10-01T02:37:15","modified_gmt":"2025-10-01T02:37:15","slug":"nordahl-lelandais-fait-appel-de-sa-condamnation-pour-des-violences-au-parloir","status":"publish","type":"post","link":"https:\/\/www.europesays.com\/fr\/430066\/","title":{"rendered":"Nordahl Lelandais fait appel de sa condamnation pour des violences au parloir"},"content":{"rendered":"\n<p class=\"c-chapo \">\n  En premi\u00e8re instance, il a \u00e9t\u00e9 condamn\u00e9 \u00e0 un an de prison et priv\u00e9 de l&rsquo;autorit\u00e9 parentale sur son fils \u00e2g\u00e9 de 21 mois. Il lui a \u00e9galement \u00e9t\u00e9 interdit d&rsquo;entrer en contact avec l&rsquo;enfant pendant trois ans.\n<\/p>\n<p>      lire plus tard<\/p>\n<p id=\"dialog__title\" class=\"dialog__title\">Pour sauvegarder cet article, connectez-vous ou cr\u00e9ez un compte franceinfo<\/p>\n<p class=\"dialog__description\">Sans paiement. Sans abonnement.<\/p>\n<p>        Fermer la fen\u00eatre d\u2019activation des notifications France Info<\/p>\n<p>      cr\u00e9er votre compte<\/p>\n<p>      se connecter<\/p>\n<p>        Fermer la fen\u00eatre de pr\u00e9sentation<\/p>\n<p>    <img loading=\"lazy\" decoding=\"async\" class=\"signature__image lazyload\" width=\"100\" height=\"100\" data- alt=\"\" src=\"https:\/\/www.europesays.com\/fr\/wp-content\/uploads\/2025\/05\/64a68815cd1a7_placeholder-36b69ec8.png\"\/><\/p>\n<p>    Publi\u00e9 le 30\/09\/2025 21:10<\/p>\n<p>        Temps de lecture : 2min<\/p>\n<p>    <img decoding=\"async\"  alt=\"Un portrait de Nordahl Lelandais lors d'une audience au tribunal de Grenoble (Is\u00e8re), le 18 f\u00e9vrier 2022, pendant son proc\u00e8s pour le meurtre de Ma\u00eblys. (BENOIT PEYRUCQ \/ AFP)\" width=\"432\" height=\"243\" src=\"https:\/\/www.europesays.com\/fr\/wp-content\/uploads\/2025\/10\/000-323b4gj-65643ada9a684140436510.jpg\" fetchpriority=\"high\"\/><\/p>\n<p>      Un portrait de Nordahl Lelandais lors d&rsquo;une audience au tribunal de Grenoble (Is\u00e8re), le 18 f\u00e9vrier 2022, pendant son proc\u00e8s pour le meurtre de Ma\u00eblys. (BENOIT PEYRUCQ \/ AFP)<\/p>\n<p>Nordahl Lelandais, qui purge une peine de r\u00e9clusion \u00e0 perp\u00e9tuit\u00e9 pour deux meurtres, a interjet\u00e9 appel de <a href=\"https:\/\/www.franceinfo.fr\/faits-divers\/disparition-de-la-petite-maelys\/nordahl-lelandais\/nordahl-lelandais-condamne-a-un-an-de-prison-et-prive-d-autorite-parentale-pour-des-violences-au-parloir_7501897.html\" rel=\"nofollow noopener\" target=\"_blank\">sa r\u00e9cente condamnation pour des violences conjugales commises au parloir<\/a>, a appris l&rsquo;AFP aupr\u00e8s du parquet de Colmar, mardi 30 septembre.\u00a0L&rsquo;ancien militaire de 42 ans a \u00e9t\u00e9 priv\u00e9 par le tribunal correctionnel de l&rsquo;autorit\u00e9 parentale sur son fils \u00e2g\u00e9 de 21 mois, <a href=\"https:\/\/www.franceinfo.fr\/faits-divers\/disparition-de-la-petite-maelys\/nordahl-lelandais\/nordahl-lelandais-poursuivi-pour-violences-conjugales-a-refuse-d-etre-extrait-de-sa-cellule_7459588.html\" rel=\"nofollow noopener\" target=\"_blank\">qui \u00e9tait pr\u00e9sent lors des faits<\/a>, commis le 9 juin \u00e0 la maison centrale d&rsquo;Ensisheim (Haut-Rin). Il a aussi \u00e9t\u00e9 interdit de contact avec l&rsquo;enfant pendant trois ans.<\/p>\n<p>L&rsquo;appel \u00ab\u00a0porte uniquement\u00a0\u00bb sur ces deux mesures concernant son enfant, a pr\u00e9cis\u00e9 le procureur de Colmar Jean Richert, mais pas sur l&rsquo;autre partie de la condamnation, \u00e0 savoir un an de prison ferme. Le procureur a soulign\u00e9 qu&rsquo;il avait lui-m\u00eame fait un appel incident \u00ab\u00a0portant sur l&rsquo;entier dispositif\u00a0\u00bb. Nordahl Lelandais sera donc rejug\u00e9 sur l&rsquo;ensemble de l&rsquo;affaire. Ces deux mesures ayant toutefois \u00e9t\u00e9 prononc\u00e9es avec ex\u00e9cution provisoire, elles sont applicables imm\u00e9diatement, et ne sont donc pas suspendues dans l&rsquo;attente du proc\u00e8s en appel.<\/p>\n<p>\u00ab\u00a0Il s&rsquo;agit de pr\u00e9server l&rsquo;int\u00e9r\u00eat sup\u00e9rieur de ce tout petit enfant, qui doit pouvoir se construire \u00e0 l&rsquo;abri de la pression m\u00e9diatique, de vos fragilit\u00e9s et de vos comportements pouvant \u00eatre violents\u00a0\u00bb, avait d\u00e9clar\u00e9 au pr\u00e9venu le pr\u00e9sident Vincent Tridon, lors de l&rsquo;audience, le 19 septembre. \u00ab\u00a0On n&rsquo;a pas \u00e9t\u00e9 \u00e9cout\u00e9s dans ce tribunal\u00a0\u00bb, avait d\u00e9plor\u00e9 celui qui se fait d\u00e9sormais appeler Nordahl P\u00e9rinet, le nom de naissance de sa m\u00e8re.<\/p>\n<p>Il est incarc\u00e9r\u00e9 \u00e0 Ensisheim depuis septembre 2022, o\u00f9 il purge une peine de r\u00e9clusion criminelle \u00e0 perp\u00e9tuit\u00e9, assortie d&rsquo;une mesure de s\u00fbret\u00e9 de 22 ans, pour l&rsquo;enl\u00e8vement et le meurtre en ao\u00fbt 2017 de la petite Ma\u00eblys, 8 ans. En 2021, il a aussi \u00e9t\u00e9 condamn\u00e9 \u00e0 20 ans d&#8217;emprisonnement pour le meurtre du jeune caporal Arthur Noyer, qu&rsquo;il avait pris en stop en avril 2017.<\/p>\n","protected":false},"excerpt":{"rendered":"En premi\u00e8re instance, il a \u00e9t\u00e9 condamn\u00e9 \u00e0 un an de prison et priv\u00e9 de l&rsquo;autorit\u00e9 parentale sur&hellip;\n","protected":false},"author":2,"featured_media":430067,"comment_status":"","ping_status":"","sticky":false,"template":"","format":"standard","meta":{"footnotes":""},"categories":[1888],"tags":[1111,1928,11,1927,1777,674,1011,27,12,1926,626,1925,25],"class_list":{"0":"post-430066","1":"post","2":"type-post","3":"status-publish","4":"format-standard","5":"has-post-thumbnail","7":"category-paris","8":"tag-actu","9":"tag-actu-paris","10":"tag-actualites","11":"tag-actualites-paris","12":"tag-eu","13":"tag-europe","14":"tag-fr","15":"tag-france","16":"tag-news","17":"tag-news-paris","18":"tag-paris","19":"tag-paris-news","20":"tag-republique-francaise"},"share_on_mastodon":{"url":"https:\/\/pubeurope.com\/@fr\/115296590255061601","error":""},"_links":{"self":[{"href":"https:\/\/www.europesays.com\/fr\/wp-json\/wp\/v2\/posts\/430066","targetHints":{"allow":["GET"]}}],"collection":[{"href":"https:\/\/www.europesays.com\/fr\/wp-json\/wp\/v2\/posts"}],"about":[{"href":"https:\/\/www.europesays.com\/fr\/wp-json\/wp\/v2\/types\/post"}],"author":[{"embeddable":true,"href":"https:\/\/www.europesays.com\/fr\/wp-json\/wp\/v2\/users\/2"}],"replies":[{"embeddable":true,"href":"https:\/\/www.europesays.com\/fr\/wp-json\/wp\/v2\/comments?post=430066"}],"version-history":[{"count":0,"href":"https:\/\/www.europesays.com\/fr\/wp-json\/wp\/v2\/posts\/430066\/revisions"}],"wp:featuredmedia":[{"embeddable":true,"href":"https:\/\/www.europesays.com\/fr\/wp-json\/wp\/v2\/media\/430067"}],"wp:attachment":[{"href":"https:\/\/www.europesays.com\/fr\/wp-json\/wp\/v2\/media?parent=430066"}],"wp:term":[{"taxonomy":"category","embeddable":true,"href":"https:\/\/www.europesays.com\/fr\/wp-json\/wp\/v2\/categories?post=430066"},{"taxonomy":"post_tag","embeddable":true,"href":"https:\/\/www.europesays.com\/fr\/wp-json\/wp\/v2\/tags?post=430066"}],"curies":[{"name":"wp","href":"https:\/\/api.w.org\/{rel}","templated":true}]}}