{"id":430068,"date":"2025-10-01T02:38:11","date_gmt":"2025-10-01T02:38:11","guid":{"rendered":"https:\/\/www.europesays.com\/fr\/430068\/"},"modified":"2025-10-01T02:38:11","modified_gmt":"2025-10-01T02:38:11","slug":"chez-dior-jonathan-anderson-a-lepreuve-du-feminin","status":"publish","type":"post","link":"https:\/\/www.europesays.com\/fr\/430068\/","title":{"rendered":"chez Dior, Jonathan Anderson \u00e0 l&rsquo;\u00e9preuve du f\u00e9minin"},"content":{"rendered":"<p class=\"mb-4 text-lg md:leading-8 break-words\">Jonathan Anderson va-t-il transformer l&rsquo;essai chez Dior? Apr\u00e8s une collection homme salu\u00e9e en juin, Paris attend mercredi son premier d\u00e9fil\u00e9 pr\u00eat-\u00e0-porter femme, rendez-vous cl\u00e9 pour tester sa capacit\u00e9 \u00e0 conjuguer vision et h\u00e9ritage de la maison.<\/p>\n<p class=\"mb-4 text-lg md:leading-8 break-words\">Le show, organis\u00e9 dans le Jardin des Tuileries \u00e0 14H30 (12H30 GMT), est l&rsquo;un des moments les plus attendus de la Fashion Week printemps-\u00e9t\u00e9 2026, avec les d\u00e9buts de Matthieu Blazy chez Chanel.<\/p>\n<p class=\"mb-4 text-lg md:leading-8 break-words\">A 41 ans, le Nord-Irlandais Jonathan Anderson est consid\u00e9r\u00e9 comme l&rsquo;un des enfants prodiges de la mode. Salu\u00e9 pour avoir propuls\u00e9 sur le devant de la sc\u00e8ne la griffe espagnole Loewe, \u00e9galement propri\u00e9t\u00e9 de LVMH, il s&rsquo;est forg\u00e9 une r\u00e9putation de cr\u00e9ateur aux coupes impeccables, avec une utilisation g\u00e9n\u00e9reuse de mat\u00e9riaux nobles, comme le cuir et le m\u00e9tal.<\/p>\n<p class=\"mb-4 text-lg md:leading-8 break-words\">Parmi ses cr\u00e9ations phares, des tenues de sc\u00e8ne pour Beyonc\u00e9 ou Rihanna. Il a \u00e9galement con\u00e7u les costumes de \u00ab\u00a0Challengers\u00a0\u00bb et \u00ab\u00a0Queer\u00a0\u00bb, deux films de l&rsquo;Italien Luca Guadagnino.<\/p>\n<p class=\"mb-4 text-lg md:leading-8 break-words\">Le styliste a une nouvelle fois soign\u00e9 ses invitations: apr\u00e8s une assiette orn\u00e9e d&rsquo;\u0153ufs en juin, un nouveau plat d\u00e9cor\u00e9 cette fois de noix en c\u00e9ramique a \u00e9t\u00e9 envoy\u00e9 aux convives.<\/p>\n<p class=\"mb-4 text-lg md:leading-8 break-words\">&#8211; \u00ab\u00a0Reprogrammer Dior\u00a0\u00bb &#8211;<\/p>\n<p class=\"mb-4 text-lg md:leading-8 break-words\">Nomm\u00e9 en juin en remplacement de Maria Grazia Chiuri, quelques semaines apr\u00e8s son arriv\u00e9e chez Dior Homme, il est devenu le premier styliste depuis Christian Dior \u00e0 superviser les trois lignes de la maison phare de LVMH, avec la haute couture.<\/p>\n<p class=\"mb-4 text-lg md:leading-8 break-words\">\u00ab\u00a0L&rsquo;enjeu essentiel aujourd&rsquo;hui, avec une seule t\u00eate \u00e0 la direction artistique de la maison, c&rsquo;est comment relier ces deux champs\u00a0\u00bb, explique \u00e0 l&rsquo;AFP Serge Carreira, professeur affili\u00e9 \u00e0 Sciences Po Paris et sp\u00e9cialiste de l&rsquo;industrie du luxe.<\/p>\n<p class=\"mb-4 text-lg md:leading-8 break-words\">\u00ab\u00a0Ce qui va \u00eatre int\u00e9ressant, c&rsquo;est de voir comment Anderson parvient \u00e0 trouver \u00e0 la fois des expressions diff\u00e9rentes, mais aussi une unit\u00e9\u00a0\u00bb, poursuit-il.<\/p>\n<p class=\"mb-4 text-lg md:leading-8 break-words\">Pour sa premi\u00e8re collection masculine, Jonathan Anderson avait puis\u00e9 dans les archives de la maison fond\u00e9e en 1946, en r\u00e9interpr\u00e9tant la robe Delft \u00e0 plis multiples via de larges shorts cargo ou en r\u00e9actualisant l&#8217;embl\u00e9matique veste Bar, tr\u00e8s cintr\u00e9e \u00e0 la taille et aux hanches arrondies.<\/p>\n<p class=\"mb-4 text-lg md:leading-8 break-words\">\u00ab\u00a0Mon id\u00e9e, c&rsquo;est qu&rsquo;il faut d\u00e9crypter et reprogrammer Dior (&#8230;) Dior, c&rsquo;est une maison capable de rena\u00eetre en elle-m\u00eame\u00a0\u00bb, expliquait-il alors.<\/p>\n<p class=\"mb-4 text-lg md:leading-8 break-words\">A quoi faut-il s&rsquo;attendre pour son premier vestiaire f\u00e9minin? \u00ab\u00a0Il est probable qu&rsquo;il y ait un tournant esth\u00e9tique assez profond par rapport \u00e0 Maria Grazia Chiuri\u00a0\u00bb, avance Elvire von Bardeleben, responsable de la rubrique mode du Monde.<\/p>\n<p class=\"mb-4 text-lg md:leading-8 break-words\">L&rsquo;ancienne directrice artistique, rest\u00e9e en poste pr\u00e8s de 10 ans, avait impos\u00e9 une esth\u00e9tique reconnaissable avec des robes de vestales et un vestiaire classique et pratique.<\/p>\n<p class=\"mb-4 text-lg md:leading-8 break-words\">\u00ab\u00a0Je pense que l&rsquo;intention d&rsquo;Anderson est d&rsquo;apporter un d\u00e9calage qui n&rsquo;existait pas chez elle\u00a0\u00bb, observe la sp\u00e9cialiste.<\/p>\n<p class=\"mb-4 text-lg md:leading-8 break-words\">&#8211; Roi des tapis rouges &#8211;<\/p>\n<p class=\"mb-4 text-lg md:leading-8 break-words\">Le styliste a d\u00e9j\u00e0 esquiss\u00e9 sa vision de la femme Dior \u00e0 travers une s\u00e9rie d&rsquo;apparitions sur tapis rouge et une campagne savamment orchestr\u00e9e.<\/p>\n<p class=\"mb-4 text-lg md:leading-8 break-words\">A la Mostra de Venise, l&rsquo;actrice italienne Alba Rohrwacher a arbor\u00e9 une robe haute couture bleu nuit aux plis \u00e9voquant les silhouettes paniers du XVIII\u1d49 si\u00e8cle, tandis que la com\u00e9dienne am\u00e9ricaine Monica Barbaro portait une longue robe noire ceintur\u00e9e souplement sur les hanches.<\/p>\n<p class=\"mb-4 text-lg md:leading-8 break-words\">Au festival de Toronto, l&rsquo;actrice anglo-am\u00e9ricaine Anya Taylor-Joy s&rsquo;est distingu\u00e9e dans une robe courte en soie bleu clair, con\u00e7ue comme un origami.<\/p>\n<p class=\"mb-4 text-lg md:leading-8 break-words\">Dior a \u00e9galement d\u00e9voil\u00e9 de nouvelles d\u00e9clinaisons du sac Lady Dior, revisit\u00e9 par Anderson en rose poudr\u00e9, bleu, gris, mais aussi en versions plus inattendues, orn\u00e9es de tr\u00e8fles ou de fleurs.<\/p>\n<p class=\"mb-4 text-lg md:leading-8 break-words\">L&rsquo;occasion \u00e9galement de pr\u00e9senter les nouvelles \u00e9g\u00e9ries: apr\u00e8s Kylian Mbapp\u00e9 pour l&rsquo;homme, les actrices Mikey Madison, Greta Lee et Mia Goth incarnent la ligne femme.<\/p>\n<p class=\"mb-4 text-lg md:leading-8 break-words\">Plus de 110 marques pr\u00e9sentent jusqu\u2019au 7 octobre leurs collections pr\u00eat-\u00e0-porter printemps-\u00e9t\u00e9 2026, \u00e0 travers 76 d\u00e9fil\u00e9s et 37 pr\u00e9sentations. Une Fashion Week parisienne marqu\u00e9e par un mercato in\u00e9dit et un renouveau artistique sans pr\u00e9c\u00e9dent.<\/p>\n<p class=\"mb-4 text-lg md:leading-8 break-words\">Outre les premiers pas de Jonathan Anderson et Matthieu Blazy, les regards se tourneront \u00e9galement vers les d\u00e9buts de Pierpaolo Piccioli chez Balenciaga et ceux de Duran Lantink chez Jean Paul Gaultier.<\/p>\n<p class=\"mb-4 text-lg md:leading-8 break-words\">mdv\/vg\/jlo\/clc\/vgu<\/p>\n","protected":false},"excerpt":{"rendered":"Jonathan Anderson va-t-il transformer l&rsquo;essai chez Dior? Apr\u00e8s une collection homme salu\u00e9e en juin, Paris attend mercredi son&hellip;\n","protected":false},"author":2,"featured_media":430069,"comment_status":"","ping_status":"","sticky":false,"template":"","format":"standard","meta":{"footnotes":""},"categories":[1888],"tags":[1111,1928,11,1927,21472,55839,1777,674,1011,27,34917,41077,12,1926,626,1925,25,13798],"class_list":{"0":"post-430068","1":"post","2":"type-post","3":"status-publish","4":"format-standard","5":"has-post-thumbnail","7":"category-paris","8":"tag-actu","9":"tag-actu-paris","10":"tag-actualites","11":"tag-actualites-paris","12":"tag-dior","13":"tag-dior-homme","14":"tag-eu","15":"tag-europe","16":"tag-fr","17":"tag-france","18":"tag-jonathan-anderson","19":"tag-matthieu-blazy","20":"tag-news","21":"tag-news-paris","22":"tag-paris","23":"tag-paris-news","24":"tag-republique-francaise","25":"tag-sciences-po-paris"},"share_on_mastodon":{"url":"https:\/\/pubeurope.com\/@fr\/115296593767506330","error":""},"_links":{"self":[{"href":"https:\/\/www.europesays.com\/fr\/wp-json\/wp\/v2\/posts\/430068","targetHints":{"allow":["GET"]}}],"collection":[{"href":"https:\/\/www.europesays.com\/fr\/wp-json\/wp\/v2\/posts"}],"about":[{"href":"https:\/\/www.europesays.com\/fr\/wp-json\/wp\/v2\/types\/post"}],"author":[{"embeddable":true,"href":"https:\/\/www.europesays.com\/fr\/wp-json\/wp\/v2\/users\/2"}],"replies":[{"embeddable":true,"href":"https:\/\/www.europesays.com\/fr\/wp-json\/wp\/v2\/comments?post=430068"}],"version-history":[{"count":0,"href":"https:\/\/www.europesays.com\/fr\/wp-json\/wp\/v2\/posts\/430068\/revisions"}],"wp:featuredmedia":[{"embeddable":true,"href":"https:\/\/www.europesays.com\/fr\/wp-json\/wp\/v2\/media\/430069"}],"wp:attachment":[{"href":"https:\/\/www.europesays.com\/fr\/wp-json\/wp\/v2\/media?parent=430068"}],"wp:term":[{"taxonomy":"category","embeddable":true,"href":"https:\/\/www.europesays.com\/fr\/wp-json\/wp\/v2\/categories?post=430068"},{"taxonomy":"post_tag","embeddable":true,"href":"https:\/\/www.europesays.com\/fr\/wp-json\/wp\/v2\/tags?post=430068"}],"curies":[{"name":"wp","href":"https:\/\/api.w.org\/{rel}","templated":true}]}}