{"id":430072,"date":"2025-10-01T02:41:20","date_gmt":"2025-10-01T02:41:20","guid":{"rendered":"https:\/\/www.europesays.com\/fr\/430072\/"},"modified":"2025-10-01T02:41:20","modified_gmt":"2025-10-01T02:41:20","slug":"lambassadeur-dafrique-du-sud-retrouve-mort-au-pied-dun-hotel-a-paris-2","status":"publish","type":"post","link":"https:\/\/www.europesays.com\/fr\/430072\/","title":{"rendered":"L&rsquo;ambassadeur d&rsquo;Afrique du Sud retrouv\u00e9 mort au pied d&rsquo;un h\u00f4tel \u00e0 Paris"},"content":{"rendered":"<ul class=\"jsx-862013697 ArticleChapo__List\">\n<li class=\"jsx-862013697 ArticleChapo__List_Item flex\">L&rsquo;ambassadeur d&rsquo;Afrique du Sud en France, Nathi Mthethwa, a \u00e9t\u00e9 retrouv\u00e9 mort ce mardi 20 septembre au pied de l&rsquo;h\u00f4tel Hyatt du XVIIe arrondissement \u00e0 Paris.<\/li>\n<li class=\"jsx-862013697 ArticleChapo__List_Item flex\">Plusieurs \u00e9l\u00e9ments laissent \u00e0 penser \u00e0 un suicide, selon des sources proches du dossier.<\/li>\n<\/ul>\n<p data-module=\"article-paragraph\" class=\"jsx-3046738180 Paragraph\">Un d\u00e9nouement macabre. Apr\u00e8s plusieurs heures de vaines recherches, l&rsquo;ambassadeur d&rsquo;<a href=\"https:\/\/www.tf1info.fr\/actualite\/afrique-du-sud-10085\/\" target=\"_blank\" rel=\"noopener\">Afrique du Sud <\/a>a \u00e9t\u00e9 retrouv\u00e9, mort, \u00e0 Paris. Le corps de Nkosinathi Emmanuel Nathi a \u00e9t\u00e9 d\u00e9couvert \u00e0 l&rsquo;aplomb de l&rsquo;h\u00f4tel Hyatt, situ\u00e9 porte Maillot dans le 17e arrondissement de la capitale.<\/p>\n<p data-module=\"article-paragraph\" class=\"jsx-3046738180 Paragraph\">Selon le parquet de Paris, la fen\u00eatre s\u00e9curis\u00e9e de la chambre lou\u00e9e au 22e \u00e9tage par Emmanuel Mthethwa a \u00e9t\u00e9 forc\u00e9e \u00e0 l&rsquo;aide de ciseaux retrouv\u00e9s sur place. \u00ab\u00a0Les enqu\u00eateurs n\u2019ont relev\u00e9 aucune trace de lutte ni trace de m\u00e9dicament ou de stup\u00e9fiant\u00a0\u00bb, a fait savoir le parquet de Paris dans un communiqu\u00e9.\u00a0<\/p>\n<p data-module=\"article-paragraph\" class=\"jsx-3046738180 Paragraph Paragraph__End\">Selon une source proche du dossier contact\u00e9e par l&rsquo;AFP, l&rsquo;ambassadeur de 58 ans \u00e9tait d\u00e9pressif et pourrait avoir mis fin \u00e0 ses jours.<\/p>\n<p>Sa disparition signal\u00e9e par son \u00e9pouse<\/p>\n<p data-module=\"article-paragraph\" class=\"jsx-3046738180 Paragraph\">Sa disparition avait \u00e9t\u00e9 signal\u00e9e le 29 septembre par son \u00e9pouse, qui a indiqu\u00e9 avoir re\u00e7u un message inqui\u00e9tant de sa part dans la soir\u00e9e \u00ab\u00a0dans lequel il lui pr\u00e9sentait ses excusess et manifestait l&rsquo;intention de mettre fin \u00e0 ses jours\u00a0\u00bb, indique Laure Beccuau, la procureure de la R\u00e9publique dans le communiqu\u00e9.\u00a0<\/p>\n<p data-module=\"article-paragraph\" class=\"jsx-3046738180 Paragraph Paragraph__End\">A la suite de cet \u00e9v\u00e9nement, le parquet de Paris a ouvert une enqu\u00eate en recherche des causes de la mort, confi\u00e9e au 1er district de police judiciaire de la pr\u00e9fecture de police. \u00ab\u00a0Si les premi\u00e8res investigations laissent penser qu\u2019il \u00a0pourrait s\u2019agir d\u2019un acte d\u00e9lib\u00e9r\u00e9, sans intervention d\u2019un tiers, note la procureure, cette enqu\u00eate a pour objectif de \u00a0recueillir tout \u00e9l\u00e9ment utile \u00e0 la compr\u00e9hension des faits\u00a0\u00bb.<\/p>\n<p data-module=\"article-paragraph\" class=\"jsx-3046738180 Paragraph Paragraph__End\">Nkosinathi Emmanuel Nathi Mthethwa a \u00e9t\u00e9 ministre des Arts et de la Culture de la R\u00e9publique d&rsquo;Afrique du Sud de 2014 \u00e0 2019, puis ministre des Sports, des Arts et de la Culture jusqu&rsquo;en 2023, selon le site de son ambassade. En juillet 2019, il avait prononc\u00e9 un discours lors d&rsquo;une c\u00e9r\u00e9monie d&rsquo;hommage apr\u00e8s<a href=\"https:\/\/www.tf1info.fr\/culture\/mort-du-chanteur-sud-africain-johnny-clegg-l-emouvant-hommage-de-son-fils-jesse-2127184.html\" target=\"_blank\" rel=\"noopener\"> la disparition du chanteur Johnny Clegg<\/a>, dit le \u00ab\u00a0Zoulou blanc\u00a0\u00bb, une des grandes voix de la lutte contre l&rsquo;apartheid : \u00ab\u00a0Par sa musique, il nous a inspir\u00e9 courage alors que nous luttions pour sortir d&rsquo;une longue nuit de d\u00e9sespoir\u00a0\u00bb.<\/p>\n<p><a href=\"https:\/\/www.tf1info.fr\/international\/expulse-par-donald-trump-l-ambassadeur-d-afrique-du-sud-ebrahim-rasool-rentre-sans-regrets-2360953.html\" rel=\"noopener\" class=\"jsx-3308031228 Link flex\" target=\"_blank\"><img decoding=\"async\" src=\"https:\/\/www.europesays.com\/fr\/wp-content\/uploads\/2025\/10\/ambassadeur-afrique-du-sud-usa-ebrahim-rasool-53d7b2-0@1x.jpeg\" alt=\"L'ambassadeur Ebrahim Rasool accueilli chaleureusement en Afrique du Sud le 23 mars 2025 apr\u00e8s avoir \u00e9t\u00e9 expuls\u00e9 des \u00c9tats-Unis.\" loading=\"lazy\" importance=\"low\" fetchpriority=\"low\" class=\"\" aria-hidden=\"true\"\/><\/p>\n<p class=\"jsx-3657663356 ReadMoreArticle__Title\">Lire aussi<\/p>\n<p class=\"jsx-3657663356\">Expuls\u00e9 par Donald Trump, l&rsquo;ambassadeur d&rsquo;Afrique du Sud \u00ab\u00a0rentre sans regrets\u00a0\u00bb<\/p>\n<p><\/a><\/p>\n<p data-module=\"article-paragraph\" class=\"jsx-3046738180 Paragraph Paragraph__End\">Entre 2007 et 2022, il a \u00e9t\u00e9 un haut responsable du Congr\u00e8s national africain (ANC), parti au pouvoir depuis les premi\u00e8res \u00e9lections d\u00e9mocratiques en 1994. Il avait \u0153uvr\u00e9 dans la clandestinit\u00e9 au sein de l&rsquo;aile militaire de l&rsquo;ANC, durant l&rsquo;apartheid et avait notamment \u00e9t\u00e9 arr\u00eat\u00e9 pendant l&rsquo;\u00e9tat d&rsquo;urgence en 1989 (fin de l&rsquo;apartheid en 1991).<\/p>\n<p>Thomas GUIEN<\/p>\n","protected":false},"excerpt":{"rendered":"L&rsquo;ambassadeur d&rsquo;Afrique du Sud en France, Nathi Mthethwa, a \u00e9t\u00e9 retrouv\u00e9 mort ce mardi 20 septembre au pied&hellip;\n","protected":false},"author":2,"featured_media":430073,"comment_status":"","ping_status":"","sticky":false,"template":"","format":"standard","meta":{"footnotes":""},"categories":[1888],"tags":[1111,11,5594,1921,1777,674,1011,27,1922,2954,12,626,1072,25,133,2953],"class_list":{"0":"post-430072","1":"post","2":"type-post","3":"status-publish","4":"format-standard","5":"has-post-thumbnail","7":"category-paris","8":"tag-actu","9":"tag-actualites","10":"tag-afrique-du-sud","11":"tag-article-video","12":"tag-eu","13":"tag-europe","14":"tag-fr","15":"tag-france","16":"tag-info","17":"tag-justice-et-faits-divers","18":"tag-news","19":"tag-paris","20":"tag-police","21":"tag-republique-francaise","22":"tag-video","23":"tag-video-police"},"share_on_mastodon":{"url":"https:\/\/pubeurope.com\/@fr\/115296605945378760","error":""},"_links":{"self":[{"href":"https:\/\/www.europesays.com\/fr\/wp-json\/wp\/v2\/posts\/430072","targetHints":{"allow":["GET"]}}],"collection":[{"href":"https:\/\/www.europesays.com\/fr\/wp-json\/wp\/v2\/posts"}],"about":[{"href":"https:\/\/www.europesays.com\/fr\/wp-json\/wp\/v2\/types\/post"}],"author":[{"embeddable":true,"href":"https:\/\/www.europesays.com\/fr\/wp-json\/wp\/v2\/users\/2"}],"replies":[{"embeddable":true,"href":"https:\/\/www.europesays.com\/fr\/wp-json\/wp\/v2\/comments?post=430072"}],"version-history":[{"count":0,"href":"https:\/\/www.europesays.com\/fr\/wp-json\/wp\/v2\/posts\/430072\/revisions"}],"wp:featuredmedia":[{"embeddable":true,"href":"https:\/\/www.europesays.com\/fr\/wp-json\/wp\/v2\/media\/430073"}],"wp:attachment":[{"href":"https:\/\/www.europesays.com\/fr\/wp-json\/wp\/v2\/media?parent=430072"}],"wp:term":[{"taxonomy":"category","embeddable":true,"href":"https:\/\/www.europesays.com\/fr\/wp-json\/wp\/v2\/categories?post=430072"},{"taxonomy":"post_tag","embeddable":true,"href":"https:\/\/www.europesays.com\/fr\/wp-json\/wp\/v2\/tags?post=430072"}],"curies":[{"name":"wp","href":"https:\/\/api.w.org\/{rel}","templated":true}]}}