{"id":430082,"date":"2025-10-01T02:46:17","date_gmt":"2025-10-01T02:46:17","guid":{"rendered":"https:\/\/www.europesays.com\/fr\/430082\/"},"modified":"2025-10-01T02:46:17","modified_gmt":"2025-10-01T02:46:17","slug":"le-taux-de-chomage-en-allemagne-se-stabilise-a-63-en-septembre","status":"publish","type":"post","link":"https:\/\/www.europesays.com\/fr\/430082\/","title":{"rendered":"Le taux de ch\u00f4mage en Allemagne se stabilise \u00e0 6,3% en septembre"},"content":{"rendered":"<p class=\"fig-paragraph\">Le taux de ch\u00f4mage en Allemagne est rest\u00e9 inchang\u00e9 en septembre \u00e0 6,3%, en donn\u00e9es corrig\u00e9es des variations saisonni\u00e8res, un niveau stable depuis mars, au moment o\u00f9 le gouvernement Merz cogite sur un paquet de r\u00e9formes pour relancer l&rsquo;\u00e9conomie. En donn\u00e9es brutes publi\u00e9es mardi, le nombre de ch\u00f4meurs a baiss\u00e9 en septembre de 70.000 personnes sur un mois pour s&rsquo;\u00e9tablir \u00e0 2,96 millions, en dessous du seuil symbolique des 3 millions atteint en ao\u00fbt, qui \u00e9tait une premi\u00e8re depuis 2015.<\/p>\n<p class=\"fig-paragraph\">Mais l&rsquo;Agence f\u00e9d\u00e9rale pour l&#8217;emploi souligne l&rsquo;absence \u00abd&rsquo;impulsions\u00a0<a href=\"http:\/\/www.lefigaro.fr\/conjoncture\/pourquoi-le-modele-economique-allemand-est-il-menace-d-effondrement-20241112\" data-fig-type=\"Article\" data-gtm-custom-categorie=\"navigation\" data-gtm-custom-action=\"crossclick\" data-gtm-custom-label=\"Contextuel\" data-gtm-event=\"customEventSPE\" data-fig-domain=\"LEFIGARO\" target=\"_blank\" rel=\"noopener\">n\u00e9cessaires \u00e0 une reprise plus forte\u00bb de l&rsquo;\u00e9conomie<\/a>, faisant que \u00ables chances de sortir du ch\u00f4mage en trouvant un emploi sont \u00e0 un niveau historiquement bas\u00bb. Le ch\u00f4mage augmente r\u00e9guli\u00e8rement depuis un point bas de 2,2 millions de personnes en mai 2022, illustrant les difficult\u00e9s que traverse la premi\u00e8re \u00e9conomie europ\u00e9enne. Son industrie subit la hausse des prix de l&rsquo;\u00e9nergie depuis l&rsquo;invasion russe en Ukraine, et p\u00e2tit de la baisse de la demande mondiale et de la concurrence asiatique.<\/p>\n<p>                                    <a class=\"fig-a11y-skip a11y-hidden\" href=\"#fig-a11y-skip-main-inarticle\"><br \/>\n        Passer la publicit\u00e9<br \/>\n    <\/a><\/p>\n<p>March\u00e9 du travail d\u00e9s\u00e9quilibr\u00e9<\/p>\n<p class=\"fig-paragraph\">\u00abL&rsquo;\u00e9quilibre sur le march\u00e9 du travail est en train de basculer. L&#8217;emploi ne cro\u00eet pratiquement plus que dans la fonction publique, l&rsquo;\u00e9ducation et la sant\u00e9\u00bb, tandis qu&rsquo;il recule dans l&rsquo;industrie, \u00ab\u00e9pine dorsale de l&rsquo;\u00e9conomie\u00bb, a comment\u00e9 le pr\u00e9sident du patronat allemand (BDA), Rainer Dulger, r\u00e9it\u00e9rant son appel \u00e0 des r\u00e9formes d&rsquo;urgence pour favoriser l&#8217;emploi. Depuis 2019, ce sont pr\u00e8s de 250.000 emplois industriels qui ont disparu en Allemagne, surtout dans l&rsquo;automobile, a relev\u00e9 le cabinet EY.<\/p>\n<p class=\"fig-paragraph\">La semaine derni\u00e8re, le\u00a0<a href=\"https:\/\/video.lefigaro.fr\/figaro\/actualite-france\/lequipementier-automobile-bosh-supprime-13-000-emplois-20250925\" data-fig-type=\"Video\" data-gtm-custom-categorie=\"navigation\" data-gtm-custom-action=\"crossclick\" data-gtm-custom-label=\"Contextuel\" data-gtm-event=\"customEventSPE\" data-fig-domain=\"LEFIGARO\" target=\"_blank\" rel=\"noopener\">premier \u00e9quipementier automobile mondial Bosch<\/a>\u00a0a annonc\u00e9 la suppression de 13.000 postes suppl\u00e9mentaires d&rsquo;ici 2030 en Allemagne, o\u00f9 ses capacit\u00e9s sont sous-exploit\u00e9es par rapport \u00e0 la concurrence chinoise. Le chancelier allemand conservateur (CDU) Friedrich Merz promet quant \u00e0 lui un \u00abautomne des r\u00e9formes\u00bb, visant retraites, ch\u00f4mage et assurance maladie. Son gouvernement de coalition avec le Parti social-d\u00e9mocrate est r\u00e9uni mardi et mercredi en s\u00e9minaire pour d\u00e9cider de mesures pour am\u00e9liorer la comp\u00e9titivit\u00e9 du pays.<\/p>\n","protected":false},"excerpt":{"rendered":"Le taux de ch\u00f4mage en Allemagne est rest\u00e9 inchang\u00e9 en septembre \u00e0 6,3%, en donn\u00e9es corrig\u00e9es des variations&hellip;\n","protected":false},"author":2,"featured_media":430083,"comment_status":"","ping_status":"","sticky":false,"template":"","format":"standard","meta":{"footnotes":""},"categories":[1587],"tags":[11,672,1804,214,1805,1803,1777,674,1801,12,1802],"class_list":{"0":"post-430082","1":"post","2":"type-post","3":"status-publish","4":"format-standard","5":"has-post-thumbnail","7":"category-allemagne","8":"tag-actualites","9":"tag-allemagne","10":"tag-bundesrepublik-deutschland","11":"tag-chomage","12":"tag-de","13":"tag-deutschland","14":"tag-eu","15":"tag-europe","16":"tag-germany","17":"tag-news","18":"tag-republique-federale-dallemagne"},"share_on_mastodon":{"url":"https:\/\/pubeurope.com\/@fr\/115296625515500750","error":""},"_links":{"self":[{"href":"https:\/\/www.europesays.com\/fr\/wp-json\/wp\/v2\/posts\/430082","targetHints":{"allow":["GET"]}}],"collection":[{"href":"https:\/\/www.europesays.com\/fr\/wp-json\/wp\/v2\/posts"}],"about":[{"href":"https:\/\/www.europesays.com\/fr\/wp-json\/wp\/v2\/types\/post"}],"author":[{"embeddable":true,"href":"https:\/\/www.europesays.com\/fr\/wp-json\/wp\/v2\/users\/2"}],"replies":[{"embeddable":true,"href":"https:\/\/www.europesays.com\/fr\/wp-json\/wp\/v2\/comments?post=430082"}],"version-history":[{"count":0,"href":"https:\/\/www.europesays.com\/fr\/wp-json\/wp\/v2\/posts\/430082\/revisions"}],"wp:featuredmedia":[{"embeddable":true,"href":"https:\/\/www.europesays.com\/fr\/wp-json\/wp\/v2\/media\/430083"}],"wp:attachment":[{"href":"https:\/\/www.europesays.com\/fr\/wp-json\/wp\/v2\/media?parent=430082"}],"wp:term":[{"taxonomy":"category","embeddable":true,"href":"https:\/\/www.europesays.com\/fr\/wp-json\/wp\/v2\/categories?post=430082"},{"taxonomy":"post_tag","embeddable":true,"href":"https:\/\/www.europesays.com\/fr\/wp-json\/wp\/v2\/tags?post=430082"}],"curies":[{"name":"wp","href":"https:\/\/api.w.org\/{rel}","templated":true}]}}