{"id":430088,"date":"2025-10-01T02:49:14","date_gmt":"2025-10-01T02:49:14","guid":{"rendered":"https:\/\/www.europesays.com\/fr\/430088\/"},"modified":"2025-10-01T02:49:14","modified_gmt":"2025-10-01T02:49:14","slug":"le-socle-commun-trouve-un-accord-pour-offrir-au-rassemblement-national-des-postes-cles-a-lassemblee","status":"publish","type":"post","link":"https:\/\/www.europesays.com\/fr\/430088\/","title":{"rendered":"Le socle commun trouve un accord pour offrir au Rassemblement national des postes-cl\u00e9s \u00e0 l\u2019Assembl\u00e9e"},"content":{"rendered":"<p>        <img decoding=\"async\" loading=\"lazy\" src=\"https:\/\/www.europesays.com\/fr\/wp-content\/uploads\/2025\/10\/b96a6b2_upload-1-e5ok9htdex2b-afp-20250709-hl-quentindegroeve-2827981-v1-midres-francepoliticsparlia.jpeg\"  width=\"728\" height=\"410\" alt=\"Une photo prise \u00e0 l\u2019Assemblee nationale, le 9 juillet 2025.\"\/>  <\/p>\n<p>QUENTIN DE GROEVE \/ Hans Lucas via AFP<\/p>\n<p>Une photo prise \u00e0 l\u2019Assemblee nationale, le 9 juillet 2025.<\/p>\n<p class=\"asset asset-text\">POLITIQUE &#8211; Les tractations politiques vont bon en train dans les coulisses de l\u2019<a href=\"https:\/\/www.huffingtonpost.fr\/politique\/article\/sebastion-lecornu-rn-ps-tout-le-monde-a-les-yeux-tournes-vers-ces-elections-a-l-assemblee_255243.html\" target=\"_blank\" rel=\"noopener\">Assembl\u00e9e nationale<\/a> ces derni\u00e8res heures. \u00c0 la recherche d\u2019un pacte de candidatures aux postes-cl\u00e9s de l\u2019h\u00e9micycle, les groupes du bloc central ont trouv\u00e9 un accord ce mardi 30\u00a0septembre avec le renoncement du vice-pr\u00e9sident macroniste Roland Lescure \u00e0 briguer sa propre succession, au profit du MoDem, selon plusieurs sources parlementaires.<\/p>\n<p class=\"asset asset-text\">L\u2019Assembl\u00e9e renouvellera mercredi et jeudi plusieurs postes cruciaux, dont le Bureau, sa plus haute instance ex\u00e9cutive (six vice-pr\u00e9sidents, trois questeurs et douze secr\u00e9taires).<\/p>\n<p class=\"asset asset-text\">La pr\u00e9sidente Ya\u00ebl Braun-Pivet (Renaissance) a propos\u00e9 une r\u00e9partition proportionnelle entre groupes politiques, avec notamment deux vice-pr\u00e9sidents \u00e0 gauche, deux au bloc central, et deux au <a href=\"https:\/\/www.huffingtonpost.fr\/politique\/article\/le-rn-pourrait-se-laisser-convaincre-de-ne-pas-censurer-sebastien-lecornu-a-deux-conditions_255410.html\" target=\"_blank\" rel=\"noopener\">Rassemblement national<\/a>. La coalition gouvernementale en d\u00e9tient actuellement trois.<\/p>\n<p class=\"asset asset-text\">La gauche, fermement oppos\u00e9e \u00e0 un retour du RN au Bureau, l\u2019a refus\u00e9e, et il faudra donc passer par des votes dans l\u2019h\u00e9micycle. Les groupes du bloc central, et l\u2019alliance RN-UDR, entendent forcer la r\u00e9partition proportionnelle avec leurs voix conjugu\u00e9es, avant d\u2019encha\u00eener jeudi par le renouvellement des pr\u00e9sidences de commissions.<\/p>\n<p class=\"asset asset-text\">Encore faut-il que les groupes du bloc central s\u2019accordent entre eux sur leur quota de postes \u00e0 r\u00e9partir. Ils ont fait un pas important ce mardi avec le renoncement du macroniste Roland Lescure \u00e0 se faire r\u00e9\u00e9lire vice-pr\u00e9sident.<\/p>\n<p>    Interrogations sur le poste de rapporteur g\u00e9n\u00e9ral du budget de l\u2019\u00c9tat    <\/p>\n<p class=\"asset asset-text\">\u00ab\u00a0Roland Lescure renonce \u00e0 sa vice-pr\u00e9sidence, ce qui permet de d\u00e9bloquer les discussions au sein du socle commun et de permettre au MoDem de pr\u00e9tendre \u00e0 une vice-pr\u00e9sidence\u00a0\u00bb, a confirm\u00e9 son entourage \u00e0 l\u2019AFP.<\/p>\n<p class=\"asset asset-text\">Le nom de l\u2019ancien ministre de l\u2019Industrie circule dans les rumeurs pour le gouvernement du Premier ministre <a href=\"https:\/\/www.huffingtonpost.fr\/politique\/article\/baisses-d-impots-justice-fiscale-les-pistes-de-lecornu-exposees-devant-ses-allies_255401.html\" target=\"_blank\" rel=\"noopener\">S\u00e9bastien Lecornu<\/a>.<\/p>\n<p class=\"asset asset-text\">Selon plusieurs sources parlementaires, le MoDem devrait en retour laisser LR candidater jeudi au nom du socle commun \u00e0 la pr\u00e9sidence de la commission des affaires culturelles, aujourd\u2019hui propri\u00e9t\u00e9 des socialistes. Et Ensemble pour la R\u00e9publique (groupe macroniste) devrait tenter de ravir les affaires \u00e9conomiques \u00e0 LFI.<\/p>\n<p class=\"asset asset-text\">Un point reste en suspens\u00a0: qui des macronistes ou de la droite tentera de r\u00e9cup\u00e9rer le poste de rapporteur g\u00e9n\u00e9ral du budget de l\u2019\u00c9tat, occup\u00e9 par <a href=\"https:\/\/www.huffingtonpost.fr\/politique\/article\/budget-2025-eric-coquerel-charles-de-courson-le-duo-improbable-qui-secoue-les-debats-clx1_241283.html\" target=\"_blank\" rel=\"noopener\">Charles de Courson<\/a> (Liot), membre de l\u2019opposition.<\/p>\n<p class=\"asset asset-text\">\u00ab\u00a0Laurent Wauquiez (patron des d\u00e9put\u00e9s LR) est quand m\u00eame gourmand, il veut plus que son quota\u00a0\u00bb, pique une source macroniste, relevant qu\u2019un d\u00e9put\u00e9 LR est d\u00e9j\u00e0 rapporteur g\u00e9n\u00e9ral du budget de la S\u00e9curit\u00e9 sociale. \u00ab\u00a0C\u2019est notre juste part\u00a0\u00bb, estime une source LR, arguant que le groupe ne brigue qu\u2019une seule pr\u00e9sidence de commission.<\/p>\n","protected":false},"excerpt":{"rendered":"QUENTIN DE GROEVE \/ Hans Lucas via AFP Une photo prise \u00e0 l\u2019Assemblee nationale, le 9 juillet 2025.&hellip;\n","protected":false},"author":2,"featured_media":430089,"comment_status":"","ping_status":"","sticky":false,"template":"","format":"standard","meta":{"footnotes":""},"categories":[2],"tags":[11,416,1011,27,2759,12,316,1078,3370,25,6385],"class_list":{"0":"post-430088","1":"post","2":"type-post","3":"status-publish","4":"format-standard","5":"has-post-thumbnail","7":"category-actualites","8":"tag-actualites","9":"tag-assemblee-nationale","10":"tag-fr","11":"tag-france","12":"tag-modem","13":"tag-news","14":"tag-politique","15":"tag-rassemblement-national","16":"tag-renaissance","17":"tag-republique-francaise","18":"tag-yael-braun-pivet"},"share_on_mastodon":{"url":"https:\/\/pubeurope.com\/@fr\/115296637058736673","error":""},"_links":{"self":[{"href":"https:\/\/www.europesays.com\/fr\/wp-json\/wp\/v2\/posts\/430088","targetHints":{"allow":["GET"]}}],"collection":[{"href":"https:\/\/www.europesays.com\/fr\/wp-json\/wp\/v2\/posts"}],"about":[{"href":"https:\/\/www.europesays.com\/fr\/wp-json\/wp\/v2\/types\/post"}],"author":[{"embeddable":true,"href":"https:\/\/www.europesays.com\/fr\/wp-json\/wp\/v2\/users\/2"}],"replies":[{"embeddable":true,"href":"https:\/\/www.europesays.com\/fr\/wp-json\/wp\/v2\/comments?post=430088"}],"version-history":[{"count":0,"href":"https:\/\/www.europesays.com\/fr\/wp-json\/wp\/v2\/posts\/430088\/revisions"}],"wp:featuredmedia":[{"embeddable":true,"href":"https:\/\/www.europesays.com\/fr\/wp-json\/wp\/v2\/media\/430089"}],"wp:attachment":[{"href":"https:\/\/www.europesays.com\/fr\/wp-json\/wp\/v2\/media?parent=430088"}],"wp:term":[{"taxonomy":"category","embeddable":true,"href":"https:\/\/www.europesays.com\/fr\/wp-json\/wp\/v2\/categories?post=430088"},{"taxonomy":"post_tag","embeddable":true,"href":"https:\/\/www.europesays.com\/fr\/wp-json\/wp\/v2\/tags?post=430088"}],"curies":[{"name":"wp","href":"https:\/\/api.w.org\/{rel}","templated":true}]}}