{"id":430096,"date":"2025-10-01T02:55:17","date_gmt":"2025-10-01T02:55:17","guid":{"rendered":"https:\/\/www.europesays.com\/fr\/430096\/"},"modified":"2025-10-01T02:55:17","modified_gmt":"2025-10-01T02:55:17","slug":"resultat-learner-tien-daniil-medvedev-atp-500-pekin-demi-finales-mardi-30-septembre-2025-lequipe","status":"publish","type":"post","link":"https:\/\/www.europesays.com\/fr\/430096\/","title":{"rendered":"R\u00e9sultat : Learner Tien &#8211; Daniil Medvedev, ATP 500, P\u00e9kin, Demi-finales, Mardi 30 septembre 2025 &#8211; L&#039;\u00c9quipe"},"content":{"rendered":"<ol>\n<li><a href=\"https:\/\/news.google.com\/rss\/articles\/CBMiwwFBVV95cUxPTzBNSGdPMFJTWWhIMllHUnFSUFBBdWVBWXFYdUZSelpRZkVoMjY5cVpFVGJGT0VtVnlIVS1mM3ZIdzRDRTR4TWpCdlJGT3cwOFVabnpGVVBaQWljQ3NvZzNTaDR2YjczaEtSQ2pMX1B0eGRYbTV5TUJkZjBQWjVlVGNaaWxpU2Z6ZGw0V0hUd0dtald2MXJVM0UyQmw4RmFsQjRLNlNrX1hQamtFcEs2dHVpbklKUHNuRW9LQWZ3WUZrU2s?oc=5\" target=\"_blank\" rel=\"nofollow noopener\">R\u00e9sultat : Learner Tien &#8211; Daniil Medvedev, ATP 500, P\u00e9kin, Demi-finales, Mardi 30 septembre 2025<\/a>&nbsp;&nbsp;L&rsquo;\u00c9quipe<\/li>\n<li><a href=\"https:\/\/news.google.com\/rss\/articles\/CBMiqwFBVV95cUxOZEF6U2d5clBLWm5MeGZsRnowZFl4MmVNOEZ6WGZDN3hkLXZfQ21sTmNYUGdEcUZpQ2t3dWcyaVozVDdpalZqVFVfZll4bEhSNWZzaVpDNmJzOFQyRnFlT1hzcVdaNEd1bFI1eDEwcTJZTjBYdnhHNDFpd29MUnNQUUNITmo3N3VSbmJUSk9uN0dld1lBcUFLU09XTjhEeWxLZThJRGZwSGNaOFk?oc=5\" target=\"_blank\" rel=\"nofollow noopener\">Bodo\/Glimt 2-2 Tottenham, Ligue des champions : r\u00e9sum\u00e9 du match (30\/09\/2025)<\/a>&nbsp;&nbsp;L&rsquo;\u00c9quipe<\/li>\n<li><a href=\"https:\/\/news.google.com\/rss\/articles\/CBMilgFBVV95cUxOYnVTUHA4RTZqaEJ1b0hqaEQzeVZ6MVExZjgzYjN2M0s4N2J4UkNpakdvdm44VHg3WElpMVFGeUZrNmhZUW9qTEhNNnA2UGwwVXliZDBPXzJxejUwVklBbWNMcVkyZDhSN2oyTThnZV9PWUt4Z3puTGFrY05memhYZVNVWS1XYjR5c3JDUkoxN1gzSGVRaUE?oc=5\" target=\"_blank\" rel=\"nofollow noopener\">France : Amine Hemia passeur et buteur (vid\u00e9o)<\/a>&nbsp;&nbsp;DZfoot<\/li>\n<li><a href=\"https:\/\/news.google.com\/rss\/articles\/CBMikAJBVV95cUxNZzlVb2ZHLVBRWFJsN0JWZnBTWVh5cGxFZEd3WF9rWGMtQ201MUNFZEVUUWctTU1ncm1jUDllRU1VeDZUNkJ1RXMxVWdfUUJDUTZFNlR5YkZPT3BYLTlBcFdzRmdsaEpQM0NicFBKZnp2aHd5dFlXc0pmdjZlNVZPMmVqNnVpSGRQbXFqYnZjWDdYM3Fab1RJcl8xWWhfYjlGNTVMQVpXOVExU01mcUVHbUYwSXRiVE5FZXFlc1JRTW05R2I2OWJONmVjYV9NZy1qaWR6ejVDWWp3dlBGS0JsR1BTZ0RJbFBFbXJYYjN5aDIxTGhOd1YyOUEzWGw5NDFtamVYMTNPTlVGdFpmTktnUw?oc=5\" target=\"_blank\" rel=\"nofollow noopener\">EA Guingamp. \u00ab Savoir g\u00e9rer les temps faibles \u00bb : des entames spectaculaires, des fins sous tension<\/a>&nbsp;&nbsp;Ouest-France<\/li>\n<li><a href=\"https:\/\/news.google.com\/rss\/articles\/CBMiqgFBVV95cUxQSENqWk9ZQ3BKeE95eU5LVnpWOEFpOEtqTVJyRU11MDdmMjQ4MW96MEJyMnZPZGVvMUI1V0dlTXI2blRKX0ZpdlZKOTBKbUloMU5senpva0VDS0t6NmgwS3VBd2d1RS1UNjloY3ltaDUwWTcxZFpaTHhKSW5NS01VLTFTQThmR3VGY0V2UHkydUNRcFFVUHFEWXN4SFVYYnVzX040R19DQTgyUQ?oc=5\" target=\"_blank\" rel=\"nofollow noopener\">Ligue 2 : Dunkerque s\u2019est r\u00e9veill\u00e9 trop tard \u00e0 Guingamp<\/a>&nbsp;&nbsp;La Voix du Nord<\/li>\n<\/ol>\n","protected":false},"excerpt":{"rendered":"R\u00e9sultat : Learner Tien &#8211; Daniil Medvedev, ATP 500, P\u00e9kin, Demi-finales, Mardi 30 septembre 2025&nbsp;&nbsp;L&rsquo;\u00c9quipe Bodo\/Glimt 2-2 Tottenham,&hellip;\n","protected":false},"author":2,"featured_media":1983,"comment_status":"","ping_status":"","sticky":false,"template":"","format":"standard","meta":{"footnotes":""},"categories":[1415],"tags":[1011,27,60,1467],"class_list":{"0":"post-430096","1":"post","2":"type-post","3":"status-publish","4":"format-standard","5":"has-post-thumbnail","7":"category-tennis","8":"tag-fr","9":"tag-france","10":"tag-sports","11":"tag-tennis"},"share_on_mastodon":{"url":"https:\/\/pubeurope.com\/@fr\/115296660515971575","error":""},"_links":{"self":[{"href":"https:\/\/www.europesays.com\/fr\/wp-json\/wp\/v2\/posts\/430096","targetHints":{"allow":["GET"]}}],"collection":[{"href":"https:\/\/www.europesays.com\/fr\/wp-json\/wp\/v2\/posts"}],"about":[{"href":"https:\/\/www.europesays.com\/fr\/wp-json\/wp\/v2\/types\/post"}],"author":[{"embeddable":true,"href":"https:\/\/www.europesays.com\/fr\/wp-json\/wp\/v2\/users\/2"}],"replies":[{"embeddable":true,"href":"https:\/\/www.europesays.com\/fr\/wp-json\/wp\/v2\/comments?post=430096"}],"version-history":[{"count":0,"href":"https:\/\/www.europesays.com\/fr\/wp-json\/wp\/v2\/posts\/430096\/revisions"}],"wp:featuredmedia":[{"embeddable":true,"href":"https:\/\/www.europesays.com\/fr\/wp-json\/wp\/v2\/media\/1983"}],"wp:attachment":[{"href":"https:\/\/www.europesays.com\/fr\/wp-json\/wp\/v2\/media?parent=430096"}],"wp:term":[{"taxonomy":"category","embeddable":true,"href":"https:\/\/www.europesays.com\/fr\/wp-json\/wp\/v2\/categories?post=430096"},{"taxonomy":"post_tag","embeddable":true,"href":"https:\/\/www.europesays.com\/fr\/wp-json\/wp\/v2\/tags?post=430096"}],"curies":[{"name":"wp","href":"https:\/\/api.w.org\/{rel}","templated":true}]}}