{"id":430097,"date":"2025-10-01T02:58:11","date_gmt":"2025-10-01T02:58:11","guid":{"rendered":"https:\/\/www.europesays.com\/fr\/430097\/"},"modified":"2025-10-01T02:58:11","modified_gmt":"2025-10-01T02:58:11","slug":"lamine-yamal-psg-lannonce-totalement-inattendue","status":"publish","type":"post","link":"https:\/\/www.europesays.com\/fr\/430097\/","title":{"rendered":"Lamine Yamal &#8211; PSG : L&rsquo;annonce totalement inattendue !"},"content":{"rendered":"<p>                    Arthur Montagne<br \/>\n                        &#8211;<\/p>\n<p>Journaliste<\/p>\n<p>Affam\u00e9 de sport, il a grandi au son des moteurs de Formule 1 et des exploits de Ronaldinho. Aujourd\u2019hui, diplom\u00e9 d&rsquo;un Master de journalisme de sport, il ne rate plus un Grand Prix de F1 ni un match du PSG, ses deux passions et sp\u00e9cialit\u00e9s<\/p>\n<p class=\"heading\">Avant le choc contre le PSG, Hansi Flick s&rsquo;est pr\u00e9sent\u00e9 en conf\u00e9rence de presse et a notamment \u00e9voqu\u00e9 la mont\u00e9e en puissance de Lamine Yamal, un temps incertain. Cependant, de fa\u00e7on assez inattendue, le coach du FC Barcelone calme les ardeurs autour de sa star et demande de se concentrer sur le reste de son effectif.<\/p>\n<p>Mercredi soir, bien qu&rsquo;<strong>Ousmane Demb\u00e9l\u00e9<\/strong> sera absent pour le choc entre le <strong>PSG <\/strong>et le <strong>FC Barcelone<\/strong>, son rival pour le dernier <strong>Ballon d&rsquo;Or<\/strong> <a href=\"https:\/\/le10sport.com\/football\/espagne\/barcelone\/lamine-yamal-catastrophe-annoncee-avec-neymar-759699\" target=\"_blank\" rel=\"noopener\">Lamine Yamal<\/a> sera bel et bien pr\u00e9sent. Cependant, malgr\u00e9 l&rsquo;engouement qui entoure le crack espagnol, <strong>Hansi Flick<\/strong> assure qu&rsquo;il n&rsquo;aime pas l&rsquo;ampleur m\u00e9diatique prise par son ailier.<\/p>\n<p>                                            La sortie surprise de Flick sur Yamal<\/p>\n<p>\u00ab Je pense que tout ce truc de super, super, super&#8230; je n&rsquo;aime pas \u00e7a. Il est exceptionnel, mais il y a d&rsquo;autres joueurs exceptionnels dans l&rsquo;\u00e9quipe. Il a 18 ans et il doit aussi se concentrer pour travailler dur. Ce n&rsquo;est pas toujours facile \u00bb, estime-t-il dans des propos rapport\u00e9s par MARCA avant de poursuivre.<\/p>\n<p>                                            \u00abIl y a d&rsquo;autres joueurs exceptionnels dans l&rsquo;\u00e9quipe\u00bb<\/p>\n<p>\u00ab Il arrive un moment o\u00f9 l&rsquo;on atteint un certain niveau gr\u00e2ce \u00e0 son talent, mais pour passer au niveau sup\u00e9rieur, il faut faire des efforts. Il ne s&rsquo;agit pas seulement de jouer avec le ballon, mais aussi de d\u00e9fendre. C&rsquo;est ce que nous attendons de tous les joueurs, pas seulement de lui. C&rsquo;est un excellent joueur avec le ballon et c&rsquo;est ce qui fait la diff\u00e9rence \u00bb, ajoute <strong>Hansi Flick<\/strong>.<\/p>\n","protected":false},"excerpt":{"rendered":"Arthur Montagne &#8211; Journaliste Affam\u00e9 de sport, il a grandi au son des moteurs de Formule 1 et&hellip;\n","protected":false},"author":2,"featured_media":430098,"comment_status":"","ping_status":"","sticky":false,"template":"","format":"standard","meta":{"footnotes":""},"categories":[1412],"tags":[1451,1452,1453,1454,1455,1011,27,60],"class_list":{"0":"post-430097","1":"post","2":"type-post","3":"status-publish","4":"format-standard","5":"has-post-thumbnail","7":"category-f1","8":"tag-f1","9":"tag-formula-1","10":"tag-formula1","11":"tag-formule-1","12":"tag-formule1","13":"tag-fr","14":"tag-france","15":"tag-sports"},"share_on_mastodon":{"url":"https:\/\/pubeurope.com\/@fr\/115296672357490206","error":""},"_links":{"self":[{"href":"https:\/\/www.europesays.com\/fr\/wp-json\/wp\/v2\/posts\/430097","targetHints":{"allow":["GET"]}}],"collection":[{"href":"https:\/\/www.europesays.com\/fr\/wp-json\/wp\/v2\/posts"}],"about":[{"href":"https:\/\/www.europesays.com\/fr\/wp-json\/wp\/v2\/types\/post"}],"author":[{"embeddable":true,"href":"https:\/\/www.europesays.com\/fr\/wp-json\/wp\/v2\/users\/2"}],"replies":[{"embeddable":true,"href":"https:\/\/www.europesays.com\/fr\/wp-json\/wp\/v2\/comments?post=430097"}],"version-history":[{"count":0,"href":"https:\/\/www.europesays.com\/fr\/wp-json\/wp\/v2\/posts\/430097\/revisions"}],"wp:featuredmedia":[{"embeddable":true,"href":"https:\/\/www.europesays.com\/fr\/wp-json\/wp\/v2\/media\/430098"}],"wp:attachment":[{"href":"https:\/\/www.europesays.com\/fr\/wp-json\/wp\/v2\/media?parent=430097"}],"wp:term":[{"taxonomy":"category","embeddable":true,"href":"https:\/\/www.europesays.com\/fr\/wp-json\/wp\/v2\/categories?post=430097"},{"taxonomy":"post_tag","embeddable":true,"href":"https:\/\/www.europesays.com\/fr\/wp-json\/wp\/v2\/tags?post=430097"}],"curies":[{"name":"wp","href":"https:\/\/api.w.org\/{rel}","templated":true}]}}