{"id":430101,"date":"2025-10-01T03:00:12","date_gmt":"2025-10-01T03:00:12","guid":{"rendered":"https:\/\/www.europesays.com\/fr\/430101\/"},"modified":"2025-10-01T03:00:12","modified_gmt":"2025-10-01T03:00:12","slug":"medhi-benatia-distribue-les-bons-points-apres-le-large-succes-des-olympiens-mais-sinquiete-pour-facundo-medina","status":"publish","type":"post","link":"https:\/\/www.europesays.com\/fr\/430101\/","title":{"rendered":"Medhi Benatia distribue les bons points apr\u00e8s le large succ\u00e8s des Olympiens mais s&rsquo;inqui\u00e8te pour Facundo Medina"},"content":{"rendered":"<p><strong>Que ressentez-vous apr\u00e8s une telle victoire ?<\/strong>&#13;\n<\/p>\n<p>\u00c7a fait plaisir. Il y a beaucoup de satisfaction, aussi bien pour <a href=\"https:\/\/www.laprovence.com\/article\/om\/4682181693565214\/om-ajax-4-0-paixao-voit-double-vermeeren-etait-partout-decouvrez-les-notes-des-olympiens\" target=\"_blank\" rel=\"noopener\">le jeu pratiqu\u00e9 que pour le r\u00e9sultat<\/a>. On a encore enregistr\u00e9 un record d&rsquo;affluence ce (mardi) soir, c&rsquo;est beau. Le soutien est toujours l\u00e0. On conna\u00eet le pass\u00e9 proche de l&rsquo;OM un peu compliqu\u00e9 en Ligue des champions. On avait expliqu\u00e9 aux gar\u00e7ons qu&rsquo;il \u00e9tait important de donner une belle victoire aux supporters \u00e0 domicile. Il reste encore des matches difficiles. Quand tu vois le match des entrants et celui des nouveaux, on est sur une adaptation rapide. C&rsquo;\u00e9tait le \u00ab\u00a0doute\u00a0\u00bb pour certains apr\u00e8s un mercato tardif. Ils ont r\u00e9pondu pr\u00e9sent contre l&rsquo;Ajax. Je suis content pour le petit (Igor) Paixao, tr\u00e8s content pour (Arthur) Vermeeren. Les autres, on les avait d\u00e9j\u00e0 vus.<\/p>\n<p>\u00ab\u00a0Toujours difficile que la mayonnaise prenne\u00a0\u00bb\u00a0<\/p>\n<p><strong>Cette victoire valide-t-elle la prestation r\u00e9ussie au Real Madrid pour la premi\u00e8re journ\u00e9e ?<\/strong>&#13;\n<\/p>\n<p>Oui, mais il y a aussi eu les matches entre ces deux rencontres de Ligue des champions. Franchement, aussi bien le Clasico que le d\u00e9placement \u00e0 Strasbourg \u00e9taient des matches difficiles, qui n&rsquo;\u00e9taient pas moins importants que celui-ci. On les a plut\u00f4t bien g\u00e9r\u00e9s aussi. Aujourd&rsquo;hui, on a fait un gros match, je suis content pour le coach. Quand tu fais venir des joueurs tard, c&rsquo;est toujours difficile que la mayonnaise prenne. L\u00e0, on a vu des tr\u00e8s belles phases de jeu, aussi bien en transition que sur des attaques plac\u00e9es. C&rsquo;est beau \u00e0 voir. Il faut continuer. Un match tr\u00e8s difficile arrive (\u00e0 Metz), <a href=\"https:\/\/www.laprovence.com\/article\/om\/6484397474821714\/direct-laprovence-direct-om-ajax-la-ligue-des-champions-est-de-retour-au-velodrome-suivez-lavant-match\" target=\"_blank\" rel=\"noopener\">on a perdu Facundo (Medina)<\/a>, je suis tr\u00e8s, tr\u00e8s d\u00e9\u00e7u pour lui. \u00c7a me fait vraiment mal car il commen\u00e7ait \u00e0 bien revenir.<\/p>\n<p>\u00ab\u00a0\u00c7a ne sent pas tr\u00e8s bon pour Medina\u00a0\u00bb<\/p>\n<p><strong>C&rsquo;est grave ?<\/strong>&#13;\n<\/p>\n<p>On ne sait pas encore, mais \u00e7a ne sent pas tr\u00e8s bon. Je pense qu&rsquo;il fera une IRM demain (mercredi). Il \u00e9tait un peu touch\u00e9. On l&rsquo;a voulu fortement, on va avoir besoin de lui. J&rsquo;esp\u00e8re qu&rsquo;il va se reprendre au plus vite. Je suis aussi content pour CJ (Egan-Riley). Il fait une tr\u00e8s belle rentr\u00e9e, il est tr\u00e8s prometteur. Le coach est tr\u00e8s exigeant, il veut du jeu. Aujourd&rsquo;hui, on a fait un petit pas en avant \u00e0 ce niveau-l\u00e0. (Matt) O&rsquo;Riley nous fait du bien aussi. On dirait qu&rsquo;il est l\u00e0 depuis quelques ann\u00e9es. Il y a vraiment beaucoup de points \u00e0 distribuer ce (mardi) soir. Le plus important maintenant, c&rsquo;est Metz, on doit bien finir avant la tr\u00eave.<\/p>\n<p>\u00ab\u00a0Paixao \u00e9tait dans le prix des ailiers cet \u00e9t\u00e9\u00a0\u00bb<\/p>\n<p><strong>\u00c7a valait le coup d&rsquo;insister pour Paixao et de miser autant sur lui ?<\/strong>&#13;\n<\/p>\n<p>Honn\u00eatement, quand je regarde le mercato et le prix des ailiers qui ont boug\u00e9 cet \u00e9t\u00e9, il est dans les prix. Il a prouv\u00e9 en Ligue des champions, \u00e9tait le meilleur joueur de son championnat l&rsquo;ann\u00e9e derni\u00e8re. On l&rsquo;a pris bless\u00e9. On a \u00e9t\u00e9 presque deux mois derri\u00e8re lui. Avec Pablo (Longoria) et le coach, on l&rsquo;a point\u00e9 d\u00e8s le d\u00e9but. On a fait les efforts qu&rsquo;il fallait. Il est toujours souriant, tr\u00e8s travailleur, il a voulu fortement Marseille. Signer un doubl\u00e9 en Ligue des champions, c&rsquo;est magnifique.<\/p>\n<p>\u00ab\u00a0Peut-\u00eatre va-t-on voir Vermeeren pour quelques ann\u00e9es&#8230;\u00a0\u00bb<\/p>\n<p><strong>Vermeeren vous a-t-il surpris ?<\/strong>&#13;\n<\/p>\n<p>Arthur est un super joueur. On avait essay\u00e9 de le prendre l&rsquo;ann\u00e9e derni\u00e8re mais on l&rsquo;avait manqu\u00e9. Pour son \u00e2ge, il joue comme un ancien. Avant sa premi\u00e8re au V\u00e9lodrome, on lui a tous parl\u00e9 pour le rassurer. Dans ses yeux, on le sentait tr\u00e8s tranquille. Il a eu beaucoup d&rsquo;activit\u00e9, a \u00e9t\u00e9 techniquement tr\u00e8s propre, a toujours \u00e9t\u00e9 en mouvement, les \u00e9paules toujours bien orient\u00e9es. Un vrai joueur de football. Il n&rsquo;est que pr\u00eat\u00e9, mais s&rsquo;il fait ce genre de prestation et que le projet lui pla\u00eet, c&rsquo;est peut-\u00eatre quelqu&rsquo;un qu&rsquo;on va voir ici pour quelques ann\u00e9es.<\/p>\n<p>\u00ab\u00a0Aguerd nous donne beaucoup de calme\u00a0\u00bb<\/p>\n<p><strong>Comment d\u00e9finiriez-vous l&rsquo;apport d&rsquo;Aguerd ?<\/strong>&#13;\n<\/p>\n<p>Il n&rsquo;est pas l\u00e0 que gr\u00e2ce \u00e0 moi. On a men\u00e9 des r\u00e9flexions \u00e0 son sujet quand on \u00e9tait aux \u00c9tats-Unis. Quand le coach l&rsquo;a vu, il a tout de suite dit qu&rsquo;il le voulait. Il y a eu des n\u00e9gociations, c&rsquo;est pour \u00e7a qu&rsquo;on l&rsquo;a fait tr\u00e8s tardivement, alors qu&rsquo;on \u00e9tait sur lui depuis un long moment. Il nous donne une grande s\u00e9curit\u00e9 derri\u00e8re, il a le niveau international. Il parle toutes les langues ! Il nous donne beaucoup de calme, notamment avec le ballon. Le premier but part d&rsquo;un super ballon donn\u00e9 au sol. Il va vite, a une bonne lecture du jeu. On est vraiment costaud avec tous les joueurs que l&rsquo;on a derri\u00e8re. C&rsquo;est aussi ce que l&rsquo;on a cherch\u00e9 pendant ce mercato.<\/p>\n","protected":false},"excerpt":{"rendered":"Que ressentez-vous apr\u00e8s une telle victoire ?&#13; \u00c7a fait plaisir. Il y a beaucoup de satisfaction, aussi bien&hellip;\n","protected":false},"author":2,"featured_media":430102,"comment_status":"","ping_status":"","sticky":false,"template":"","format":"standard","meta":{"footnotes":""},"categories":[1410],"tags":[17,23601,8083,32697,63,1011,27,151,55841,149,55594,1460,60],"class_list":{"0":"post-430101","1":"post","2":"type-post","3":"status-publish","4":"format-standard","5":"has-post-thumbnail","7":"category-football","8":"tag-17","9":"tag-benatia","10":"tag-bons","11":"tag-distribue","12":"tag-football","13":"tag-fr","14":"tag-france","15":"tag-les","16":"tag-medhi","17":"tag-om","18":"tag-om-ajax","19":"tag-points","20":"tag-sports"},"share_on_mastodon":{"url":"https:\/\/pubeurope.com\/@fr\/115296680303567703","error":""},"_links":{"self":[{"href":"https:\/\/www.europesays.com\/fr\/wp-json\/wp\/v2\/posts\/430101","targetHints":{"allow":["GET"]}}],"collection":[{"href":"https:\/\/www.europesays.com\/fr\/wp-json\/wp\/v2\/posts"}],"about":[{"href":"https:\/\/www.europesays.com\/fr\/wp-json\/wp\/v2\/types\/post"}],"author":[{"embeddable":true,"href":"https:\/\/www.europesays.com\/fr\/wp-json\/wp\/v2\/users\/2"}],"replies":[{"embeddable":true,"href":"https:\/\/www.europesays.com\/fr\/wp-json\/wp\/v2\/comments?post=430101"}],"version-history":[{"count":0,"href":"https:\/\/www.europesays.com\/fr\/wp-json\/wp\/v2\/posts\/430101\/revisions"}],"wp:featuredmedia":[{"embeddable":true,"href":"https:\/\/www.europesays.com\/fr\/wp-json\/wp\/v2\/media\/430102"}],"wp:attachment":[{"href":"https:\/\/www.europesays.com\/fr\/wp-json\/wp\/v2\/media?parent=430101"}],"wp:term":[{"taxonomy":"category","embeddable":true,"href":"https:\/\/www.europesays.com\/fr\/wp-json\/wp\/v2\/categories?post=430101"},{"taxonomy":"post_tag","embeddable":true,"href":"https:\/\/www.europesays.com\/fr\/wp-json\/wp\/v2\/tags?post=430101"}],"curies":[{"name":"wp","href":"https:\/\/api.w.org\/{rel}","templated":true}]}}