{"id":430103,"date":"2025-10-01T03:01:22","date_gmt":"2025-10-01T03:01:22","guid":{"rendered":"https:\/\/www.europesays.com\/fr\/430103\/"},"modified":"2025-10-01T03:01:22","modified_gmt":"2025-10-01T03:01:22","slug":"francois-civil-dement-la-grossesse-de-sa-compagne-adele-exarchopoulos-linformation-est-fausse","status":"publish","type":"post","link":"https:\/\/www.europesays.com\/fr\/430103\/","title":{"rendered":"Fran\u00e7ois Civil d\u00e9ment la grossesse de sa compagne Ad\u00e8le Exarchopoulos : \u00ab\u00a0L&rsquo;information est fausse\u00a0\u00bb"},"content":{"rendered":"<p>Il y a plusieurs jours, Ad\u00e8le Exarchopoulos et Fran\u00e7ois Civil sont apparus en Une du magazine Paris Match, qui affirmait que l&rsquo;actrice \u00e9tait enceinte. Ce mardi 30 septembre, Fran\u00e7ois Civil a fermement d\u00e9menti cette information aupr\u00e8s du journal Le Figaro. <\/p>\n<p>Il y a pr\u00e8s d&rsquo;un an, Ad\u00e8le Exarchopoulos <a href=\"https:\/\/www.programme-tv.net\/news\/people\/363611-ca-va-faire-un-an-adele-exarchopoulos-amoureuse-elle-leve-enfin-le-voile-sur-son-couple-avec-francois-civil\/\" data-api-deeplink=\"teleloisirs:\/\/news\/363611\" target=\"_blank\" rel=\"noopener\">a officialis\u00e9 son couple avec Fran\u00e7ois Civil<\/a>, avec qui elle partageait <a href=\"https:\/\/www.programme-tv.net\/news\/people\/362772-wow-la-crado-adele-exarchopoulos-genee-par-une-anecdote-sur-sa-jeunesse-face-a-francois-civil-et-gilles-lellouche\/\" data-api-deeplink=\"teleloisirs:\/\/news\/362772\" target=\"_blank\" rel=\"noopener\">l&rsquo;affiche du film L&rsquo;amour ouf r\u00e9alis\u00e9 par Gilles Lellouche<\/a>. \u00ab\u00a0Il y a quelques mois, je n&rsquo;aurais peut-\u00eatre pas eu la r\u00e9ponse, mais aujourd&rsquo;hui, je suis vraiment s\u00fbre de moi : c&rsquo;est l&rsquo;amour sain.\u00a0Celui o\u00f9 il y a de l&rsquo;amiti\u00e9, o\u00f9 on passe les \u00e9preuves en essayant de toujours avoir de l&rsquo;autod\u00e9rision et de la complicit\u00e9. C&rsquo;est l&rsquo;amour o\u00f9 tu sais quitter l&rsquo;autre quand c&rsquo;est vraiment mal\u00e9fique, quand c&rsquo;est trop mauvais. En tout cas, c&rsquo;est tr\u00e8s loin de l&rsquo;amour toxique que j&rsquo;id\u00e9alisais quand j&rsquo;\u00e9tais petite\u00a0\u00bb, avait-elle confirm\u00e9 \u00e0 Paris Match apr\u00e8s plusieurs mois de rumeurs sur la nature de leur relation.<\/p>\n<p>Fran\u00e7ois Civil d\u00e9ment la grossesse de sa compagne Ad\u00e8le Exarchopoulos<\/p>\n<p>Aujourd&rsquo;hui officiellement en couple, Ad\u00e8le Exarchopulos et Fran\u00e7ois Civil sont toujours la cible de rumeurs. Il y a quelques jours, les tourtereaux sont apparus en couverture du magazine Paris Match, qui annon\u00e7ait que l&rsquo;actrice, <a href=\"https:\/\/www.programme-tv.net\/news\/tv\/362697-cest-ca-que-jessaye-de-lui-transmettre-les-tendres-confidences-dadele-exarchopoulos-sur-ismael-son-fils-de-7-ans\/\" data-api-deeplink=\"teleloisirs:\/\/news\/362697\" target=\"_blank\" rel=\"noopener\">d\u00e9j\u00e0 maman d&rsquo;un gar\u00e7on n\u00e9 d&rsquo;une pr\u00e9c\u00e9dente relation<\/a>, \u00e9tait enceinte. Une information que son compagnon d\u00e9ment aujourd&rsquo;hui aupr\u00e8s du <a href=\"https:\/\/www.lefigaro.fr\/culture\/adele-exarchopoulos-enceinte-francois-civil-denonce-une-fausse-information-et-des-calomnies-20250930\" rel=\"nofollow noopener\" target=\"_blank\">Figaro<\/a>. \u00ab\u00a0<b>Ce sont des photos compl\u00e8tement vol\u00e9es.<\/b><b>\u00a0<\/b><b>L\u2019information relay\u00e9e en couverture est fausse. On se sent vol\u00e9 de moments de vie.<\/b> Je trouve \u00e7a tr\u00e8s dommage qu\u2019un magazine s\u2019abaisse \u00e0 mettre en couverture une histoire dont tout le monde se fout. D\u2019un autre journal, on aurait pu attendre ce genre de calomnie. Aux lecteurs de ce magazine de se d\u00e9sabonner. Je ne sais pas d\u2019o\u00f9 ils tiennent cette information. D\u00e9j\u00e0 si elle avait \u00e9t\u00e9 vraie, tout le monde s\u2019en foutrait. Mais en plus elle est fausse\u00a0\u00bb, d\u00e9plore Fran\u00e7ois Civil aupr\u00e8s de nos confr\u00e8res, ce mardi 30 septembre.<\/p>\n<p>                        Les rares et tendres confidences d&rsquo;Ad\u00e8le Exarchopoulos sur son couple avec Fran\u00e7ois Civil<\/p>\n<p>En octobre dernier, Ad\u00e8le Exarchopoulos avait fait de <a href=\"https:\/\/www.programme-tv.net\/news\/people\/363611-ca-va-faire-un-an-adele-exarchopoulos-amoureuse-elle-leve-enfin-le-voile-sur-son-couple-avec-francois-civil\/\" data-api-deeplink=\"teleloisirs:\/\/news\/363611\" target=\"_blank\" rel=\"noopener\">rares confidences sur son couple<\/a> avec Fran\u00e7ois Civil dans l&rsquo;\u00e9mission Station Service de Loris Giuliano. L&rsquo;actrice avait alors d\u00e9clar\u00e9 qu&rsquo;ils \u00e9taient en couple depuis un an. \u00ab\u00a0Tu te vois faire ta vie avec ?\u00a0\u00bb, lui avait demand\u00e9 l&rsquo;animateur. \u00ab\u00a0Ouais je me le souhaite, je pense que si c\u2019est ton meilleur ami en m\u00eame temps, j\u2019esp\u00e8re qu\u2019on peut vieillir ensemble\u00a0\u00bb, avait-elle r\u00e9pondu.<\/p>\n","protected":false},"excerpt":{"rendered":"Il y a plusieurs jours, Ad\u00e8le Exarchopoulos et Fran\u00e7ois Civil sont apparus en Une du magazine Paris Match,&hellip;\n","protected":false},"author":2,"featured_media":430104,"comment_status":"","ping_status":"","sticky":false,"template":"","format":"standard","meta":{"footnotes":""},"categories":[1359],"tags":[36267,244,58,59,1011,27,55842,196,973,1421],"class_list":{"0":"post-430103","1":"post","2":"type-post","3":"status-publish","4":"format-standard","5":"has-post-thumbnail","7":"category-people","8":"tag-adu00e8le-exarchopoulos","9":"tag-commentaire","10":"tag-divertissement","11":"tag-entertainment","12":"tag-fr","13":"tag-france","14":"tag-franu00e7ois-civil","15":"tag-grossesse","16":"tag-people","17":"tag-zap"},"share_on_mastodon":{"url":"https:\/\/pubeurope.com\/@fr\/115296684261732914","error":""},"_links":{"self":[{"href":"https:\/\/www.europesays.com\/fr\/wp-json\/wp\/v2\/posts\/430103","targetHints":{"allow":["GET"]}}],"collection":[{"href":"https:\/\/www.europesays.com\/fr\/wp-json\/wp\/v2\/posts"}],"about":[{"href":"https:\/\/www.europesays.com\/fr\/wp-json\/wp\/v2\/types\/post"}],"author":[{"embeddable":true,"href":"https:\/\/www.europesays.com\/fr\/wp-json\/wp\/v2\/users\/2"}],"replies":[{"embeddable":true,"href":"https:\/\/www.europesays.com\/fr\/wp-json\/wp\/v2\/comments?post=430103"}],"version-history":[{"count":0,"href":"https:\/\/www.europesays.com\/fr\/wp-json\/wp\/v2\/posts\/430103\/revisions"}],"wp:featuredmedia":[{"embeddable":true,"href":"https:\/\/www.europesays.com\/fr\/wp-json\/wp\/v2\/media\/430104"}],"wp:attachment":[{"href":"https:\/\/www.europesays.com\/fr\/wp-json\/wp\/v2\/media?parent=430103"}],"wp:term":[{"taxonomy":"category","embeddable":true,"href":"https:\/\/www.europesays.com\/fr\/wp-json\/wp\/v2\/categories?post=430103"},{"taxonomy":"post_tag","embeddable":true,"href":"https:\/\/www.europesays.com\/fr\/wp-json\/wp\/v2\/tags?post=430103"}],"curies":[{"name":"wp","href":"https:\/\/api.w.org\/{rel}","templated":true}]}}