{"id":430105,"date":"2025-10-01T03:02:37","date_gmt":"2025-10-01T03:02:37","guid":{"rendered":"https:\/\/www.europesays.com\/fr\/430105\/"},"modified":"2025-10-01T03:02:37","modified_gmt":"2025-10-01T03:02:37","slug":"changements-dans-les-galeries-creees-par-gilbert-ganivenq-a-montpellier-et-a-sete","status":"publish","type":"post","link":"https:\/\/www.europesays.com\/fr\/430105\/","title":{"rendered":"Changements dans les galeries cr\u00e9\u00e9es par Gilbert Ganivenq, \u00e0 Montpellier et \u00e0 S\u00e8te"},"content":{"rendered":"<p>&#8211; Partenaires &#8211;<\/p>\n<p>Changements dans les galeries cr\u00e9\u00e9es par Gilbert Ganivenq, \u00e0 Montpellier (La Serre) et \u00e0 S\u00e8te (Le R\u00e9servoir)<br \/>\nA Montpellier, une nouvelle galerie \u00e0 l\u2019Arbre Blanc, la Galerie Electrique.<\/p>\n<p class=\"p1\">Franck Ducolombier cr\u00e9e la galerie Electrique au sein de l\u2019Arbre Blanc, \u00e0 Montpellier, dans l\u2019immeuble iconique situ\u00e9 en face du Conseil R\u00e9gional.<\/p>\n<p class=\"p1\">D\u00e8s la cr\u00e9ation de l\u2019Arbre Blanc en 2019, le promoteur et collectionneur s\u00e9tois Gilbert Ganivenq qui a assur\u00e9 la promotion de cet immeuble via sa soci\u00e9t\u00e9 Promeo, a gard\u00e9 le rez-de-chauss\u00e9e pour en faire une galerie. En 2023, le promoteur, qui a fait une partie de carri\u00e8re en Afrique, avait r\u00e9orient\u00e9 la galerie vers l\u2019art africain.<\/p>\n<p><img fetchpriority=\"high\" decoding=\"async\" class=\"wp-image-125472 size-large\" src=\"https:\/\/www.europesays.com\/fr\/wp-content\/uploads\/2025\/10\/GALERIE_A-LARBRE-BLANC-DE-MONTPELLIER-768x1024.jpg\" alt=\"L\u2019Arbre blanc, qui h\u00e9berge au rez-de-chauss\u00e9e une galerie d'art\" width=\"696\" height=\"928\"  \/>L\u2019Arbre blanc, qui h\u00e9berge au rez-de-chauss\u00e9e une galerie d\u2019art<\/p>\n<p class=\"p1\">C\u2019est donc une troisi\u00e8me vie que va vivre cet espace avec l\u2019arriv\u00e9e de Franck Ducolombier, qui va introduire un nouveau concept: associer la pr\u00e9sentation de v\u00e9los \u00e9lectriques originaux avec le travail d\u2019artistes. Pour parvenir \u00e0 monter son projet, il lance un <a href=\"https:\/\/www.artistes-occitanie.fr\/projets\/listing\/appel-a-candidature-pour-8-artistes-soudeurs-plasticiens\/\" target=\"_blank\" rel=\"noopener nofollow\">appel \u00e0 candidatures<\/a> afin de trouver huit artistes soudeurs-plasticiens qui seraient inspir\u00e9s pour donner une nouvelle vie \u00e0 des v\u00e9los en les transformant en oeuvres d\u2019art. \u201cVous pouvez couper, souder, fondre, peindre, \u2026 mais toutes les pi\u00e8ces doivent \u00eatre utilis\u00e9es\u201d, pr\u00e9cise Franck Ducolombier. Apr\u00e8s une semaine d\u2019exposition \u00e0 la nouvelle Galerie Electrique, une vente aux ench\u00e8res aura lieu et 50% du prix de la vente reviendront \u00e0 l\u2019artiste.<\/p>\n<p>A S\u00e8te, fusion \u00e0 venir entre Le R\u00e9servoir et l\u2019Atelier DPJ<\/p>\n<p class=\"p1\">En 2018, soit un an avant l\u2019inauguration de l\u2019Arbre Blanc, le collectionneur et m\u00e9c\u00e8ne avait ouvert une premi\u00e8re galerie \u00e0 S\u00e8te, le R\u00e9servoir, dans d\u2019anciens entrep\u00f4ts le long des quais, qui lui permettait de disposer d\u2019un espace de 2000 m2.<\/p>\n<p class=\"p1\">Gilbert Ganivenq annonce qu\u2019il va fermer le R\u00e9servoir dans les mois qui viennent, pour regrouper ses deux activit\u00e9s artistiques \u00e0 S\u00e8te: la galerie et l\u2019atelier DPJ de gravures-s\u00e9rigraphies. Les deux seront install\u00e9s dans les locaux actuels de DPJ, situ\u00e9 sur le m\u00eame quai que le R\u00e9servoir. Ce regroupement des deux structures dans un local plus modeste induit \u00e9videmment une activit\u00e9 diff\u00e9rente, et sans doute r\u00e9duite, de la galerie.<\/p>\n<p class=\"p1\">L\u2019\u00e9volution se pr\u00e9pare depuis la fin 2024, o\u00f9 le R\u00e9servoir a mis l\u2019accent sur l\u2019accueil des<\/p>\n<p class=\"p1\">artistes professionnels en r\u00e9sidence de cr\u00e9ation, activit\u00e9 qui pourrait perdurer jusqu\u2019\u00e0 l\u2019\u00e9volution annonc\u00e9e.<\/p>\n","protected":false},"excerpt":{"rendered":"&#8211; Partenaires &#8211; Changements dans les galeries cr\u00e9\u00e9es par Gilbert Ganivenq, \u00e0 Montpellier (La Serre) et \u00e0 S\u00e8te&hellip;\n","protected":false},"author":2,"featured_media":430106,"comment_status":"","ping_status":"","sticky":false,"template":"","format":"standard","meta":{"footnotes":""},"categories":[1358],"tags":[1348,1384,1385,1386,58,59,1011,27],"class_list":{"0":"post-430105","1":"post","2":"type-post","3":"status-publish","4":"format-standard","5":"has-post-thumbnail","7":"category-arts-et-design","8":"tag-arts","9":"tag-arts-and-design","10":"tag-arts-et-design","11":"tag-design","12":"tag-divertissement","13":"tag-entertainment","14":"tag-fr","15":"tag-france"},"share_on_mastodon":{"url":"https:\/\/pubeurope.com\/@fr\/115296688594871564","error":""},"_links":{"self":[{"href":"https:\/\/www.europesays.com\/fr\/wp-json\/wp\/v2\/posts\/430105","targetHints":{"allow":["GET"]}}],"collection":[{"href":"https:\/\/www.europesays.com\/fr\/wp-json\/wp\/v2\/posts"}],"about":[{"href":"https:\/\/www.europesays.com\/fr\/wp-json\/wp\/v2\/types\/post"}],"author":[{"embeddable":true,"href":"https:\/\/www.europesays.com\/fr\/wp-json\/wp\/v2\/users\/2"}],"replies":[{"embeddable":true,"href":"https:\/\/www.europesays.com\/fr\/wp-json\/wp\/v2\/comments?post=430105"}],"version-history":[{"count":0,"href":"https:\/\/www.europesays.com\/fr\/wp-json\/wp\/v2\/posts\/430105\/revisions"}],"wp:featuredmedia":[{"embeddable":true,"href":"https:\/\/www.europesays.com\/fr\/wp-json\/wp\/v2\/media\/430106"}],"wp:attachment":[{"href":"https:\/\/www.europesays.com\/fr\/wp-json\/wp\/v2\/media?parent=430105"}],"wp:term":[{"taxonomy":"category","embeddable":true,"href":"https:\/\/www.europesays.com\/fr\/wp-json\/wp\/v2\/categories?post=430105"},{"taxonomy":"post_tag","embeddable":true,"href":"https:\/\/www.europesays.com\/fr\/wp-json\/wp\/v2\/tags?post=430105"}],"curies":[{"name":"wp","href":"https:\/\/api.w.org\/{rel}","templated":true}]}}