{"id":430115,"date":"2025-10-01T03:08:10","date_gmt":"2025-10-01T03:08:10","guid":{"rendered":"https:\/\/www.europesays.com\/fr\/430115\/"},"modified":"2025-10-01T03:08:10","modified_gmt":"2025-10-01T03:08:10","slug":"arbitrage-le-debrief-de-la-j6-federation-francaise-de-football-fff","status":"publish","type":"post","link":"https:\/\/www.europesays.com\/fr\/430115\/","title":{"rendered":"Arbitrage, le debrief de la J6 &#8211; f\u00e9d\u00e9ration fran\u00e7aise de football &#8211; FFF"},"content":{"rendered":"<ol>\n<li><a href=\"https:\/\/news.google.com\/rss\/articles\/CBMidkFVX3lxTE9ybjlhYkF4VU11bUdNcm9PZTQ1RWlqd0xhaHZGY0FGTlltYmtiRTBJak9aa1lodmUzbDdab0M3TWFfY2haY1NXNXRMYjVTeGFOVGFLVnNGQkdhTTg4TkZtWkswZE50Mm84ejM0Z1ZPbW9TVk1NbHc?oc=5\" target=\"_blank\" rel=\"noopener\">Arbitrage, le debrief de la J6<\/a>&nbsp;&nbsp;f\u00e9d\u00e9ration fran\u00e7aise de football &#8211; FFF<\/li>\n<li><a href=\"https:\/\/news.google.com\/rss\/articles\/CBMi1AFBVV95cUxPRzE4eTB2ZFJoa0k5cVh3S0FNLTJtT2xleHJTZ2I0eWg1R0o4YTdkWUYzYnllZnVOWWJSNF9hdVNHcjgtXzZEVmRHOVhHRHotUzhTTGZYLXU4SXF4Q2dxcXVFMEFEWjdqWFhCeGJ5VEJ1S1c4Wlg0TDE4VmlvUzhGRi1kLUtMTTZ5MHdZNDd4dVYxOVA5M2lEaHF6Tm10OFNSRVpUMExnSUN3NWR4Rkt4RXl3QXVpRUF5TDR5TnRxeExjRDh0WEZXT0xTR0RTdUVJMC1GTQ?oc=5\" target=\"_blank\" rel=\"noopener\">La direction de l&rsquo;arbitrage confirme qu&rsquo;il n&rsquo;y avait pas penalty pour Lille contre l&rsquo;OL<\/a>&nbsp;&nbsp;L&rsquo;\u00c9quipe<\/li>\n<li><a href=\"https:\/\/news.google.com\/rss\/articles\/CBMixwFBVV95cUxNNU5XYUpXU3lqNDVKMlJoNWF4N3RiaEIzcWRXMXBzanhaeGRvcUozcXk0Ym5MT1FTYjVMb2RicEpBUTBscmNSQ2M1ZVI4X09BZGlYWXh1ZTEycS1qaVFkQmRuZERJU2RUWjlBcElqOWZrMkxNU1g1eXFnOFFUOXZqdDJaNmFkSk1CdHdTMU5GNk54WlI1LVNWS1hWNkxtOUFmbzBZcy13aU9uVVRuTFU4cGp4QW5jUk43VTh3NWw3YVNOMmg3N0RF0gHGAUFVX3lxTE5RYm1PNVFMeFVRQnhxclYwQkE4Ty1nQTZnc2t5MW9kS1RJNmVTX1JiYTVmTjNrWnNKNExJSDkwZjNTa1FxMzIyb0F3ZVNVZ1czaGI2NFMycnd5d2RCTkt0STdDSUw2U1M2MGFjMEx3TXVsbnVUQW9jSlNpdHI0UlpucG9tS0oteGt1MW1IMmhwRG1pMWYzN2x4X05vNkM4ckNkZG5LZ0toS09FcUUzbXB4R0ZYTXhGQ0kzdk1UckNmUkRnOGFGZw?oc=5\" target=\"_blank\" rel=\"noopener\">Lille : Genesio et L\u00e9tang dans le viseur des instances<\/a>&nbsp;&nbsp;Orange Actualit\u00e9s | Sports<\/li>\n<li><a href=\"https:\/\/news.google.com\/rss\/articles\/CBMi-wFBVV95cUxPZUl2UENBQWlUamdKcHRrRG5XWjRQWFhxanNzNGVQQTNiRjRXQzJXWU9NR0RNWkxaNGlQRGJ2X2Joejc3ZkhMT2UxeG5wMkpTOGhtdG0yNU9YMXQxbHBVOXJyR1hDWWVMN0pxNWRIdmFtLUZkMG1hTkljdUdYZGE4dVpDMVJ6b0NMMWxjMV9qQUVyVzFXd2dGd0JjWVNqUDlWODZQakVOS3JsUVo0MHJQNlZONDIxTGJIaE9DV1dXTUpySE5ueVFqZjdDb1FRMEZLT05XSXYyNk0xZ01XN3JiT2hyWFptMzVjNTNsVVFiWUlQeHNZVUtHZ1Jsdw?oc=5\" target=\"_blank\" rel=\"noopener\">Ligue 1 : apr\u00e8s les attaques de L\u00e9tang contre l\u2019arbitrage, la FFF d\u00e9voile des images de la VAR lors de Lille-Lyon<\/a>&nbsp;&nbsp;Le Figaro<\/li>\n<li><a href=\"https:\/\/news.google.com\/rss\/articles\/CBMixwFBVV95cUxNX1BpOHlrMFN3dURuM3JZUXRWYUFPRWJBUTdjU2dqa1hIMnlfS3Z4Y0M3cWtobWItTi1QdDdTbWNTVE1jYnlBcmhDY2paQ1RneURvOHBkeDMzaHRMak9hNi12WXV6cDJtQzNrR2xvNnZ4czhWZlp1dnJldmVUZVZqRmJ3REJHaW1mczZXcDFyX3VrdzJLWFpSckVkaWNyaVRYTldId3czSUJ6UFZqSExGb2RnRmV0XzBxMDZVdUFjUzN2ZWxIODBJ?oc=5\" target=\"_blank\" rel=\"noopener\">La Causerie &#8211; La Ligue 1 a-t-elle un probl\u00e8me avec l&rsquo;arbitrage?<\/a>&nbsp;&nbsp;RMC<\/li>\n<\/ol>\n","protected":false},"excerpt":{"rendered":"Arbitrage, le debrief de la J6&nbsp;&nbsp;f\u00e9d\u00e9ration fran\u00e7aise de football &#8211; FFF La direction de l&rsquo;arbitrage confirme qu&rsquo;il n&rsquo;y&hellip;\n","protected":false},"author":2,"featured_media":430116,"comment_status":"","ping_status":"","sticky":false,"template":"","format":"standard","meta":{"footnotes":""},"categories":[9],"tags":[85,1011,27,60],"class_list":{"0":"post-430115","1":"post","2":"type-post","3":"status-publish","4":"format-standard","5":"has-post-thumbnail","7":"category-sports","8":"tag-fff","9":"tag-fr","10":"tag-france","11":"tag-sports"},"share_on_mastodon":{"url":"https:\/\/pubeurope.com\/@fr\/115296711736965279","error":""},"_links":{"self":[{"href":"https:\/\/www.europesays.com\/fr\/wp-json\/wp\/v2\/posts\/430115","targetHints":{"allow":["GET"]}}],"collection":[{"href":"https:\/\/www.europesays.com\/fr\/wp-json\/wp\/v2\/posts"}],"about":[{"href":"https:\/\/www.europesays.com\/fr\/wp-json\/wp\/v2\/types\/post"}],"author":[{"embeddable":true,"href":"https:\/\/www.europesays.com\/fr\/wp-json\/wp\/v2\/users\/2"}],"replies":[{"embeddable":true,"href":"https:\/\/www.europesays.com\/fr\/wp-json\/wp\/v2\/comments?post=430115"}],"version-history":[{"count":0,"href":"https:\/\/www.europesays.com\/fr\/wp-json\/wp\/v2\/posts\/430115\/revisions"}],"wp:featuredmedia":[{"embeddable":true,"href":"https:\/\/www.europesays.com\/fr\/wp-json\/wp\/v2\/media\/430116"}],"wp:attachment":[{"href":"https:\/\/www.europesays.com\/fr\/wp-json\/wp\/v2\/media?parent=430115"}],"wp:term":[{"taxonomy":"category","embeddable":true,"href":"https:\/\/www.europesays.com\/fr\/wp-json\/wp\/v2\/categories?post=430115"},{"taxonomy":"post_tag","embeddable":true,"href":"https:\/\/www.europesays.com\/fr\/wp-json\/wp\/v2\/tags?post=430115"}],"curies":[{"name":"wp","href":"https:\/\/api.w.org\/{rel}","templated":true}]}}