{"id":430133,"date":"2025-10-01T03:18:21","date_gmt":"2025-10-01T03:18:21","guid":{"rendered":"https:\/\/www.europesays.com\/fr\/430133\/"},"modified":"2025-10-01T03:18:21","modified_gmt":"2025-10-01T03:18:21","slug":"lorraine-ivre-drogue-et-sans-permis-un-automobiliste-prend-tous-les-risques-pour-semer-la-police-sur-la31","status":"publish","type":"post","link":"https:\/\/www.europesays.com\/fr\/430133\/","title":{"rendered":"Lorraine. Ivre, drogu\u00e9 et sans permis, un automobiliste prend tous les risques pour semer la police sur l&rsquo;A31"},"content":{"rendered":"<p>            Par<br \/>\n        <strong><br \/>\n            <a href=\"https:\/\/actu.fr\/auteur\/pierre-emile-bouchy-actu-fr\" title=\"Consulter tous les articles de Paul-Emile Bouchy\" target=\"_blank\" rel=\"noopener\">Paul-Emile Bouchy<\/a><br \/>\n        <\/strong><\/p>\n<p>        Publi\u00e9 le<\/p>\n<p>            30 sept. 2025 \u00e0 16h59        <\/p>\n<p>Samedi 27\u00a0septembre, vers 14h30, un <a href=\"https:\/\/actu.fr\/grand-est\/nancy_54395\/refus-d-obtemperer-a-nancy-il-tente-de-renverser-un-policier-et-encastre-sa-mercedes-dans-un-muret_63227329.html\" target=\"_blank\" rel=\"noopener\">refus d\u2019obtemp\u00e9rer<\/a> a eu lieu sur l\u2019<a href=\"https:\/\/actu.fr\/tag\/autoroute-31-a31\" target=\"_blank\" rel=\"noopener\">autoroute A31<\/a> au nord de <strong>Nancy<\/strong> (Meurthe-et-Moselle), d\u2019apr\u00e8s une information de\u00a0<a href=\"https:\/\/c.estrepublicain.fr\/faits-divers-justice\/2025\/09\/29\/refus-d-obtemperer-sur-l-a31-controle-positif-a-l-alcool-et-au-cannabis-le-chauffard-circulait-sans-permis-ni-assurance\" target=\"_blank\" rel=\"noopener\">L\u2019Est R\u00e9publicain<\/a>\u00a0confirm\u00e9e par\u00a0Lorraine Actu.<\/p>\n<p class=\" wall-content\"><strong>Le conducteur \u00e2g\u00e9 de 46\u00a0ans a pris tous les risques<\/strong> pendant une vingtaine de minutes avant d\u2019\u00eatre interpell\u00e9 par la <a href=\"https:\/\/actu.fr\/tag\/police\" target=\"_blank\" rel=\"noopener\">police<\/a>.<\/p>\n<p>Une course-poursuite pendant 20\u00a0minutes sur l\u2019A31 et dans les rues de Nancy<\/p>\n<p class=\" wall-content\">Les faits ont d\u00e9but\u00e9 sur l\u2019A31 lorsque la CRS autorouti\u00e8re a tent\u00e9 de contr\u00f4ler le conducteur. Celui-ci a refus\u00e9 de s\u2019arr\u00eater et <strong>est sorti de l\u2019autoroute en prenant la direction de Nancy-Centre<\/strong>.<\/p>\n<p class=\" wall-content\">Alert\u00e9s par leurs coll\u00e8gues, des policiers nanc\u00e9iens tentent de l\u2019arr\u00eater dans les rues de Nancy alors que le fuyard emprunte le boulevard de Scarpone, le boulevard Albert 1er et l\u2019avenue de la Lib\u00e9ration en direction de Laxou.<\/p>\n<p class=\" wall-content\">Malgr\u00e9 les barrages mis en place et apr\u00e8s avoir frott\u00e9 la carrosserie d\u2019un v\u00e9hicule de police, <strong>l\u2019individu parvient \u00e0 s\u2019\u00e9chapper<\/strong> et \u00e0 retourner sur l\u2019A31 en direction de Toul.<\/p>\n<p>Le conducteur positif \u00e0 l\u2019alcool et au cannabis<\/p>\n<p class=\" wall-content\">Les policiers parviennent finalement \u00e0 l\u2019interpeller \u00e0 Chaudeney-sur-Moselle. <strong>L\u2019homme refuse de sortir de l\u2019habitacle<\/strong>, obligeant les agents \u00e0 faire usage de la force.<\/p>\n<p>Votre r\u00e9gion, votre actu !<\/p>\n<p>Recevez chaque jour les infos qui comptent pour vous.<\/p>\n<p>\t<a href=\"https:\/\/actu.fr\/newsletter\" class=\"ac-btn ac-btn--corner ac-btn--medium ac-btn--blue800\" target=\"_blank\" rel=\"noopener\">S&rsquo;incrire<\/a><\/p>\n<p class=\" wall-content\">Plac\u00e9 en garde \u00e0 vue, <strong>l\u2019homme est contr\u00f4l\u00e9 positif \u00e0 l\u2019alcool et au cannabis<\/strong>. Le contr\u00f4le r\u00e9v\u00e8le \u00e9galement qu\u2019<strong>il conduisait sans permis de conduire et sans assurance<\/strong>.<\/p>\n<p class=\" wall-content\">D\u00e9j\u00e0 connu des services de police pour des infractions routi\u00e8res, il sera pr\u00e9sent\u00e9 ce mercredi 1er\u00a0octobre en comparution imm\u00e9diate.<\/p>\n<p class=\" wall-content\">Personnalisez votre actualit\u00e9 en ajoutant vos villes et m\u00e9dias en favori avec <a href=\"https:\/\/moncompte.actu.fr\" title=\"D\u00e9couvez Mon Actu\" rel=\"nofollow noopener\" data-trk=\"{&quot;cta&quot;:{&quot;action&quot;:&quot;https:\\\/\\\/moncompte.actu.fr&quot;,&quot;category&quot;:&quot;mon compte&quot;,&quot;from&quot;:&quot;article footer&quot;,&quot;name&quot;:&quot;Mon actu&quot;,&quot;type&quot;:&quot;cta&quot;}}\" target=\"_blank\">Mon Actu<\/a>.<\/p>\n","protected":false},"excerpt":{"rendered":"Par Paul-Emile Bouchy Publi\u00e9 le 30 sept. 2025 \u00e0 16h59 Samedi 27\u00a0septembre, vers 14h30, un refus d\u2019obtemp\u00e9rer a&hellip;\n","protected":false},"author":2,"featured_media":129660,"comment_status":"","ping_status":"","sticky":false,"template":"","format":"standard","meta":{"footnotes":""},"categories":[9635],"tags":[1111,11,13404,1777,674,118,1011,27,775,1702,12,1072,2852,25],"class_list":{"0":"post-430133","1":"post","2":"type-post","3":"status-publish","4":"format-standard","5":"has-post-thumbnail","7":"category-nancy","8":"tag-actu","9":"tag-actualites","10":"tag-autoroute-31-a31","11":"tag-eu","12":"tag-europe","13":"tag-faits-divers","14":"tag-fr","15":"tag-france","16":"tag-grand-est","17":"tag-nancy","18":"tag-news","19":"tag-police","20":"tag-refus-dobtemperer","21":"tag-republique-francaise"},"share_on_mastodon":{"url":"https:\/\/pubeurope.com\/@fr\/115296751697976216","error":""},"_links":{"self":[{"href":"https:\/\/www.europesays.com\/fr\/wp-json\/wp\/v2\/posts\/430133","targetHints":{"allow":["GET"]}}],"collection":[{"href":"https:\/\/www.europesays.com\/fr\/wp-json\/wp\/v2\/posts"}],"about":[{"href":"https:\/\/www.europesays.com\/fr\/wp-json\/wp\/v2\/types\/post"}],"author":[{"embeddable":true,"href":"https:\/\/www.europesays.com\/fr\/wp-json\/wp\/v2\/users\/2"}],"replies":[{"embeddable":true,"href":"https:\/\/www.europesays.com\/fr\/wp-json\/wp\/v2\/comments?post=430133"}],"version-history":[{"count":0,"href":"https:\/\/www.europesays.com\/fr\/wp-json\/wp\/v2\/posts\/430133\/revisions"}],"wp:featuredmedia":[{"embeddable":true,"href":"https:\/\/www.europesays.com\/fr\/wp-json\/wp\/v2\/media\/129660"}],"wp:attachment":[{"href":"https:\/\/www.europesays.com\/fr\/wp-json\/wp\/v2\/media?parent=430133"}],"wp:term":[{"taxonomy":"category","embeddable":true,"href":"https:\/\/www.europesays.com\/fr\/wp-json\/wp\/v2\/categories?post=430133"},{"taxonomy":"post_tag","embeddable":true,"href":"https:\/\/www.europesays.com\/fr\/wp-json\/wp\/v2\/tags?post=430133"}],"curies":[{"name":"wp","href":"https:\/\/api.w.org\/{rel}","templated":true}]}}