{"id":430135,"date":"2025-10-01T03:21:09","date_gmt":"2025-10-01T03:21:09","guid":{"rendered":"https:\/\/www.europesays.com\/fr\/430135\/"},"modified":"2025-10-01T03:21:09","modified_gmt":"2025-10-01T03:21:09","slug":"quand-voir-orelsan-a-montpellier-toutes-les-infos-sur-sa-date-en-2026","status":"publish","type":"post","link":"https:\/\/www.europesays.com\/fr\/430135\/","title":{"rendered":"Quand voir Orelsan \u00e0 Montpellier ? Toutes les infos sur sa date en 2026"},"content":{"rendered":"<p>            Par<br \/>\n        <strong><br \/>\n            <a href=\"https:\/\/actu.fr\/auteur\/metropoop\" title=\"Consulter tous les articles de R\u00e9daction M\u00e9tropolitain\" rel=\"nofollow noopener\" target=\"_blank\">R\u00e9daction M\u00e9tropolitain<\/a><br \/>\n        <\/strong><\/p>\n<p>        Publi\u00e9 le<\/p>\n<p>            1 oct. 2025 \u00e0 5h06        <\/p>\n<p>Trois dates d\u2019ouverture \u00e0 Caen, dix soirs de cl\u00f4ture \u00e0 Paris. Entre les deux, une escale montpelli\u00e9raine. La nouvelle tourn\u00e9e d\u2019Orelsan trace d\u00e9j\u00e0 les contours d\u2019un rendez-vous majeur.<\/p>\n<p class=\" wall-content\">Le rappeur originaire de Caen a choisi<strong> ce lundi 29 septembre 2025<\/strong> pour d\u00e9voiler son projet. Dans une vid\u00e9o post\u00e9e sur ses r\u00e9seaux sociaux, il a promis \u00ab\u00a0une toute nouvelle tourn\u00e9e, pleine de surprises\u00a0\u00bb. \u00c0 43 ans, l\u2019artiste continue de rassembler un large public, port\u00e9 par des morceaux devenus incontournables comme La terre est ronde ou La qu\u00eate.<\/p>\n<p class=\" wall-content\"><a href=\"https:\/\/www.instagram.com\/reel\/DPLcCL7iKe9\/embed\" title=\"Ouvrir le lien sur Instagram\" rel=\"nofollow noopener\" target=\"_blank\">Visualiser le contenu sur Instagram<\/a><\/p>\n<p>Montpellier inscrit sur la feuille de route<\/p>\n<p class=\" wall-content\">La Sud de France Arena accueillera Orelsan <strong>le jeudi 26 mars 2026<\/strong>. La salle, capable de recevoir plus de 10 000 spectateurs, s\u2019appr\u00eate \u00e0 vibrer au rythme de ses textes. Les billets pourraient dispara\u00eetre rapidement, au vu de l\u2019engouement qui accompagne chaque apparition de l\u2019artiste.<\/p>\n<p>    <a href=\"https:\/\/www.google.com\/maps\/embed?pb=!1m18!1m12!1m3!1d1445.3173847123483!2d3.949839489672864!3d43.57249295740713!2m3!1f0!2f0!3f0!3m2!1i1024!2i768!4f13.1!3m3!1m2!1s0x12b6a4d5fc7a3bf7%3A0x7409bb29f43e093a!2sSouth%20of%20France%20Arena!5e0!3m2!1sen!2sfr!4v1759227716683!5m2!1sen!2sfr\" title=\"Ouvrie le lien\" rel=\"nofollow noopener\" target=\"_blank\">Cliquez ici pour visualiser le contenu<\/a><\/p>\n<p class=\" wall-content\">La tourn\u00e9e d\u00e9butera le 16 janvier 2026 par trois concerts \u00e0 Caen, ville d\u2019origine du rappeur. Elle se terminera en apoth\u00e9ose \u00e0 Paris, \u00e0 l\u2019Accor Hotel Arena, avec dix soir\u00e9es programm\u00e9es du 9 au 20 d\u00e9cembre. En attendant de retrouver son public dans les salles, Orelsan s\u2019affichera au cin\u00e9ma. <strong>Son film Yoro\u00ef<\/strong> sortira le 29 novembre 2025. Une mani\u00e8re de patienter avant la tourn\u00e9e, et de d\u00e9couvrir une autre facette de l\u2019artiste.\u00a0<\/p>\n<p>Vid\u00e9os : en ce moment sur Actu<\/p>\n<p class=\" wall-content\">\n<p><strong>&gt;<\/strong> Pour les plus impatients, <a href=\"https:\/\/www.ticketmaster.fr\/fr\/manifestation\/orelsan-billet\/idmanif\/636693\" rel=\"nofollow noopener\" target=\"_blank\">la pr\u00e9vente Ticketmaster<\/a> commencera <strong>ce mercredi 1er octobre 2025<\/strong> \u00e0 midi. La mise en vente g\u00e9n\u00e9rale suivra le lundi 6 octobre \u00e0 10 heures. Un calendrier \u00e0 noter d\u00e8s maintenant si l\u2019on veut \u00e9viter la frustration d\u2019un concert complet en quelques minutes.<\/p>\n<p class=\" wall-content\">Personnalisez votre actualit\u00e9 en ajoutant vos villes et m\u00e9dias en favori avec <a href=\"https:\/\/moncompte.actu.fr\" title=\"D\u00e9couvez Mon Actu\" rel=\"nofollow noopener\" data-trk=\"{&quot;cta&quot;:{&quot;action&quot;:&quot;https:\\\/\\\/moncompte.actu.fr&quot;,&quot;category&quot;:&quot;mon compte&quot;,&quot;from&quot;:&quot;article footer&quot;,&quot;name&quot;:&quot;Mon actu&quot;,&quot;type&quot;:&quot;cta&quot;}}\" target=\"_blank\">Mon Actu<\/a>.<\/p>\n<p>                    <script async src=\"\/\/www.instagram.com\/embed.js\"><\/script><\/p>\n","protected":false},"excerpt":{"rendered":"Par R\u00e9daction M\u00e9tropolitain Publi\u00e9 le 1 oct. 2025 \u00e0 5h06 Trois dates d\u2019ouverture \u00e0 Caen, dix soirs de&hellip;\n","protected":false},"author":2,"featured_media":430136,"comment_status":"","ping_status":"","sticky":false,"template":"","format":"standard","meta":{"footnotes":""},"categories":[9599],"tags":[1111,11,1697,1777,674,1011,27,1652,2208,873,12,2680,21953,25],"class_list":{"0":"post-430135","1":"post","2":"type-post","3":"status-publish","4":"format-standard","5":"has-post-thumbnail","7":"category-montpellier","8":"tag-actu","9":"tag-actualites","10":"tag-concert","11":"tag-eu","12":"tag-europe","13":"tag-fr","14":"tag-france","15":"tag-loisirs-culture","16":"tag-montpellier","17":"tag-musique","18":"tag-news","19":"tag-occitanie","20":"tag-orelsan","21":"tag-republique-francaise"},"share_on_mastodon":{"url":"https:\/\/pubeurope.com\/@fr\/115296762793902300","error":""},"_links":{"self":[{"href":"https:\/\/www.europesays.com\/fr\/wp-json\/wp\/v2\/posts\/430135","targetHints":{"allow":["GET"]}}],"collection":[{"href":"https:\/\/www.europesays.com\/fr\/wp-json\/wp\/v2\/posts"}],"about":[{"href":"https:\/\/www.europesays.com\/fr\/wp-json\/wp\/v2\/types\/post"}],"author":[{"embeddable":true,"href":"https:\/\/www.europesays.com\/fr\/wp-json\/wp\/v2\/users\/2"}],"replies":[{"embeddable":true,"href":"https:\/\/www.europesays.com\/fr\/wp-json\/wp\/v2\/comments?post=430135"}],"version-history":[{"count":0,"href":"https:\/\/www.europesays.com\/fr\/wp-json\/wp\/v2\/posts\/430135\/revisions"}],"wp:featuredmedia":[{"embeddable":true,"href":"https:\/\/www.europesays.com\/fr\/wp-json\/wp\/v2\/media\/430136"}],"wp:attachment":[{"href":"https:\/\/www.europesays.com\/fr\/wp-json\/wp\/v2\/media?parent=430135"}],"wp:term":[{"taxonomy":"category","embeddable":true,"href":"https:\/\/www.europesays.com\/fr\/wp-json\/wp\/v2\/categories?post=430135"},{"taxonomy":"post_tag","embeddable":true,"href":"https:\/\/www.europesays.com\/fr\/wp-json\/wp\/v2\/tags?post=430135"}],"curies":[{"name":"wp","href":"https:\/\/api.w.org\/{rel}","templated":true}]}}