{"id":430139,"date":"2025-10-01T03:26:05","date_gmt":"2025-10-01T03:26:05","guid":{"rendered":"https:\/\/www.europesays.com\/fr\/430139\/"},"modified":"2025-10-01T03:26:05","modified_gmt":"2025-10-01T03:26:05","slug":"grenoble-les-200-etats-emotionnels-de-vimala-pons-les-2-et-3-octobre-a-la-mc2","status":"publish","type":"post","link":"https:\/\/www.europesays.com\/fr\/430139\/","title":{"rendered":"Grenoble. Les 200 \u00e9tats \u00e9motionnels de Vimala Pons les 2 et 3 octobre \u00e0 la MC2"},"content":{"rendered":"<p>Dans sa derni\u00e8re cr\u00e9ation Honda Romance , Vimala Pons, ancienne artiste associ\u00e9e \u00e0 la MC2, franchit une nouvelle \u00e9tape dans sa recherche sur l\u2019\u00e9quilibre. Elle explore 200 \u00e9tats \u00e9motionnels diff\u00e9rents dans une performance aussi dr\u00f4le que f\u00e9roce, aussi physique que mentale. D\u00e9stabilisant\u00a0! Autrice-performeuse, metteuse en sc\u00e8ne et actrice hors pair, Vimala Pons incarne l\u2019audace cr\u00e9ative. Artiste multim\u00e9dia, elle navigue entre cin\u00e9ma, \u00e9criture et performances, m\u00ealant po\u00e9sie, humour et physicalit\u00e9. Pour sa nouvelle cr\u00e9ation, cet esprit libre poursuit sa r\u00e9invention des codes et tente de r\u00e9interpr\u00e9ter, \u00e0 vitesse r\u00e9elle, le flux incessant et non hi\u00e9rarchis\u00e9 de la pens\u00e9e. Pour ce faire, elle d\u00e9cide de traverser 200 \u00e9tats \u00e9motionnels diff\u00e9rents. Un ch\u0153ur de neuf chanteuses et chanteurs sillonne la sc\u00e8ne de mani\u00e8re incessante, cr\u00e9ant un ballet d\u2019actions intimes, dr\u00f4les, impressionnantes, insolentes.<\/p>\n<p class=\"note\">Jeudi\u00a02 et vendredi 3\u00a0octobre \u00e0 20 heures \u00e0 la MC2 \u00e0 Grenoble. De 5 \u00e0 33\u00a0\u20ac.<\/p>\n","protected":false},"excerpt":{"rendered":"Dans sa derni\u00e8re cr\u00e9ation Honda Romance , Vimala Pons, ancienne artiste associ\u00e9e \u00e0 la MC2, franchit une nouvelle&hellip;\n","protected":false},"author":2,"featured_media":430140,"comment_status":"","ping_status":"","sticky":false,"template":"","format":"standard","meta":{"footnotes":""},"categories":[9566],"tags":[1111,11,2430,1687,112,1777,674,1011,27,2731,2732,108,12,25,3140],"class_list":{"0":"post-430139","1":"post","2":"type-post","3":"status-publish","4":"format-standard","5":"has-post-thumbnail","7":"category-grenoble","8":"tag-actu","9":"tag-actualites","10":"tag-auvergne-rhone-alpes","11":"tag-culture-loisirs","12":"tag-edition-grenoble-agglomeration","13":"tag-eu","14":"tag-europe","15":"tag-fr","16":"tag-france","17":"tag-grenoble","18":"tag-grenoble-bassin","19":"tag-isere","20":"tag-news","21":"tag-republique-francaise","22":"tag-spectacle"},"share_on_mastodon":{"url":"https:\/\/pubeurope.com\/@fr\/115296782509100420","error":""},"_links":{"self":[{"href":"https:\/\/www.europesays.com\/fr\/wp-json\/wp\/v2\/posts\/430139","targetHints":{"allow":["GET"]}}],"collection":[{"href":"https:\/\/www.europesays.com\/fr\/wp-json\/wp\/v2\/posts"}],"about":[{"href":"https:\/\/www.europesays.com\/fr\/wp-json\/wp\/v2\/types\/post"}],"author":[{"embeddable":true,"href":"https:\/\/www.europesays.com\/fr\/wp-json\/wp\/v2\/users\/2"}],"replies":[{"embeddable":true,"href":"https:\/\/www.europesays.com\/fr\/wp-json\/wp\/v2\/comments?post=430139"}],"version-history":[{"count":0,"href":"https:\/\/www.europesays.com\/fr\/wp-json\/wp\/v2\/posts\/430139\/revisions"}],"wp:featuredmedia":[{"embeddable":true,"href":"https:\/\/www.europesays.com\/fr\/wp-json\/wp\/v2\/media\/430140"}],"wp:attachment":[{"href":"https:\/\/www.europesays.com\/fr\/wp-json\/wp\/v2\/media?parent=430139"}],"wp:term":[{"taxonomy":"category","embeddable":true,"href":"https:\/\/www.europesays.com\/fr\/wp-json\/wp\/v2\/categories?post=430139"},{"taxonomy":"post_tag","embeddable":true,"href":"https:\/\/www.europesays.com\/fr\/wp-json\/wp\/v2\/tags?post=430139"}],"curies":[{"name":"wp","href":"https:\/\/api.w.org\/{rel}","templated":true}]}}