{"id":43015,"date":"2025-04-22T03:36:15","date_gmt":"2025-04-22T03:36:15","guid":{"rendered":"https:\/\/www.europesays.com\/fr\/43015\/"},"modified":"2025-04-22T03:36:15","modified_gmt":"2025-04-22T03:36:15","slug":"a-marseille-une-adolescente-de-17-ans-victime-dun-car-jacking-pour-sa-voiture-sans-permis","status":"publish","type":"post","link":"https:\/\/www.europesays.com\/fr\/43015\/","title":{"rendered":"\u00c0 Marseille, une adolescente de 17\u00a0ans victime d\u2019un car-jacking pour sa voiture sans permis"},"content":{"rendered":"<p>Une jeune fille de 17\u00a0ans a \u00e9t\u00e9 victime d\u2019un violent car-jacking le mercredi 16\u00a0avril 2025, dans les rues de Marseille (Bouches-du-Rh\u00f4ne). L\u2019adolescente a \u00e9t\u00e9 attaqu\u00e9e alors qu\u2019elle se trouvait au volant d\u2019une voiture sans permis, vers 19\u00a0h, quartier de Vauban, selon <a href=\"https:\/\/www.laprovence.com\/article\/faits-divers-justice\/2961385748389815\/marseille-une-adolescente-braquee-pour-sa-voiture-sans-permis\" target=\"_blank\" rel=\"nofollow noopener\"> La Provence <\/a>. Trois braqueurs encagoul\u00e9s l\u2019ont menac\u00e9e avec un couteau avant de s\u2019emparer du v\u00e9hicule Ligier.<\/p>\n<p>La jeune conductrice a pu pr\u00e9venir la police. Des agents de\u00a0la BAC et du Groupe de s\u00e9curit\u00e9 de proximit\u00e9 (GSP) ont rapidement localis\u00e9 la voiturette vol\u00e9e et l\u2019ont prise en chasse. Le trio a finalement abandonn\u00e9 le v\u00e9hicule apr\u00e8s avoir percut\u00e9 celui des policiers et deux autres voitures en stationnement.<\/p>\n<p>Trois jeunes suspects<\/p>\n<p>Les voleurs ont \u00e9t\u00e9 interpell\u00e9s. Il s\u2019agit de deux jeunes gar\u00e7ons de 14 et 18\u00a0ans et d\u2019une jeune fille de 17\u00a0ans qui connaissait visiblement la victime. Les investigations vont se poursuivre, notamment pour d\u00e9terminer les intentions de la braqueuse.<\/p>\n<p>Pour en savoir plus\u00a0: lire l\u2019article de <a href=\"https:\/\/www.laprovence.com\/article\/faits-divers-justice\/2961385748389815\/marseille-une-adolescente-braquee-pour-sa-voiture-sans-permis\" target=\"_blank\" rel=\"nofollow noopener\"> La Provence <\/a>.\u00a0<\/p>\n<p>\u00a0<\/p>\n","protected":false},"excerpt":{"rendered":"Une jeune fille de 17\u00a0ans a \u00e9t\u00e9 victime d\u2019un violent car-jacking le mercredi 16\u00a0avril 2025, dans les rues&hellip;\n","protected":false},"author":2,"featured_media":43016,"comment_status":"","ping_status":"","sticky":false,"template":"","format":"standard","meta":{"footnotes":""},"categories":[2814],"tags":[9273,1111,11,13008,1764,8766,1777,674,1011,27,884,12,9121,882,25,2310,9418,4752],"class_list":{"0":"post-43015","1":"post","2":"type-post","3":"status-publish","4":"format-standard","5":"has-post-thumbnail","7":"category-marseille","8":"tag-9273","9":"tag-actu","10":"tag-actualites","11":"tag-adolescente","12":"tag-ans","13":"tag-car-jacking","14":"tag-eu","15":"tag-europe","16":"tag-fr","17":"tag-france","18":"tag-marseille","19":"tag-news","20":"tag-permis","21":"tag-provence-alpes-cote-dazur","22":"tag-republique-francaise","23":"tag-toulon","24":"tag-victime","25":"tag-voiture"},"share_on_mastodon":{"url":"https:\/\/pubeurope.com\/@fr\/114379527638602686","error":""},"_links":{"self":[{"href":"https:\/\/www.europesays.com\/fr\/wp-json\/wp\/v2\/posts\/43015","targetHints":{"allow":["GET"]}}],"collection":[{"href":"https:\/\/www.europesays.com\/fr\/wp-json\/wp\/v2\/posts"}],"about":[{"href":"https:\/\/www.europesays.com\/fr\/wp-json\/wp\/v2\/types\/post"}],"author":[{"embeddable":true,"href":"https:\/\/www.europesays.com\/fr\/wp-json\/wp\/v2\/users\/2"}],"replies":[{"embeddable":true,"href":"https:\/\/www.europesays.com\/fr\/wp-json\/wp\/v2\/comments?post=43015"}],"version-history":[{"count":0,"href":"https:\/\/www.europesays.com\/fr\/wp-json\/wp\/v2\/posts\/43015\/revisions"}],"wp:featuredmedia":[{"embeddable":true,"href":"https:\/\/www.europesays.com\/fr\/wp-json\/wp\/v2\/media\/43016"}],"wp:attachment":[{"href":"https:\/\/www.europesays.com\/fr\/wp-json\/wp\/v2\/media?parent=43015"}],"wp:term":[{"taxonomy":"category","embeddable":true,"href":"https:\/\/www.europesays.com\/fr\/wp-json\/wp\/v2\/categories?post=43015"},{"taxonomy":"post_tag","embeddable":true,"href":"https:\/\/www.europesays.com\/fr\/wp-json\/wp\/v2\/tags?post=43015"}],"curies":[{"name":"wp","href":"https:\/\/api.w.org\/{rel}","templated":true}]}}