{"id":430155,"date":"2025-10-01T03:34:22","date_gmt":"2025-10-01T03:34:22","guid":{"rendered":"https:\/\/www.europesays.com\/fr\/430155\/"},"modified":"2025-10-01T03:34:22","modified_gmt":"2025-10-01T03:34:22","slug":"deux-belles-petites-librairies-de-loire-atlantique-dans-lemission-la-grande-librairie-ce","status":"publish","type":"post","link":"https:\/\/www.europesays.com\/fr\/430155\/","title":{"rendered":"Deux belles petites librairies de Loire-Atlantique dans l\u2019\u00e9mission La grande librairie, ce"},"content":{"rendered":"<p>Y\u2019a pas de quoi en faire un roman car ce ne sera pas une grande intervention, mais c\u2019est quand m\u00eame la classe. Ce mercredi 1er\u00a0octobre, La grande librairie, l\u2019\u00e9mission litt\u00e9raire d\u2019Augustin Trapenard, sur France 5, rendra visite \u00e0 deux jolies librairies de la m\u00e9tropole\u00a0: La Vie devant soi, \u00e0 Nantes et <a href=\"https:\/\/nantes.maville.com\/actu\/actudet_-a-vertou-la-librairie-lise-&amp;-moi-fete-ses-10-ans-_8-6187186_actu.Htm\" target=\"_self\" rel=\"noopener\">Lise &amp; moi, \u00e0 Vertou<\/a>. L\u2019\u00e9quipe du magazine consacre une \u00e9mission sp\u00e9ciale aux\u00a0classiques m\u00e9connus et a demand\u00e9 aux deux librairies d\u2019en pr\u00e9senter deux.<\/p>\n<p>\u00c0 la question, <a href=\"https:\/\/nantes.maville.com\/actu\/actudet_-la-libraire-de-la-vie-devant-soi-a-nantes-partage-ses-coups-de-coeur-de-l-ete-_52716-5907737_actu.Htm\" target=\"_self\" rel=\"noopener\">Charlotte Desmousseaux, de La vie devant soi,<\/a> a r\u00e9pondu avec Mes amis d\u2019Emmanuel Bove,<strong> \u00ab\u00a0un auteur m\u00e9connu des ann\u00e9es 1930, pl\u00e9biscit\u00e9 par les libraires, mais peu connu du grand public. Son \u00e9criture pr\u00e9cise, unique, en fait, pour moi, un des grands classiques du XXe\u00a0si\u00e8cle \u00e0 d\u00e9couvrir. Mais un livre culte pour les libraires est il un classique\u00a0?\u00a0\u00bb <\/strong>Elle a aussi choisi Le bouquiniste Mendel de Stephen Zweig,<strong> \u00ab\u00a0une ode \u00e0 la litt\u00e9rature, un regard \u00e9clair\u00e9 et toujours d\u2019actualit\u00e9 sur la fa\u00e7on dont la culture est attaqu\u00e9e en temps de guerre\u00a0\u00bb<\/strong> et D\u00e9livrez-nous du bien de Joan Samson. <strong>\u00ab\u00a0Publi\u00e9 en 1975 cet unique livre de l\u2019autrice Joan Samson est un classique en devenir car, apr\u00e8s sa lecture, ce livre ne vous quittera pas et vous aidera \u00e0 comprendre et \u00e9clairer le monde actuel\u00a0!\u00a0\u00bb<\/strong><\/p>\n<p>On conna\u00eetra le choix de La grande librairie sachant que seuls deux classiques seront retenus et que Pierre, son coll\u00e8gue de La vie devant soi a, lui, choisi\u00a0Lila Rouge de\u00a0Reinhard Kaiser-M\u00fchlecker et Barbara de Jorgen-Frantz Jacobsen. Confidences\u00a0: le c\u0153ur d\u2019Anne-Lise Potet, \u00e0 Lise &amp; moi, a pench\u00e9 pour La grande peur dans la montagne de\u00a0Charles-Ferdinan Ramuz, Le voyage \u00e0 Paimpol\u00a0de Doroth\u00e9e Letessier et Les petites vertus\u00a0de Natalia Ginzburg.<\/p>\n<p>\u00a0<\/p>\n","protected":false},"excerpt":{"rendered":"Y\u2019a pas de quoi en faire un roman car ce ne sera pas une grande intervention, mais c\u2019est&hellip;\n","protected":false},"author":2,"featured_media":430156,"comment_status":"","ping_status":"","sticky":false,"template":"","format":"standard","meta":{"footnotes":""},"categories":[2818],"tags":[1111,11,13543,2889,1777,674,1011,27,4027,14783,7373,3047,6774,766,12,2636,28989,25],"class_list":{"0":"post-430155","1":"post","2":"type-post","3":"status-publish","4":"format-standard","5":"has-post-thumbnail","7":"category-nantes","8":"tag-actu","9":"tag-actualites","10":"tag-belles","11":"tag-emission","12":"tag-eu","13":"tag-europe","14":"tag-fr","15":"tag-france","16":"tag-grande","17":"tag-librairie","18":"tag-librairies","19":"tag-loire-atlantique","20":"tag-mercredi","21":"tag-nantes","22":"tag-news","23":"tag-pays-de-la-loire","24":"tag-petites","25":"tag-republique-francaise"},"share_on_mastodon":{"url":"https:\/\/pubeurope.com\/@fr\/115296814048123055","error":""},"_links":{"self":[{"href":"https:\/\/www.europesays.com\/fr\/wp-json\/wp\/v2\/posts\/430155","targetHints":{"allow":["GET"]}}],"collection":[{"href":"https:\/\/www.europesays.com\/fr\/wp-json\/wp\/v2\/posts"}],"about":[{"href":"https:\/\/www.europesays.com\/fr\/wp-json\/wp\/v2\/types\/post"}],"author":[{"embeddable":true,"href":"https:\/\/www.europesays.com\/fr\/wp-json\/wp\/v2\/users\/2"}],"replies":[{"embeddable":true,"href":"https:\/\/www.europesays.com\/fr\/wp-json\/wp\/v2\/comments?post=430155"}],"version-history":[{"count":0,"href":"https:\/\/www.europesays.com\/fr\/wp-json\/wp\/v2\/posts\/430155\/revisions"}],"wp:featuredmedia":[{"embeddable":true,"href":"https:\/\/www.europesays.com\/fr\/wp-json\/wp\/v2\/media\/430156"}],"wp:attachment":[{"href":"https:\/\/www.europesays.com\/fr\/wp-json\/wp\/v2\/media?parent=430155"}],"wp:term":[{"taxonomy":"category","embeddable":true,"href":"https:\/\/www.europesays.com\/fr\/wp-json\/wp\/v2\/categories?post=430155"},{"taxonomy":"post_tag","embeddable":true,"href":"https:\/\/www.europesays.com\/fr\/wp-json\/wp\/v2\/tags?post=430155"}],"curies":[{"name":"wp","href":"https:\/\/api.w.org\/{rel}","templated":true}]}}