{"id":430159,"date":"2025-10-01T03:36:25","date_gmt":"2025-10-01T03:36:25","guid":{"rendered":"https:\/\/www.europesays.com\/fr\/430159\/"},"modified":"2025-10-01T03:36:25","modified_gmt":"2025-10-01T03:36:25","slug":"la-foire-aux-plaisirs-de-retour-place-des-quinconces","status":"publish","type":"post","link":"https:\/\/www.europesays.com\/fr\/430159\/","title":{"rendered":"la Foire aux Plaisirs de retour place des Quinconces !"},"content":{"rendered":"<p>La Foire aux plaisirs de Bordeaux revient pour son \u00e9dition d\u2019automne ! Du 10 octobre au 2 novembre 2025, la c\u00e9l\u00e8bre f\u00eate foraine s\u2019installe sur la place des Quinconces, offrant \u00e0 nouveau son lot de man\u00e8ges, de friandises et d\u2019animations pour toute la famille.<\/p>\n<p>Une f\u00eate foraine incontournable \u00e0 Bordeaux<\/p>\n<p>\u00c9v\u00e9nement attendu chaque ann\u00e9e par des milliers de Bordelais et visiteurs de la r\u00e9gion, la <strong>Foire aux plaisirs<\/strong> est bien plus qu\u2019un rendez-vous festif : c\u2019est une v\u00e9ritable tradition qui se transmet de g\u00e9n\u00e9ration en g\u00e9n\u00e9ration. Avec pr\u00e8s de <strong>200 man\u00e8ges et stands<\/strong>, la place des Quinconces se transforme en un gigantesque terrain de jeux pour petits et grands.<\/p>\n<p><img fetchpriority=\"high\" decoding=\"async\" width=\"1024\" height=\"683\" src=\"https:\/\/www.europesays.com\/fr\/wp-content\/uploads\/2025\/10\/foire-aux-plaisirs-bordeaux-1024x683.jpg\" alt=\"\" class=\"wp-image-84398\"  \/>\ud83d\udc97 Le 10 octobre, participez \u00e0 la soir\u00e9e caritative d\u2019ouverture de la <strong>Foire aux plaisirs<\/strong> : pass man\u00e8ges illimit\u00e9 20 \u20ac, au profit d\u2019Octobre Rose.<\/p>\n<p>Au programme : des attractions \u00e0 sensations fortes, des man\u00e8ges familiaux, des stands gourmands avec chichis, barbes \u00e0 papa, gaufres et autres sp\u00e9cialit\u00e9s foraines. De quoi satisfaire aussi bien les amateurs d\u2019adr\u00e9naline que les plus gourmands.<\/p>\n<p>Les horaires de la Foire aux plaisirs 2025<\/p>\n<p>La <strong>foire de Bordeaux<\/strong> sera ouverte tous les jours de <strong>11 h \u00e0 minuit<\/strong>. Les vendredis et samedis, les festivit\u00e9s se prolongeront jusqu\u2019\u00e0 <strong>2 h du matin<\/strong>, permettant aux noctambules de profiter de l\u2019ambiance festive jusque tard dans la nuit.<\/p>\n<p>Une soir\u00e9e caritative pour Octobre Rose<\/p>\n<p>Comme chaque ann\u00e9e, l\u2019ouverture de la Foire sera marqu\u00e9e par une initiative solidaire. Le <strong>vendredi 10 octobre<\/strong>, de 18 h \u00e0 21 h, les visiteurs pourront acheter un <strong>pass man\u00e8ges<\/strong> au prix de 20 \u20ac. Ce pass donne un acc\u00e8s illimit\u00e9 \u00e0 toutes les attractions pendant trois heures.<\/p>\n<p><img loading=\"lazy\" decoding=\"async\" width=\"1024\" height=\"771\" src=\"https:\/\/www.europesays.com\/fr\/wp-content\/uploads\/2025\/10\/foire-aux-plaisirs-bordeaux-2-1024x771.jpg\" alt=\"\" class=\"wp-image-84399\"  \/>\ud83c\udf6d Autos tamponneuses, sensations fortes et barbes \u00e0 papa : la <strong>Foire aux plaisirs<\/strong> fait son grand retour \u00e0 Bordeaux. Rendez-vous du 10 octobre au 2 novembre 2025.<\/p>\n<p>L\u2019int\u00e9gralit\u00e9 des b\u00e9n\u00e9fices sera revers\u00e9e \u00e0 l\u2019<strong>Institut Bergoni\u00e9<\/strong>, centre r\u00e9gional de lutte contre le cancer, dans le cadre de <strong>l\u2019op\u00e9ration Octobre Rose<\/strong>, d\u00e9di\u00e9e \u00e0 la sensibilisation au d\u00e9pistage du cancer du sein. Une belle occasion de s\u2019amuser tout en soutenant une cause importante.<\/p>\n<p>Une sortie familiale immanquable \u00e0 Bordeaux<\/p>\n<p>Accessible, conviviale et populaire, la Foire aux plaisirs reste l\u2019un des <strong>\u00e9v\u00e9nements phares de l\u2019automne \u00e0 Bordeaux<\/strong>. Elle attire chaque ann\u00e9e plusieurs centaines de milliers de visiteurs, s\u00e9duits par son atmosph\u00e8re unique et son offre vari\u00e9e.<\/p>\n<p>Que vous soyez amateur de frissons dans les man\u00e8ges \u00e0 sensations, nostalgique des autos tamponneuses ou simplement curieux de go\u00fbter aux saveurs sucr\u00e9es des stands, la <strong>foire bordelaise<\/strong> est une sortie id\u00e9ale en famille ou entre amis.<\/p>\n<p>Infos pratiques<\/p>\n<ul class=\"wp-block-list\">\n<li>\ud83d\udccd Lieu : <strong>Place des Quinconces, Bordeaux<\/strong><\/li>\n<li>\ud83d\udcc5 Dates : du <strong>10 octobre au 2 novembre 2025<\/strong><\/li>\n<li>\ud83d\udd52 Horaires : de <strong>11 h \u00e0 minuit<\/strong> (jusqu\u2019\u00e0 2 h les vendredis et samedis)<\/li>\n<li>\ud83c\udf9f\ufe0f Soir\u00e9e caritative Octobre Rose : vendredi 10 octobre, de 18 h \u00e0 21 h \u2013 <strong>pass man\u00e8ges illimit\u00e9 20 \u20ac<\/strong><\/li>\n<li>\ud83d\udd17 Plus d\u2019infos sur les attractions et la billetterie : <a href=\"http:\/\/www.foireauxplaisirs.com\" rel=\"nofollow noopener\" target=\"_blank\">www.foireauxplaisirs.com<\/a><\/li>\n<\/ul>\n<p><img loading=\"lazy\" decoding=\"async\" width=\"1024\" height=\"576\" src=\"https:\/\/www.bougerabordeaux.com\/wp-content\/uploads\/2025\/09\/foire-aux-plaisirs-bordeaux-3-1024x576.webp\" alt=\"\" class=\"wp-image-84400\"  \/>\ud83c\udfa1 Bordeaux s\u2019illumine ! La <strong>Foire aux plaisirs 2025<\/strong> revient du 10 octobre au 2 novembre place des Quinconces. 200 man\u00e8ges, gourmandises et ambiance festive au rendez-vous !<\/p>\n<p>Avec ses man\u00e8ges embl\u00e9matiques, son ambiance chaleureuse et son ancrage dans la tradition bordelaise, la <strong>Foire aux plaisirs 2025<\/strong> promet une nouvelle \u00e9dition riche en \u00e9motions et en gourmandises.<\/p>\n","protected":false},"excerpt":{"rendered":"La Foire aux plaisirs de Bordeaux revient pour son \u00e9dition d\u2019automne ! Du 10 octobre au 2 novembre&hellip;\n","protected":false},"author":2,"featured_media":430160,"comment_status":"","ping_status":"","sticky":false,"template":"","format":"standard","meta":{"footnotes":""},"categories":[2817],"tags":[1111,11,1997,1777,674,1011,27,12,2219,25],"class_list":{"0":"post-430159","1":"post","2":"type-post","3":"status-publish","4":"format-standard","5":"has-post-thumbnail","7":"category-bordeaux","8":"tag-actu","9":"tag-actualites","10":"tag-bordeaux","11":"tag-eu","12":"tag-europe","13":"tag-fr","14":"tag-france","15":"tag-news","16":"tag-nouvelle-aquitaine","17":"tag-republique-francaise"},"share_on_mastodon":{"url":"https:\/\/pubeurope.com\/@fr\/115296821982800223","error":""},"_links":{"self":[{"href":"https:\/\/www.europesays.com\/fr\/wp-json\/wp\/v2\/posts\/430159","targetHints":{"allow":["GET"]}}],"collection":[{"href":"https:\/\/www.europesays.com\/fr\/wp-json\/wp\/v2\/posts"}],"about":[{"href":"https:\/\/www.europesays.com\/fr\/wp-json\/wp\/v2\/types\/post"}],"author":[{"embeddable":true,"href":"https:\/\/www.europesays.com\/fr\/wp-json\/wp\/v2\/users\/2"}],"replies":[{"embeddable":true,"href":"https:\/\/www.europesays.com\/fr\/wp-json\/wp\/v2\/comments?post=430159"}],"version-history":[{"count":0,"href":"https:\/\/www.europesays.com\/fr\/wp-json\/wp\/v2\/posts\/430159\/revisions"}],"wp:featuredmedia":[{"embeddable":true,"href":"https:\/\/www.europesays.com\/fr\/wp-json\/wp\/v2\/media\/430160"}],"wp:attachment":[{"href":"https:\/\/www.europesays.com\/fr\/wp-json\/wp\/v2\/media?parent=430159"}],"wp:term":[{"taxonomy":"category","embeddable":true,"href":"https:\/\/www.europesays.com\/fr\/wp-json\/wp\/v2\/categories?post=430159"},{"taxonomy":"post_tag","embeddable":true,"href":"https:\/\/www.europesays.com\/fr\/wp-json\/wp\/v2\/tags?post=430159"}],"curies":[{"name":"wp","href":"https:\/\/api.w.org\/{rel}","templated":true}]}}