{"id":430161,"date":"2025-10-01T03:37:33","date_gmt":"2025-10-01T03:37:33","guid":{"rendered":"https:\/\/www.europesays.com\/fr\/430161\/"},"modified":"2025-10-01T03:37:33","modified_gmt":"2025-10-01T03:37:33","slug":"lgv-toulouse-bordeaux-la-demande-de-suspension-des-travaux-des-opposants-rejetee","status":"publish","type":"post","link":"https:\/\/www.europesays.com\/fr\/430161\/","title":{"rendered":"LGV Toulouse-Bordeaux\u00a0: la \u00ab\u00a0demande de suspension\u00a0\u00bb des travaux des opposants rejet\u00e9e"},"content":{"rendered":"<p class=\"paragraph text_align_left lp-f-body-02\">La justice administrative a rejet\u00e9 mardi, en r\u00e9f\u00e9r\u00e9, un recours des opposants au chantier de la <a href=\"https:\/\/www.leparisien.fr\/haute-garonne-31\/lgv-bordeaux-toulouse-60-jours-pour-lire-25-000-pages-letat-est-loin-de-notre-realite-de-maire-02-09-2025-SHSV64HDHJEGPMH6KVKLH36A7U.php\" target=\"_self\" rel=\"nofollow noopener\">ligne \u00e0 grande vitesse (LGV) Toulouse-Bordeaux<\/a>. Ils contestaient l\u2019autorisation environnementale accord\u00e9e pour des travaux li\u00e9s \u00e0 ce projet dans le nord de Toulouse.<\/p>\n<p class=\"paragraph text_align_left lp-f-body-02\">Les juges du tribunal administratif de Toulouse ont \u00ab consid\u00e9r\u00e9 que les moyens soulev\u00e9s par l\u2019association requ\u00e9rante n\u2019\u00e9taient pas de nature \u00e0 cr\u00e9er, en l\u2019\u00e9tat de l\u2019instruction, un doute s\u00e9rieux quant \u00e0 la l\u00e9galit\u00e9 de la d\u00e9cision attaqu\u00e9e \u00bb et rejet\u00e9 sa \u00ab demande de suspension \u00bb des travaux, a expliqu\u00e9 la juridiction dans un communiqu\u00e9.<\/p>\n<p class=\"paragraph text_align_left lp-f-body-02\">Les Amis de la Terre Midi-Pyr\u00e9n\u00e9es estimaient que l\u2019autorisation environnementale accord\u00e9e \u00e0 <a href=\"https:\/\/www.leparisien.fr\/environnement\/lgv-entre-toulouse-et-bordeaux-plus-dune-centaine-darbres-coupes-sur-le-trace-de-la-ligne-11-11-2024-6ASXAMEZMRGWDJHB4F4PSGRGDU.php\" target=\"_self\" rel=\"nofollow noopener\">l\u2019op\u00e9ration d\u2019am\u00e9nagement ferroviaire<\/a> du nord de Toulouse (AFNT), premiers travaux r\u00e9alis\u00e9s dans cette zone dans le cadre du chantier LGV, \u00e9tait \u00ab insuffisamment motiv\u00e9e \u00bb et \u00ab entach\u00e9e d\u2019un vice de proc\u00e9dure \u00bb.<\/p>\n<p>Validation \u00ab \u00e0 titre provisoire \u00bb<\/p>\n<p class=\"paragraph text_align_left lp-f-body-02\">Ces arguments ont \u00e9t\u00e9 rejet\u00e9s par le tribunal dont la d\u00e9cision valide \u00ab \u00e0 titre provisoire \u00bb la l\u00e9galit\u00e9 de l\u2019arr\u00eat\u00e9 d\u2019autorisation du pr\u00e9fet de la Haute-Garonne du 9 f\u00e9vrier 2024. La juridiction rappelle que ce rejet intervient en r\u00e9f\u00e9r\u00e9, c\u2019est-\u00e0-dire dans le cadre d\u2019une proc\u00e9dure d\u2019urgence, et qu\u2019elle reste saisie au fond pour juger \u00ab dans les prochains mois \u00bb de la l\u00e9galit\u00e9 de l\u2019autorisation environnementale en question.<\/p>\n<p class=\"title-embed-dailymotion lp-color-text lp-f-subtitle-04\">Vid\u00e9oTenions lors de la mobilisation contre la LGV du Sud-Ouest, une voiture de la gendarmerie vandalis\u00e9e<\/p>\n<p class=\"lp-card-podcast-highlighting__title  lp-f-subtitle-05\">[2\/2] Disparition du petit Philippe Bertrand\u00a0: mensonge et peine de mort<\/p>\n<p class=\"lp-card-podcast-highlighting__description lp-f-ui-05\">Crime story raconte chaque semaine les grandes affaires criminelles.<\/p>\n<p><a class=\"lp-card-podcast-highlighting__call-to-action\" data-page-type=\"HP\" data-block-name=\"podcast-highlight\">\u00c9couter<\/a><\/p>\n<p class=\"paragraph text_align_left lp-f-body-02\"><a href=\"https:\/\/www.leparisien.fr\/gironde-33\/lgv-du-sud-ouest-feu-vert-au-chantier-preparatoire-au-sud-de-bordeaux-18-10-2024-EZR45YOGF5DDNGZ2EFLLKCAN5Y.php\" target=\"_self\" rel=\"nofollow noopener\">La LGV Toulouse-Bordeaux<\/a> dont certains travaux pr\u00e9alables ont d\u00e9but\u00e9 en mai 2024, doit notamment permettre de relier en 2032 Toulouse \u00e0 Paris en 3 heures et 10 minutes, gagnant plus d\u2019une heure sur le temps de voyage actuel.<\/p>\n<p class=\"paragraph text_align_left lp-f-body-02\">Concernant son financement, plusieurs collectivit\u00e9s du Sud-Ouest, inqui\u00e8tes d\u2019un \u00e9ventuel abandon du projet sur fond de rigueur budg\u00e9taire, ont appel\u00e9 fin juillet l\u2019\u00c9tat \u00e0 tenir \u00ab ses engagements \u00bb.<\/p>\n","protected":false},"excerpt":{"rendered":"La justice administrative a rejet\u00e9 mardi, en r\u00e9f\u00e9r\u00e9, un recours des opposants au chantier de la ligne \u00e0&hellip;\n","protected":false},"author":2,"featured_media":430162,"comment_status":"","ping_status":"","sticky":false,"template":"","format":"standard","meta":{"footnotes":""},"categories":[2817],"tags":[1111,11,1997,1777,674,118,1011,27,12,2219,25],"class_list":{"0":"post-430161","1":"post","2":"type-post","3":"status-publish","4":"format-standard","5":"has-post-thumbnail","7":"category-bordeaux","8":"tag-actu","9":"tag-actualites","10":"tag-bordeaux","11":"tag-eu","12":"tag-europe","13":"tag-faits-divers","14":"tag-fr","15":"tag-france","16":"tag-news","17":"tag-nouvelle-aquitaine","18":"tag-republique-francaise"},"share_on_mastodon":{"url":"https:\/\/pubeurope.com\/@fr\/115296825784977617","error":""},"_links":{"self":[{"href":"https:\/\/www.europesays.com\/fr\/wp-json\/wp\/v2\/posts\/430161","targetHints":{"allow":["GET"]}}],"collection":[{"href":"https:\/\/www.europesays.com\/fr\/wp-json\/wp\/v2\/posts"}],"about":[{"href":"https:\/\/www.europesays.com\/fr\/wp-json\/wp\/v2\/types\/post"}],"author":[{"embeddable":true,"href":"https:\/\/www.europesays.com\/fr\/wp-json\/wp\/v2\/users\/2"}],"replies":[{"embeddable":true,"href":"https:\/\/www.europesays.com\/fr\/wp-json\/wp\/v2\/comments?post=430161"}],"version-history":[{"count":0,"href":"https:\/\/www.europesays.com\/fr\/wp-json\/wp\/v2\/posts\/430161\/revisions"}],"wp:featuredmedia":[{"embeddable":true,"href":"https:\/\/www.europesays.com\/fr\/wp-json\/wp\/v2\/media\/430162"}],"wp:attachment":[{"href":"https:\/\/www.europesays.com\/fr\/wp-json\/wp\/v2\/media?parent=430161"}],"wp:term":[{"taxonomy":"category","embeddable":true,"href":"https:\/\/www.europesays.com\/fr\/wp-json\/wp\/v2\/categories?post=430161"},{"taxonomy":"post_tag","embeddable":true,"href":"https:\/\/www.europesays.com\/fr\/wp-json\/wp\/v2\/tags?post=430161"}],"curies":[{"name":"wp","href":"https:\/\/api.w.org\/{rel}","templated":true}]}}