{"id":430175,"date":"2025-10-01T03:44:14","date_gmt":"2025-10-01T03:44:14","guid":{"rendered":"https:\/\/www.europesays.com\/fr\/430175\/"},"modified":"2025-10-01T03:44:14","modified_gmt":"2025-10-01T03:44:14","slug":"la-promesse-non-tenue-des-ecologistes-de-la-metropole-de-lyon","status":"publish","type":"post","link":"https:\/\/www.europesays.com\/fr\/430175\/","title":{"rendered":"la promesse non tenue des \u00e9cologistes de la m\u00e9tropole de Lyon"},"content":{"rendered":"<p>Dix mille r\u00e9novations de logements par an financ\u00e9es par le dispositif Ecoreno\u2019v. C\u2019\u00e9tait la <a href=\"https:\/\/www.mediacites.fr\/promesse\/renover-10-000-logements-par-an-via-le-programme-ecorenov\/\" target=\"_blank\" rel=\"noopener\">promesse formul\u00e9e<\/a> par Bruno Bernard, le pr\u00e9sident de la m\u00e9tropole de Lyon, au moment de son \u00e9lection en 2020. Alors que son mandat arrive \u00e0 son terme, et apr\u00e8s un premier <a href=\"https:\/\/www.mediacites.fr\/enquete\/lyon\/2023\/04\/11\/10-000-logements-renoves-par-an-dans-le-grand-lyon-coup-de-froid-sur-la-promesse-des-ecologistes\/\" target=\"_blank\" rel=\"noopener\">point d\u2019\u00e9tape r\u00e9alis\u00e9 par Mediacit\u00e9s<\/a> en 2023, nous nous sommes re\u2010pench\u00e9s sur cet engagement phare de l\u2019\u00e9lu \u00e9cologiste le plus puissant de France (le Grand Lyon p\u00e8se 4 milliards d\u2019euros de budget par an). Spoiler\u00a0: il ne sera pas\u00a0tenu.\u00a0<\/p>\n<p>De fait, au fil des ann\u00e9es, l\u2019objectif des 10 000 logements r\u00e9nov\u00e9s avant 2026 s\u2019est r\u00e9v\u00e9l\u00e9 hors de port\u00e9e. En 2024, seulement 4 605 r\u00e9novations ont \u00e9t\u00e9 financ\u00e9es par le dispositif d\u2019Ecor\u00e9no\u2019v. En tout, moins de 16 200 logements ont \u00e9t\u00e9 r\u00e9nov\u00e9s depuis 2020 [voir le graphique ci\u2010dessous], soit une moyenne d\u2019environ 3\u202f250 par an, et 28 500 depuis sa cr\u00e9ation en 2015 sous la pr\u00e9c\u00e9dente mandature de G\u00e9rard Collomb puis de David Kimelfeld.<\/p>\n<p>Nous vous offrons l\u2019acc\u00e8s \u00e0 cet article<\/p>\n<p>Et \u00e0 toutes nos enqu\u00eates pendant deux jours\u00a0\u00a0! <br \/>Oui, on est g\u00e9n\u00e9reux \ud83d\ude09 Mais pensez aussi \u00e0 <a href=\"https:\/\/www.mediacites.fr\/sabonner\/\" target=\"_blank\" style=\"color:#fff\" rel=\"noopener\">vous abonner<\/a>\u00a0\u00a0!<\/p>\n<p>\t\tEn renseignant votre adresse, vous acceptez nos <a href=\"https:\/\/www.mediacites.fr\/conditions-generales-d-utilisation\/\" target=\"_blank\" rel=\"noopener\">conditions g\u00e9n\u00e9rales d\u2019utilisation<\/a>. <br \/>Mediacit\u00e9s s\u2019engage \u00e0 ne pas c\u00e9der votre adresse \u00e0 des tiers. En cas d\u2019\u00e9chec, \u00e9crivez \u00e0 <a href=\"https:\/\/www.mediacites.fr\/enquete\/lyon\/2025\/09\/30\/renovation-energetique-des-logements-la-promesse-non-tenue-des-ecologistes-de-la-metropole-de-lyon\/mailto:contact@mediacites.fr\" target=\"_blank\" rel=\"noopener\">contact@mediacites.fr<\/a><\/p>\n<ul>\n<li>J\u2019acc\u00e8de aux 4 \u00e9ditions de Mediacit\u00e9s (Lille, Lyon, Nantes et Toulouse)<\/li>\n<li>Je d\u00e9couvre un m\u00e9dia 100 % ind\u00e9pendant, avec 0 % de publicit\u00e9<\/li>\n<\/ul>\n<p>Envie de lire la\u00a0suite\u202f?<\/p>\n<p class=\"price\">1\u20ac le premier mois<\/p>\n<p class=\"description\">Puis 7,90\u20ac par\u00a0mois<\/p>\n<p><a class=\"button button--green\" href=\"https:\/\/www.mediacites.fr\/sabonner\/?sub=55\" style=\"margin-top:22px;font-size:13px;\" target=\"_blank\" rel=\"noopener\">Je teste\u202f! <\/a><\/p>\n<ul>\n<li>Acc\u00e8s aux 4 \u00e9ditions de Mediacit\u00e9s (Lille, Lyon, Nantes et Toulouse)<\/li>\n<li>100 % ind\u00e9pendant, avec 0 % de publicit\u00e9<\/li>\n<li>R\u00e9siliation facile \u00e0 tout moment<\/li>\n<\/ul>\n<p>Mediacit\u00e9s offre l\u2019acc\u00e8s \u00e0 cet article aux lecteurs de News2Com<\/p>\n<p>Et \u00e0 toutes nos enqu\u00eates pendant deux jours\u00a0\u00a0! <br \/>Oui, on est g\u00e9n\u00e9reux \ud83d\ude09 Mais pensez aussi \u00e0 <a href=\"https:\/\/www.mediacites.fr\/sabonner\/\" target=\"_blank\" style=\"color:#fff\" rel=\"noopener\">vous abonner<\/a>\u00a0\u00a0!<\/p>\n<p>\t\tEn renseignant votre adresse, vous acceptez nos <a href=\"https:\/\/www.mediacites.fr\/conditions-generales-d-utilisation\/\" target=\"_blank\" rel=\"noopener\">conditions g\u00e9n\u00e9rales d\u2019utilisation<\/a>. <br \/>Mediacit\u00e9s s\u2019engage \u00e0 ne pas c\u00e9der votre adresse \u00e0 des tiers. En cas d\u2019\u00e9chec, \u00e9crivez \u00e0 <a href=\"https:\/\/www.mediacites.fr\/enquete\/lyon\/2025\/09\/30\/renovation-energetique-des-logements-la-promesse-non-tenue-des-ecologistes-de-la-metropole-de-lyon\/mailto:contact@mediacites.fr\" target=\"_blank\" rel=\"noopener\">contact@mediacites.fr<\/a><\/p>\n<ul>\n<li>J\u2019acc\u00e8de aux 4 \u00e9ditions de Mediacit\u00e9s (Lille, Lyon, Nantes et Toulouse)<\/li>\n<li>Je d\u00e9couvre un m\u00e9dia 100 % ind\u00e9pendant, avec 0 % de publicit\u00e9<\/li>\n<\/ul>\n<p>\t\t<img decoding=\"async\" src=\"https:\/\/www.mediacites.fr\/wp-content\/themes\/Newspaper-child\/images\/radar-macaron.svg\"\/><\/p>\n","protected":false},"excerpt":{"rendered":"Dix mille r\u00e9novations de logements par an financ\u00e9es par le dispositif Ecoreno\u2019v. C\u2019\u00e9tait la promesse formul\u00e9e par Bruno&hellip;\n","protected":false},"author":2,"featured_media":430176,"comment_status":"","ping_status":"","sticky":false,"template":"","format":"standard","meta":{"footnotes":""},"categories":[1889],"tags":[1111,11,2430,55845,893,1067,1777,674,1011,27,2808,2428,12,55846,26016,25],"class_list":{"0":"post-430175","1":"post","2":"type-post","3":"status-publish","4":"format-standard","5":"has-post-thumbnail","7":"category-lyon","8":"tag-actu","9":"tag-actualites","10":"tag-auvergne-rhone-alpes","11":"tag-ecorenov","12":"tag-energie","13":"tag-enquete","14":"tag-eu","15":"tag-europe","16":"tag-fr","17":"tag-france","18":"tag-grand-lyon","19":"tag-lyon","20":"tag-news","21":"tag-passoires-thermiques","22":"tag-renovation-energetique","23":"tag-republique-francaise"},"share_on_mastodon":{"url":"https:\/\/pubeurope.com\/@fr\/115296853829105855","error":""},"_links":{"self":[{"href":"https:\/\/www.europesays.com\/fr\/wp-json\/wp\/v2\/posts\/430175","targetHints":{"allow":["GET"]}}],"collection":[{"href":"https:\/\/www.europesays.com\/fr\/wp-json\/wp\/v2\/posts"}],"about":[{"href":"https:\/\/www.europesays.com\/fr\/wp-json\/wp\/v2\/types\/post"}],"author":[{"embeddable":true,"href":"https:\/\/www.europesays.com\/fr\/wp-json\/wp\/v2\/users\/2"}],"replies":[{"embeddable":true,"href":"https:\/\/www.europesays.com\/fr\/wp-json\/wp\/v2\/comments?post=430175"}],"version-history":[{"count":0,"href":"https:\/\/www.europesays.com\/fr\/wp-json\/wp\/v2\/posts\/430175\/revisions"}],"wp:featuredmedia":[{"embeddable":true,"href":"https:\/\/www.europesays.com\/fr\/wp-json\/wp\/v2\/media\/430176"}],"wp:attachment":[{"href":"https:\/\/www.europesays.com\/fr\/wp-json\/wp\/v2\/media?parent=430175"}],"wp:term":[{"taxonomy":"category","embeddable":true,"href":"https:\/\/www.europesays.com\/fr\/wp-json\/wp\/v2\/categories?post=430175"},{"taxonomy":"post_tag","embeddable":true,"href":"https:\/\/www.europesays.com\/fr\/wp-json\/wp\/v2\/tags?post=430175"}],"curies":[{"name":"wp","href":"https:\/\/api.w.org\/{rel}","templated":true}]}}