{"id":430183,"date":"2025-10-01T03:48:16","date_gmt":"2025-10-01T03:48:16","guid":{"rendered":"https:\/\/www.europesays.com\/fr\/430183\/"},"modified":"2025-10-01T03:48:16","modified_gmt":"2025-10-01T03:48:16","slug":"le-nombre-de-detenus-de-nouveau-en-hausse-au-1er-septembre","status":"publish","type":"post","link":"https:\/\/www.europesays.com\/fr\/430183\/","title":{"rendered":"le nombre de d\u00e9tenus de nouveau en hausse au 1er septembre"},"content":{"rendered":"\n<p class=\"c-chapo \">\n  La France figure parmi les mauvais \u00e9l\u00e8ves en Europe \u00e0 ce sujet, en troisi\u00e8me position derri\u00e8re la Slov\u00e9nie et Chypre.\n<\/p>\n<p>      lire plus tard<\/p>\n<p id=\"dialog__title\" class=\"dialog__title\">Pour sauvegarder cet article, connectez-vous ou cr\u00e9ez un compte franceinfo<\/p>\n<p class=\"dialog__description\">Sans paiement. Sans abonnement.<\/p>\n<p>        Fermer la fen\u00eatre d\u2019activation des notifications France Info<\/p>\n<p>      cr\u00e9er votre compte<\/p>\n<p>      se connecter<\/p>\n<p>        Fermer la fen\u00eatre de pr\u00e9sentation<\/p>\n<p>    <img loading=\"lazy\" decoding=\"async\" class=\"signature__image lazyload\" width=\"100\" height=\"100\" data- alt=\"\" src=\"https:\/\/www.europesays.com\/fr\/wp-content\/uploads\/2025\/05\/64a68815cd1a7_placeholder-36b69ec8.png\"\/><\/p>\n<p>    Publi\u00e9 le 30\/09\/2025 23:59<\/p>\n<p>        Temps de lecture : 1min<\/p>\n<p>    <img decoding=\"async\"  alt=\"Dans la prison de Seysses (Haute-Garonne), le 7 ao\u00fbt 2025. (LIONEL BONAVENTURE \/ AFP)\" width=\"432\" height=\"243\" src=\"https:\/\/www.europesays.com\/fr\/wp-content\/uploads\/2025\/10\/000-692a99h-68dc524a92b54970249041.jpg\" fetchpriority=\"high\"\/><\/p>\n<p>      Dans la prison de Seysses (Haute-Garonne), le 7 ao\u00fbt 2025. (LIONEL BONAVENTURE \/ AFP)<\/p>\n<p>Une augmentation <a href=\"https:\/\/www.franceinfo.fr\/societe\/prisons\/record-de-detenus-dans-les-prisons-francaises-il-faut-cesser-d-etre-dans-la-surenchere-securitaire-demande-l-observatoire-international-des-prisons_7284105.html\" rel=\"nofollow noopener\" target=\"_blank\">devenue quasi-mensuelle dans les prisons<\/a>. Le nombre de d\u00e9tenus fran\u00e7ais \u00e9tait de 84\u00a0311 au 1er septembre, un chiffre en hausse par rapport \u00e0 celui enregistr\u00e9 au 1er ao\u00fbt, selon des donn\u00e9es publi\u00e9es par le minist\u00e8re de la Justice, mardi 30 septembre.<\/p>\n<p>Les prisons fran\u00e7aises comptaient seulement 62 614 places op\u00e9rationnelles au 1er septembre, soit une densit\u00e9 carc\u00e9rale de 134,7%. Celle-ci d\u00e9passait m\u00eame les 200% dans 24 \u00e9tablissements ou quartiers p\u00e9nitentiaires et 150% dans 66 autres. En un an, les prisons fran\u00e7aises comptent 5 342 d\u00e9tenus de plus. Au 1er ao\u00fbt, le nombre de d\u00e9tenus avait toutefois l\u00e9g\u00e8rement fl\u00e9chi, apr\u00e8s six mois de hausse \u00e0 des niveaux in\u00e9gal\u00e9s.<\/p>\n<p>La France figure parmi les mauvais \u00e9l\u00e8ves en Europe en termes de surpopulation carc\u00e9rale, en troisi\u00e8me position derri\u00e8re la Slov\u00e9nie et Chypre, selon une \u00e9tude publi\u00e9e en juillet 2025 par le Conseil de l&rsquo;Europe.<\/p>\n","protected":false},"excerpt":{"rendered":"La France figure parmi les mauvais \u00e9l\u00e8ves en Europe \u00e0 ce sujet, en troisi\u00e8me position derri\u00e8re la Slov\u00e9nie&hellip;\n","protected":false},"author":2,"featured_media":430184,"comment_status":"","ping_status":"","sticky":false,"template":"","format":"standard","meta":{"footnotes":""},"categories":[1888],"tags":[1111,1928,11,1927,1777,674,1011,27,12,1926,626,1925,25],"class_list":{"0":"post-430183","1":"post","2":"type-post","3":"status-publish","4":"format-standard","5":"has-post-thumbnail","7":"category-paris","8":"tag-actu","9":"tag-actu-paris","10":"tag-actualites","11":"tag-actualites-paris","12":"tag-eu","13":"tag-europe","14":"tag-fr","15":"tag-france","16":"tag-news","17":"tag-news-paris","18":"tag-paris","19":"tag-paris-news","20":"tag-republique-francaise"},"share_on_mastodon":{"url":"https:\/\/pubeurope.com\/@fr\/115296869936170158","error":""},"_links":{"self":[{"href":"https:\/\/www.europesays.com\/fr\/wp-json\/wp\/v2\/posts\/430183","targetHints":{"allow":["GET"]}}],"collection":[{"href":"https:\/\/www.europesays.com\/fr\/wp-json\/wp\/v2\/posts"}],"about":[{"href":"https:\/\/www.europesays.com\/fr\/wp-json\/wp\/v2\/types\/post"}],"author":[{"embeddable":true,"href":"https:\/\/www.europesays.com\/fr\/wp-json\/wp\/v2\/users\/2"}],"replies":[{"embeddable":true,"href":"https:\/\/www.europesays.com\/fr\/wp-json\/wp\/v2\/comments?post=430183"}],"version-history":[{"count":0,"href":"https:\/\/www.europesays.com\/fr\/wp-json\/wp\/v2\/posts\/430183\/revisions"}],"wp:featuredmedia":[{"embeddable":true,"href":"https:\/\/www.europesays.com\/fr\/wp-json\/wp\/v2\/media\/430184"}],"wp:attachment":[{"href":"https:\/\/www.europesays.com\/fr\/wp-json\/wp\/v2\/media?parent=430183"}],"wp:term":[{"taxonomy":"category","embeddable":true,"href":"https:\/\/www.europesays.com\/fr\/wp-json\/wp\/v2\/categories?post=430183"},{"taxonomy":"post_tag","embeddable":true,"href":"https:\/\/www.europesays.com\/fr\/wp-json\/wp\/v2\/tags?post=430183"}],"curies":[{"name":"wp","href":"https:\/\/api.w.org\/{rel}","templated":true}]}}