{"id":430185,"date":"2025-10-01T03:49:31","date_gmt":"2025-10-01T03:49:31","guid":{"rendered":"https:\/\/www.europesays.com\/fr\/430185\/"},"modified":"2025-10-01T03:49:31","modified_gmt":"2025-10-01T03:49:31","slug":"lesj-paris-fait-peau-neuve-danone-relocalise-en-france-les-bonnes-nouvelles-de-la-semaine","status":"publish","type":"post","link":"https:\/\/www.europesays.com\/fr\/430185\/","title":{"rendered":"L&rsquo;ESJ Paris fait peau neuve, Danone relocalise en France&#8230; Les bonnes nouvelles de la semaine"},"content":{"rendered":"<p>L\u2019\u00c9cole sup\u00e9rieure de journalisme de Paris, doyenne fond\u00e9e en\u00a01899, a c\u00e9l\u00e9br\u00e9 son installation dans un immeuble flambant neuf de 1\u00a0500\u00a0m2 rue de l\u2019Abb\u00e9-Groult\u00a0(15e). Plus de 300\u00a0invit\u00e9s \u2013\u00a0professionnels des m\u00e9dias, anciens, \u00e9tudiants\u00a0\u2013 ont d\u00e9couvert studios t\u00e9l\u00e9 et radio, salle de conf\u00e9rences et caricatures de presse expos\u00e9es pour l\u2019occasion.<\/p>\n<p>\u00ab\u00a0Nous voulons susciter des vocations et d\u00e9fendre la libert\u00e9 d\u2019\u00e9ducation\u00a0\u00bb, a lanc\u00e9 le pr\u00e9sident Vianney d\u2019Alan\u00e7on. Emmanuel Ostian, directeur g\u00e9n\u00e9ral, a insist\u00e9 sur l\u2019importance de la culture g\u00e9n\u00e9rale et Bernard de\u00a0la\u00a0Villardi\u00e8re sur \u00ab\u00a0la culture du doute et le go\u00fbt du reportage\u00a0\u00bb. Rachet\u00e9e en\u00a02024 apr\u00e8s de graves difficult\u00e9s, l\u2019\u00e9cole conna\u00eet un regain spectaculaire\u00a0: plus de 1\u00a0000\u00a0candidatures en un an, pour 220\u00a0places.\u00a0<\/p>\n<p>Agroalimentaire :\u00a0Danone relocalise pour les cent\u00a0ans de Bailleul<\/p>\n<p>L\u2019entreprise qui c\u00e9l\u00e8bre le centenaire de son usine de Bailleul (Nord) annonce la relocalisation de 45\u00a0000\u00a0tonnes de sa production annuelle en France. Pr\u00e8s de 6\u00a0000\u00a0tonnes y seront fabriqu\u00e9es, soit 48\u00a0millions de pots de yaourt suppl\u00e9mentaires. Le groupe, qui investit 16\u00a0millions d\u2019euros pour moderniser le site, renforce ainsi notre souverainet\u00e9 alimentaire.<\/p>\n<p>Business\u00a0: PSG Equity se retire de Sellsy<\/p>\n<p>Le fonds PSG\u00a0Equity c\u00e8de sa participation dans Sellsy, \u00e9diteur\u00a0SaaS pour PME, \u00e0 l\u2019italien TeamSystem. Entr\u00e9 au capital en\u00a02018, il avait accompagn\u00e9 l\u2019expansion de la soci\u00e9t\u00e9, entre croissance organique et acquisitions en France et en <a href=\"https:\/\/www.lejdd.fr\/Tags\/Espagne\" target=\"_blank\" rel=\"nofollow noopener\">Espagne<\/a>. L\u2019\u00e9quipe dirigeante reste aux commandes.<\/p>\n<p>Finance : Alpera Partners prend son envol<\/p>\n<p>Issue d\u2019Otium Partners, la soci\u00e9t\u00e9 d\u2019investissement devient ind\u00e9pendante, avec une structure d\u00e9tenue par ses managers. Sp\u00e9cialiste du buy\u00a0&amp; build, elle a constitu\u00e9 six plateformes dans le nucl\u00e9aire, la sant\u00e9 ou l\u2019h\u00f4tellerie, avec 75\u00a0acquisitions et 120\u00a0millions d\u2019euros d\u00e9ploy\u00e9s depuis\u00a02022. <img decoding=\"async\" alt=\"\" src=\"https:\/\/www.lejdd.fr\/Societe\/image\/gif;base64,R0lGODlhAQABAAAAACH5BAEKAAEALAAAAAABAAEAAAICTAEAOw==\"\/><\/p>\n<p>    La suite apr\u00e8s cette publicit\u00e9<\/p>\n<p>\u00c9conomie : BIG bat tous les records<\/p>\n<p>    <img decoding=\"async\" src=\"https:\/\/www.europesays.com\/fr\/wp-content\/uploads\/2025\/10\/koppceline-laplaceduvillage26marque-32-copie.jpg\" alt=\"Chaque ann\u00e9e, Bpifrance organise son salon professionnel BIG.\" loading=\"lazy\"\/><\/p>\n<p>\n      Chaque ann\u00e9e, Bpifrance organise son salon professionnel BIG. <\/p>\n<p>                                \u00a9 DR<\/p>\n<p><a href=\"https:\/\/www.lejdd.fr\/economie\/nicolas-dufourcq-president-de-la-bpi-les-pme-francaises-sont-heroiques-154257\" target=\"_blank\" rel=\"nofollow noopener\">Bpifrance<\/a> a r\u00e9uni 75\u00a0000\u00a0participants pour la 11e\u00a0\u00e9dition de BIG, son rendez-vous entrepreneurial. Plus de 500\u00a0conf\u00e9rences et 1\u00a0000\u00a0intervenants ont rythm\u00e9 l\u2019\u00e9dition\u00a02025, qui a impliqu\u00e9 600\u00a0collaborateurs de la banque publique. L\u2019\u00e9v\u00e9nement a marqu\u00e9 un bond m\u00e9diatique\u00a0: 402\u00a0millions de contacts cumul\u00e9s contre 270\u00a0millions l\u2019an dernier, et 6,1\u00a0millions de reach sur les r\u00e9seaux sociaux. C\u00f4t\u00e9 international, 6\u00a0625\u00a0inscrits venus de 132\u00a0pays et 38\u00a0d\u00e9l\u00e9gations officielles \u00e9taient pr\u00e9sentes. Sans oublier la deeptech, avec 170\u00a0experts et 45\u00a0start-up.\u00a0<\/p>\n<p>Livres : Deux nouveaux talents sacr\u00e9s par le Prix du Thriller<\/p>\n<p>La premi\u00e8re \u00e9dition du prix du Thriller T\u00e9l\u00e9-Loisirs, pr\u00e9sid\u00e9e par Franck Thilliez, a r\u00e9compens\u00e9 deux jeunes auteurs parmi plus de 1\u00a0000\u00a0manuscrits re\u00e7us. Grand gagnant, La\u00a0Th\u00e9orie du mal, de Margot Estner, thriller psychologique puissant.\u00a0<img decoding=\"async\" alt=\"\" src=\"https:\/\/www.lejdd.fr\/Societe\/image\/gif;base64,R0lGODlhAQABAAAAACH5BAEKAAEALAAAAAABAAEAAAICTAEAOw==\"\/><\/p>\n<p>    <img decoding=\"async\" src=\"https:\/\/www.europesays.com\/fr\/wp-content\/uploads\/2025\/10\/prix-tele-loisirs-c-thriller-tele-loisirs-2.jpg\" alt=\"Le prix du Thriller T\u00e9l\u00e9-Loisirs est revenu cette ann\u00e9e \u00e0 Margot Etsner pour \u00ab La Th\u00e9orie du Malet \u00bb \u00e0 J.B. B\u00e9nuneau pour \u00ab Mortelle Saison \u00bb.\" loading=\"lazy\"\/><\/p>\n<p>\n      Le prix du Thriller T\u00e9l\u00e9-Loisirs est revenu cette ann\u00e9e \u00e0 Margot Etsner pour \u00ab La Th\u00e9orie du Malet \u00bb et \u00e0 J.B. B\u00e9nuneau pour \u00ab Mortelle Saison \u00bb.<\/p>\n<p>                                \u00a9 DR<\/p>\n<p>Le Coup de c\u0153ur du jury revient \u00e0 Mortelle Saison, de J.B.\u00a0B\u00e9duneau, un polar d\u00e9capant. Publi\u00e9s sous le label \u00ab\u00a0Les\u00a0Laur\u00e9ats\u00a0\u00bb, ces romans b\u00e9n\u00e9ficieront d\u2019un large soutien m\u00e9diatique. Objectif du prix\u00a0: r\u00e9v\u00e9ler de nouvelles voix du thriller au fort potentiel d\u2019adaptation audiovisuelle.\u00a0<\/p>\n<p>Le chiffre : 9,6 millions de tonnes\u00a0<\/p>\n<p>C\u2019est la cargaison record de coca\u00efne saisie par la Marine fran\u00e7aise au large de l\u2019<a href=\"https:\/\/www.lejdd.fr\/dossiers\/afrique\" target=\"_blank\" rel=\"nofollow noopener\">Afrique<\/a>. Une prise \u00e9valu\u00e9e \u00e0 pr\u00e8s de 519\u00a0millions d\u2019euros, qui porte \u00e0 42\u00a0tonnes la quantit\u00e9 totale intercept\u00e9e depuis le d\u00e9but de l\u2019ann\u00e9e.<\/p>\n","protected":false},"excerpt":{"rendered":"L\u2019\u00c9cole sup\u00e9rieure de journalisme de Paris, doyenne fond\u00e9e en\u00a01899, a c\u00e9l\u00e9br\u00e9 son installation dans un immeuble flambant neuf&hellip;\n","protected":false},"author":2,"featured_media":430186,"comment_status":"","ping_status":"","sticky":false,"template":"","format":"standard","meta":{"footnotes":""},"categories":[1888],"tags":[1111,1928,11,1927,1777,674,1011,27,12,1926,626,1925,25],"class_list":{"0":"post-430185","1":"post","2":"type-post","3":"status-publish","4":"format-standard","5":"has-post-thumbnail","7":"category-paris","8":"tag-actu","9":"tag-actu-paris","10":"tag-actualites","11":"tag-actualites-paris","12":"tag-eu","13":"tag-europe","14":"tag-fr","15":"tag-france","16":"tag-news","17":"tag-news-paris","18":"tag-paris","19":"tag-paris-news","20":"tag-republique-francaise"},"share_on_mastodon":{"url":"https:\/\/pubeurope.com\/@fr\/115296873131632730","error":""},"_links":{"self":[{"href":"https:\/\/www.europesays.com\/fr\/wp-json\/wp\/v2\/posts\/430185","targetHints":{"allow":["GET"]}}],"collection":[{"href":"https:\/\/www.europesays.com\/fr\/wp-json\/wp\/v2\/posts"}],"about":[{"href":"https:\/\/www.europesays.com\/fr\/wp-json\/wp\/v2\/types\/post"}],"author":[{"embeddable":true,"href":"https:\/\/www.europesays.com\/fr\/wp-json\/wp\/v2\/users\/2"}],"replies":[{"embeddable":true,"href":"https:\/\/www.europesays.com\/fr\/wp-json\/wp\/v2\/comments?post=430185"}],"version-history":[{"count":0,"href":"https:\/\/www.europesays.com\/fr\/wp-json\/wp\/v2\/posts\/430185\/revisions"}],"wp:featuredmedia":[{"embeddable":true,"href":"https:\/\/www.europesays.com\/fr\/wp-json\/wp\/v2\/media\/430186"}],"wp:attachment":[{"href":"https:\/\/www.europesays.com\/fr\/wp-json\/wp\/v2\/media?parent=430185"}],"wp:term":[{"taxonomy":"category","embeddable":true,"href":"https:\/\/www.europesays.com\/fr\/wp-json\/wp\/v2\/categories?post=430185"},{"taxonomy":"post_tag","embeddable":true,"href":"https:\/\/www.europesays.com\/fr\/wp-json\/wp\/v2\/tags?post=430185"}],"curies":[{"name":"wp","href":"https:\/\/api.w.org\/{rel}","templated":true}]}}