{"id":430187,"date":"2025-10-01T03:50:19","date_gmt":"2025-10-01T03:50:19","guid":{"rendered":"https:\/\/www.europesays.com\/fr\/430187\/"},"modified":"2025-10-01T03:50:19","modified_gmt":"2025-10-01T03:50:19","slug":"deux-ans-de-prison-ferme-pour-des-militants-dultradroite-tombes-dans-le-terrorisme-antimusulman","status":"publish","type":"post","link":"https:\/\/www.europesays.com\/fr\/430187\/","title":{"rendered":"deux ans de prison ferme pour des militants d&rsquo;ultradroite tomb\u00e9s dans le \u00ab\u00a0terrorisme\u00a0\u00bb antimusulman"},"content":{"rendered":"<p>            Par<br \/>\n        <strong><br \/>\n            <a href=\"https:\/\/actu.fr\/auteur\/redaction-paris\" title=\"Consulter tous les articles de R\u00e9daction Paris\" target=\"_blank\" rel=\"noopener\">R\u00e9daction Paris<\/a><br \/>\n        <\/strong><\/p>\n<p>        Publi\u00e9 le<\/p>\n<p>            30 sept. 2025 \u00e0 18h16        <\/p>\n<p>Jusqu\u2019\u00e0<strong> deux ans de prison ferme<\/strong> pour \u00eatre \u00ab\u2009tomb\u00e9s dans le<strong> pi\u00e8ge du terrorisme<\/strong>\u2009\u00bb\u2009: six membres du <strong>groupe identitaire d\u2019ultradroite AFO <\/strong>ont \u00e9t\u00e9 condamn\u00e9s mardi 30 septembre 2025 \u00e0 <a href=\"https:\/\/actu.fr\/paris\/\" target=\"_blank\" rel=\"noopener\">Paris<\/a> pour avoir foment\u00e9 des <a href=\"https:\/\/actu.fr\/ile-de-france\/paris_75056\/operation-halal-les-projet-fous-pour-terroriser-les-musulmans-de-militants-d-ultradroite-juges-a-paris_62746049.html\" target=\"_blank\" rel=\"noopener\">actions violentes visant la communaut\u00e9 musulmane<\/a>.<\/p>\n<p>\u00ab\u2009Op\u00e9rations de repr\u00e9sailles\u2009\u00bb contre les musulmans<\/p>\n<p class=\" wall-content\">Le tribunal correctionnel de Paris a condamn\u00e9 six autres personnes, dont trois femmes, \u00e0 des peines allant du sursis \u00e0 un an de prison ferme. Quatre pr\u00e9venus ont \u00e9t\u00e9 relax\u00e9s du d\u00e9lit d\u2019association de malfaiteurs terroriste m\u00eame si une partie est condamn\u00e9e \u00e0 des amendes pour<strong> d\u00e9tention illicite d\u2019armes<\/strong>. Am\u00e9nageables, toutes les peines de prison ferme seront effectu\u00e9es \u00e0 domicile, avec un<strong> bracelet \u00e9lectronique<\/strong>.<\/p>\n<p class=\" wall-content\">En envisageant lors de r\u00e9unions des \u00ab\u2009op\u00e9rations de repr\u00e9sailles\u2009\u00bb contre les musulmans en cas d\u2019attentat, \u00ab\u2009vous \u00eates tomb\u00e9s dans le pi\u00e8ge du terrorisme en<strong> r\u00e9pondant \u00e0 la terreur par la terreur<\/strong>\u2009\u00bb, a lu la pr\u00e9sidente du tribunal aux pr\u00e9venus, pour la plupart \u00e2g\u00e9s, dont certains \u00e9taient absents au d\u00e9lib\u00e9r\u00e9 en raison d\u2019ennuis de sant\u00e9.<\/p>\n<p>Bond spectaculaire des agressions antimusulmans<\/p>\n<p class=\" wall-content\">Le proc\u00e8s, qui s\u2019est tenu il y a trois mois, \u00e9tait intervenu dans un contexte d\u2019<strong>augmentation des actes antimusulmans<\/strong> en France\u2009: entre janvier et mai\u00a02025, ils avaient<strong> grimp\u00e9 de 75\u2009% par rapport \u00e0 2024<\/strong> (145\u00a0contre 83), en majorit\u00e9 des atteintes aux personnes qui ont connu un <strong>bond spectaculaire<\/strong> (+209%, de 32 \u00e0 99), selon les chiffres du minist\u00e8re de l\u2019Int\u00e9rieur.<\/p>\n<p class=\" wall-content\">Parmi les plus lourdement condamn\u00e9s, \u00e0 cinq ans de prison dont trois avec sursis, Guy Sibra, 72\u00a0ans, \u00e9tait le fondateur d\u2019AFO\u2009; Bernard Sorel, 76\u00a0ans, en \u00e9tait le chef de la cellule \u00cele-de-France\u2009; quant \u00e0 Daniel Raimbault, un <strong>ancien militaire<\/strong> de 39\u00a0ans, il avait \u00e9t\u00e9 recrut\u00e9 pour ses connaissances en explosifs.<\/p>\n<p>\u00ab\u2009Une id\u00e9ologie raciste\u2009\u00bb<\/p>\n<p class=\" wall-content\">Mohamed Jaite, l\u2019avocat de la Ligue des droits de l\u2019Homme (LDH), partie civile, s\u2019est f\u00e9licit\u00e9 que le tribunal ait entendu que le groupe \u00e9tait m\u00fb par le \u00ab\u2009socle commun\u2009\u00bb d\u2019\u00ab\u2009une id\u00e9ologie raciste, x\u00e9nophobe\u2009\u00bb.<\/p>\n<p class=\" wall-content\">Si tous les membres du groupe AFO n\u2019avaient pas forc\u00e9ment \u00ab\u2009connaissance de projets\u2009\u00bb violents, les condamn\u00e9s, arr\u00eat\u00e9s lors d\u2019un coup de filet en juin\u00a02018, entendaient \u00ab\u2009pr\u00e9parer ses membres \u00e0 l\u2019affrontement avec la communaut\u00e9 musulmane\u2009\u00bb, selon le jugement.<\/p>\n<p>Votre r\u00e9gion, votre actu !<\/p>\n<p>Recevez chaque jour les infos qui comptent pour vous.<\/p>\n<p>\t<a href=\"https:\/\/actu.fr\/newsletter\" class=\"ac-btn ac-btn--corner ac-btn--medium ac-btn--blue800\" target=\"_blank\" rel=\"noopener\">S&rsquo;incrire<\/a><\/p>\n<p class=\" wall-content\">\u00ab\u2009Le r\u00e9seau \u00cele-de-France a en particulier vu na\u00eetre des projets d\u2019attaques\u2009\u00bb lors de r\u00e9unions qui \u00e9taient<strong> \u00ab\u2009un d\u00e9fouloir d\u2019id\u00e9es violentes\u2009\u00bb<\/strong> de personnes exprimant une \u00ab\u2009pr\u00e9occupation x\u00e9nophobe\u2009\u00bb constante, a lu la pr\u00e9sidente\u2009: \u00ab<strong>\u2009empoisonnement de nourriture halal<\/strong>\u2009\u00bb, \u00ab\u2009ciblage de mosqu\u00e9e\u2009\u00bb, etc. L\u2019enqu\u00eate avait \u00e9galement mis au jour le ciblage d\u2019\u00ab\u2009imams radicalis\u00e9s\u2009\u00bb.<\/p>\n<p>S\u2019entra\u00eener en cas de guerre civile<\/p>\n<p class=\" wall-content\">Se d\u00e9crivant comme \u00ab\u2009patriotes\u2009\u00bb, les membres du groupe avaient expliqu\u00e9 \u00e0 l\u2019audience avoir \u00e9t\u00e9 surtout int\u00e9ress\u00e9s par la formation survivaliste promise par AFO afin de se former et s\u2019entra\u00eener en cas de guerre civile. Tous avaient \u00e9galement ni\u00e9 toute volont\u00e9 de mener des actions violentes, \u00e9voquant des \u00ab\u2009paroles en l\u2019air\u2009\u00bb, \u00ab\u2009des fantasmes\u2009\u00bb.<\/p>\n<p class=\" wall-content\">L\u2019avocat de Daniel Raimbault, Gabriel Dumenil, a salu\u00e9 aupr\u00e8s de l\u2019AFPTV \u00ab\u2009un jugement \u00e9quilibr\u00e9\u2009\u00bb, qui prend en compte \u00ab\u2009la gravit\u00e9 des faits\u2009\u00bb, \u00ab\u2009un racisme qui peut \u00eatre crasse\u2009\u00bb mais aussi, \u00ab\u2009la volont\u00e9 de s\u2019amender\u2009\u00bb et \u00ab\u2009la fragilit\u00e9 de certains\u2009\u00bb.<\/p>\n<p class=\" wall-content\">Il a \u00e9galement relev\u00e9 le caract\u00e8re \u00ab\u2009embryonnaire\u2009\u00bb des<strong> projets d\u2019actions violentes<\/strong>. M\u00eame si le tribunal a insist\u00e9 sur \u00ab\u2009le d\u00e9lai parfois excessivement bref entre la conception d\u2019un projet et le passage \u00e0 l\u2019acte\u2009\u00bb dans les dossiers de justice antiterroriste.<\/p>\n<p class=\" wall-content\">Bernard Sorel \u00ab\u2009a assum\u00e9 sa responsabilit\u00e9\u2009\u00bb \u00e0 l\u2019audience il y a trois mois, \u00ab\u2009par voie de cons\u00e9quence, il assume la peine qui a \u00e9t\u00e9 prononc\u00e9e \u00e0 son encontre\u2009\u00bb, a de son c\u00f4t\u00e9 comment\u00e9 son avocate Daphn\u00e9 Pugliesi. Guy Sibra \u00e9tait absent au d\u00e9lib\u00e9r\u00e9.<\/p>\n<p class=\" wall-content\"><strong>Avec AFP<\/strong><\/p>\n<p class=\" wall-content\">Personnalisez votre actualit\u00e9 en ajoutant vos villes et m\u00e9dias en favori avec <a href=\"https:\/\/moncompte.actu.fr\" title=\"D\u00e9couvez Mon Actu\" rel=\"nofollow noopener\" data-trk=\"{&quot;cta&quot;:{&quot;action&quot;:&quot;https:\\\/\\\/moncompte.actu.fr&quot;,&quot;category&quot;:&quot;mon compte&quot;,&quot;from&quot;:&quot;article footer&quot;,&quot;name&quot;:&quot;Mon actu&quot;,&quot;type&quot;:&quot;cta&quot;}}\" target=\"_blank\">Mon Actu<\/a>.<\/p>\n","protected":false},"excerpt":{"rendered":"Par R\u00e9daction Paris Publi\u00e9 le 30 sept. 2025 \u00e0 18h16 Jusqu\u2019\u00e0 deux ans de prison ferme pour \u00eatre&hellip;\n","protected":false},"author":2,"featured_media":430188,"comment_status":"","ping_status":"","sticky":false,"template":"","format":"standard","meta":{"footnotes":""},"categories":[1888],"tags":[11,1777,674,1076,118,1011,27,303,12,626,25,1254],"class_list":{"0":"post-430187","1":"post","2":"type-post","3":"status-publish","4":"format-standard","5":"has-post-thumbnail","7":"category-paris","8":"tag-actualites","9":"tag-eu","10":"tag-europe","11":"tag-extreme-droite","12":"tag-faits-divers","13":"tag-fr","14":"tag-france","15":"tag-justice","16":"tag-news","17":"tag-paris","18":"tag-republique-francaise","19":"tag-terrorisme"},"share_on_mastodon":{"url":"https:\/\/pubeurope.com\/@fr\/115296876864057838","error":""},"_links":{"self":[{"href":"https:\/\/www.europesays.com\/fr\/wp-json\/wp\/v2\/posts\/430187","targetHints":{"allow":["GET"]}}],"collection":[{"href":"https:\/\/www.europesays.com\/fr\/wp-json\/wp\/v2\/posts"}],"about":[{"href":"https:\/\/www.europesays.com\/fr\/wp-json\/wp\/v2\/types\/post"}],"author":[{"embeddable":true,"href":"https:\/\/www.europesays.com\/fr\/wp-json\/wp\/v2\/users\/2"}],"replies":[{"embeddable":true,"href":"https:\/\/www.europesays.com\/fr\/wp-json\/wp\/v2\/comments?post=430187"}],"version-history":[{"count":0,"href":"https:\/\/www.europesays.com\/fr\/wp-json\/wp\/v2\/posts\/430187\/revisions"}],"wp:featuredmedia":[{"embeddable":true,"href":"https:\/\/www.europesays.com\/fr\/wp-json\/wp\/v2\/media\/430188"}],"wp:attachment":[{"href":"https:\/\/www.europesays.com\/fr\/wp-json\/wp\/v2\/media?parent=430187"}],"wp:term":[{"taxonomy":"category","embeddable":true,"href":"https:\/\/www.europesays.com\/fr\/wp-json\/wp\/v2\/categories?post=430187"},{"taxonomy":"post_tag","embeddable":true,"href":"https:\/\/www.europesays.com\/fr\/wp-json\/wp\/v2\/tags?post=430187"}],"curies":[{"name":"wp","href":"https:\/\/api.w.org\/{rel}","templated":true}]}}