{"id":430191,"date":"2025-10-01T03:52:13","date_gmt":"2025-10-01T03:52:13","guid":{"rendered":"https:\/\/www.europesays.com\/fr\/430191\/"},"modified":"2025-10-01T03:52:13","modified_gmt":"2025-10-01T03:52:13","slug":"que-sait-on-du-novorossiisk-ce-sous-marin-russe-annonce-en-perdition-au-large-de-la-peninsule-iberique-liberation","status":"publish","type":"post","link":"https:\/\/www.europesays.com\/fr\/430191\/","title":{"rendered":"Que sait-on du \u00abNovorossiisk\u00bb, ce sous-marin russe annonc\u00e9 en perdition\u00a0au large de la p\u00e9ninsule ib\u00e9rique\u00a0? \u2013 Lib\u00e9ration"},"content":{"rendered":"<p class=\"sc-cPiKLX AiZTS text-element\">\u00abGrave accident\u00bb, \u00abrisque d\u2019explosion\u00bb, \u00abcarburant accumul\u00e9 dans la cale\u00bb, \u00abpas de pi\u00e8ces de rechange et de sp\u00e9cialistes qualifi\u00e9s \u00e0 bord\u00bb\u2026 Un message alarmant sur la situation du sous-marin russe Novorossiisk, publi\u00e9 par la cha\u00eene Telegram Tch\u00e9ka-OGPU pr\u00e9sent\u00e9e comme \u00abd\u2019opposition russe\u00bb, a \u00e9t\u00e9 relay\u00e9 par des sites d\u2019information tout le week-end, r\u00e9veillant le spectre du terrible naufrage du Koursk, il y a vingt-cinq ans. <\/p>\n<p class=\"sc-cPiKLX AiZTS text-element\">Pourtant, selon nos informations, le Novorossiisk suivait toujours tranquillement sa route ce mardi 30 septembre au large de la p\u00e9ninsule Ib\u00e9rique, la majeure partie du temps en surface comme souvent les sous-marins diesel en transit, vraisemblablement en route pour la base navale de Kronstadt, en mer Baltique. \u00abAucun \u00e9l\u00e9ment ne laisse penser qu\u2019il est en difficult\u00e9. Il n\u2019a pas de comportement anormal en termes de vitesse et de route, n\u2019a pas \u00e9mis de signal de d\u00e9tresse, n\u2019a pas sollicit\u00e9 d\u2019assistance, ni aupr\u00e8s de nous ni aupr\u00e8s des Espagnols\u00bb, assure, depuis Brest, Guillaume Le Rasle, porte-parole du <a href=\"https:\/\/www.liberation.fr\/international\/afrique\/dans-latlantique-la-marine-francaise-piege-en-haute-mer-le-trafic-de-cocaine-20231214_S5NSEO2Z3RF4FDA4WT7HLLTVRM\/\" target=\"_blank\" rel=\"noopener\" title=\"https:\/\/www.liberation.fr\/international\/afrique\/dans-latlantique-la-marine-francaise-piege-en-haute-mer-le-trafic-de-cocaine-20231214_S5NSEO2Z3RF4FDA4WT7HLLTVRM\/\">pr\u00e9fet maritime de l\u2019Atlantique, qui exerce la fon <\/a><\/p>\n","protected":false},"excerpt":{"rendered":"\u00abGrave accident\u00bb, \u00abrisque d\u2019explosion\u00bb, \u00abcarburant accumul\u00e9 dans la cale\u00bb, \u00abpas de pi\u00e8ces de rechange et de sp\u00e9cialistes qualifi\u00e9s&hellip;\n","protected":false},"author":2,"featured_media":430192,"comment_status":"","ping_status":"","sticky":false,"template":"","format":"standard","meta":{"footnotes":""},"categories":[1591],"tags":[11,554,1887,12,1885,1886,132,32,3496],"class_list":{"0":"post-430191","1":"post","2":"type-post","3":"status-publish","4":"format-standard","5":"has-post-thumbnail","7":"category-russie","8":"tag-actualites","9":"tag-defense","10":"tag-federation-de-russie","11":"tag-news","12":"tag-russia","13":"tag-russian-federation","14":"tag-russie","15":"tag-syrie","16":"tag-turquie"},"share_on_mastodon":{"url":"https:\/\/pubeurope.com\/@fr\/115296884746061957","error":""},"_links":{"self":[{"href":"https:\/\/www.europesays.com\/fr\/wp-json\/wp\/v2\/posts\/430191","targetHints":{"allow":["GET"]}}],"collection":[{"href":"https:\/\/www.europesays.com\/fr\/wp-json\/wp\/v2\/posts"}],"about":[{"href":"https:\/\/www.europesays.com\/fr\/wp-json\/wp\/v2\/types\/post"}],"author":[{"embeddable":true,"href":"https:\/\/www.europesays.com\/fr\/wp-json\/wp\/v2\/users\/2"}],"replies":[{"embeddable":true,"href":"https:\/\/www.europesays.com\/fr\/wp-json\/wp\/v2\/comments?post=430191"}],"version-history":[{"count":0,"href":"https:\/\/www.europesays.com\/fr\/wp-json\/wp\/v2\/posts\/430191\/revisions"}],"wp:featuredmedia":[{"embeddable":true,"href":"https:\/\/www.europesays.com\/fr\/wp-json\/wp\/v2\/media\/430192"}],"wp:attachment":[{"href":"https:\/\/www.europesays.com\/fr\/wp-json\/wp\/v2\/media?parent=430191"}],"wp:term":[{"taxonomy":"category","embeddable":true,"href":"https:\/\/www.europesays.com\/fr\/wp-json\/wp\/v2\/categories?post=430191"},{"taxonomy":"post_tag","embeddable":true,"href":"https:\/\/www.europesays.com\/fr\/wp-json\/wp\/v2\/tags?post=430191"}],"curies":[{"name":"wp","href":"https:\/\/api.w.org\/{rel}","templated":true}]}}