{"id":430195,"date":"2025-10-01T03:54:15","date_gmt":"2025-10-01T03:54:15","guid":{"rendered":"https:\/\/www.europesays.com\/fr\/430195\/"},"modified":"2025-10-01T03:54:15","modified_gmt":"2025-10-01T03:54:15","slug":"apres-un-ultime-echec-sur-le-budget-au-senat-americain-les-etats-unis-se-dirigent-vers-une-paralysie-rts-ch","status":"publish","type":"post","link":"https:\/\/www.europesays.com\/fr\/430195\/","title":{"rendered":"Apr\u00e8s un ultime \u00e9chec sur le budget au S\u00e9nat am\u00e9ricain, les Etats-Unis se dirigent vers une paralysie &#8211; rts.ch"},"content":{"rendered":"<p>Les Etats-Unis se dirigent in\u00e9luctablement mercredi vers une paralysie budg\u00e9taire apr\u00e8s l&rsquo;\u00e9chec d&rsquo;un ultime vote au S\u00e9nat pour \u00e9viter le gel d&rsquo;une partie des services f\u00e9d\u00e9raux, le fameux \u00ab\u00a0shutdown\u00a0\u00bb.<\/p>\n<p>A minuit dans la nuit de mardi \u00e0 mercredi (04H00 GMT), le budget de l&rsquo;Etat f\u00e9d\u00e9ral expire et commence alors le \u00ab\u00a0shutdown\u00a0\u00bb, avec pour cons\u00e9quence la mise \u00e0 l&rsquo;arr\u00eat d&rsquo;une partie de ses services.<\/p>\n<p>Le Bureau budg\u00e9taire du Congr\u00e8s estime que quelque 750.000 fonctionnaires seront quotidiennement mis au ch\u00f4mage technique, avec une solde diff\u00e9r\u00e9e. Le trafic a\u00e9rien pourrait \u00eatre affect\u00e9 tandis que le versement de nombreuses aides sociales devrait \u00eatre fortement perturb\u00e9.<\/p>\n<p><strong class=\"inline-title\">&gt;&gt; Lire aussi\u00a0: <\/strong><a href=\"https:\/\/www.rts.ch\/info\/monde\/2025\/article\/shutdown-aux-usa-quels-impacts-sur-les-services-publics-et-l-economie-29014082.html\" data-item-id=\"richtext_link\" target=\"_blank\" rel=\"noopener\">Quelles seraient les cons\u00e9quences d&rsquo;une paralysie budg\u00e9taire aux Etats-Unis?<\/a><\/p>\n<p>Selon les calculs des analystes de la compagnie d&rsquo;assurance Nationwide, chaque semaine de \u00ab\u00a0shutdown\u00a0\u00bb pourrait r\u00e9duire la croissance annuelle du PIB am\u00e9ricain de 0,2 point de pourcentage.<\/p>\n<p>Un bras de fer politique<\/p>\n<p>Avant m\u00eame le vote au S\u00e9nat, chaque camp se rejetait la faute de l&rsquo;\u00e9chec des n\u00e9gociations.<\/p>\n<p>Les d\u00e9mocrates \u00ab\u00a0veulent tout fermer, nous ne le voulons pas\u00a0\u00bb, a ainsi assur\u00e9 le pr\u00e9sident Donald Trump depuis le Bureau ovale.<\/p>\n<p>Il a aussi fait monter la pression en assurant que la situation pourrait avoir des cons\u00e9quences \u00ab\u00a0irr\u00e9versibles\u00a0\u00bb si les d\u00e9mocrates ne finissaient pas par accepter le budget voulu par les r\u00e9publicains.<\/p>\n<p>\u00ab\u00a0Nous pouvons, durant le shutdown, faire des choses qui sont irr\u00e9versibles, qui seront mauvaises pour eux. Comme licencier de nombreuses personnes\u00a0\u00bb, a ajout\u00e9 le pr\u00e9sident am\u00e9ricain, mena\u00e7ant d&rsquo;intensifier les op\u00e9rations de limogeage de milliers de fonctionnaires f\u00e9d\u00e9raux, d\u00e9j\u00e0 entam\u00e9es avec la commission Doge de son ex-alli\u00e9 Elon Musk.<\/p>\n<p>Le dernier \u00ab\u00a0shutdown\u00a0\u00bb, de fin d\u00e9cembre 2018 \u00e0 fin janvier 2019, durant le premier mandat de Donald Trump, avait dur\u00e9 35 jours, un record.<\/p>\n<p><strong class=\"inline-title\">&gt;&gt; A r\u00e9\u00e9couter, les enjeux du shutdown en 2018\u00a0: <\/strong><a href=\"https:\/\/www.rts.ch\/audio-podcast\/2018\/audio\/les-enjeux-du-shutdown-aux-etats-unis-25014966.html\" data-item-id=\"richtext_link\" target=\"_blank\" rel=\"noopener\">Les enjeux du \u00ab\u00a0shutdown\u00a0\u00bb aux Etats-Unis<\/a><\/p>\n<p>Une situation bloqu\u00e9e<\/p>\n<p>D&rsquo;un c\u00f4t\u00e9, les r\u00e9publicains proposent une extension du budget actuel jusqu&rsquo;\u00e0 fin novembre. De l&rsquo;autre, les d\u00e9mocrates veulent obtenir le r\u00e9tablissement de centaines de milliards de dollars en d\u00e9penses de sant\u00e9, notamment dans le programme d&rsquo;assurance sant\u00e9 \u00ab\u00a0Obamacare\u00a0\u00bb pour les m\u00e9nages des classes populaires, supprim\u00e9s par l&rsquo;administration Trump.<\/p>\n<p>Si les r\u00e9publicains disposent de la majorit\u00e9 aux deux chambres du Congr\u00e8s, le r\u00e8glement du S\u00e9nat fait qu&rsquo;un texte budg\u00e9taire devra \u00eatre adopt\u00e9 \u00e0 60 voix sur 100, n\u00e9cessitant donc au moins sept voix d\u00e9mocrates.<\/p>\n<p>Donald Trump a re\u00e7u lundi \u00e0 la Maison Blanche les principaux responsables r\u00e9publicains et d\u00e9mocrates du Congr\u00e8s, une rencontre qui n&rsquo;a fait que confirmer l&rsquo;impasse des n\u00e9gociations.<\/p>\n<p class=\"sources\">afp\/lbl<\/p>\n","protected":false},"excerpt":{"rendered":"Les Etats-Unis se dirigent in\u00e9luctablement mercredi vers une paralysie budg\u00e9taire apr\u00e8s l&rsquo;\u00e9chec d&rsquo;un ultime vote au S\u00e9nat pour&hellip;\n","protected":false},"author":2,"featured_media":430196,"comment_status":"","ping_status":"","sticky":false,"template":"","format":"standard","meta":{"footnotes":""},"categories":[1589],"tags":[11,1003,10514,75,33,6359,73,1866,418,74,12,316,1004,55847,1864,1865,1863,308,5995],"class_list":{"0":"post-430195","1":"post","2":"type-post","3":"status-publish","4":"format-standard","5":"has-post-thumbnail","7":"category-etats-unis","8":"tag-actualites","9":"tag-budget","10":"tag-congres-des-etats-unis","11":"tag-donald-trump","12":"tag-economie","13":"tag-economie-et-finances","14":"tag-etats-unis","15":"tag-etats-unis-damerique","16":"tag-gouvernement","17":"tag-monde","18":"tag-news","19":"tag-politique","20":"tag-senat","21":"tag-senat-des-etats-unis","22":"tag-united-states","23":"tag-united-states-of-america","24":"tag-us","25":"tag-usa","26":"tag-vote"},"share_on_mastodon":{"url":"https:\/\/pubeurope.com\/@fr\/115296892630463703","error":""},"_links":{"self":[{"href":"https:\/\/www.europesays.com\/fr\/wp-json\/wp\/v2\/posts\/430195","targetHints":{"allow":["GET"]}}],"collection":[{"href":"https:\/\/www.europesays.com\/fr\/wp-json\/wp\/v2\/posts"}],"about":[{"href":"https:\/\/www.europesays.com\/fr\/wp-json\/wp\/v2\/types\/post"}],"author":[{"embeddable":true,"href":"https:\/\/www.europesays.com\/fr\/wp-json\/wp\/v2\/users\/2"}],"replies":[{"embeddable":true,"href":"https:\/\/www.europesays.com\/fr\/wp-json\/wp\/v2\/comments?post=430195"}],"version-history":[{"count":0,"href":"https:\/\/www.europesays.com\/fr\/wp-json\/wp\/v2\/posts\/430195\/revisions"}],"wp:featuredmedia":[{"embeddable":true,"href":"https:\/\/www.europesays.com\/fr\/wp-json\/wp\/v2\/media\/430196"}],"wp:attachment":[{"href":"https:\/\/www.europesays.com\/fr\/wp-json\/wp\/v2\/media?parent=430195"}],"wp:term":[{"taxonomy":"category","embeddable":true,"href":"https:\/\/www.europesays.com\/fr\/wp-json\/wp\/v2\/categories?post=430195"},{"taxonomy":"post_tag","embeddable":true,"href":"https:\/\/www.europesays.com\/fr\/wp-json\/wp\/v2\/tags?post=430195"}],"curies":[{"name":"wp","href":"https:\/\/api.w.org\/{rel}","templated":true}]}}