{"id":430207,"date":"2025-10-01T04:00:21","date_gmt":"2025-10-01T04:00:21","guid":{"rendered":"https:\/\/www.europesays.com\/fr\/430207\/"},"modified":"2025-10-01T04:00:21","modified_gmt":"2025-10-01T04:00:21","slug":"larcom-saisie-apres-le-traitement-de-la-condamnation-de-nicolas-sarkozy-sur-cnews-2","status":"publish","type":"post","link":"https:\/\/www.europesays.com\/fr\/430207\/","title":{"rendered":"L\u2019Arcom saisie apr\u00e8s le traitement de la condamnation de Nicolas Sarkozy sur CNews"},"content":{"rendered":"<p class=\"mb-4 text-lg md:leading-8 break-words\">M\u00c9DIAS &#8211; CNews dans le viseur de l\u2019Arcom. <a href=\"https:\/\/fr.news.yahoo.com\/d%C3%A9fense-pr%C3%A9sident-l-arcom-s%C3%A9v%C3%A8rement-115606246.html\" data-ylk=\"slk:Le r\u00e9gulateur de l\u2019audiovisuel et du num\u00e9rique;elm:context_link;itc:0;sec:content-canvas;outcm:mb_qualified_link;_E:mb_qualified_link;ct:story;\" class=\"link  yahoo-link\" target=\"_blank\" rel=\"noopener\">Le r\u00e9gulateur de l\u2019audiovisuel et du num\u00e9rique<\/a> a re\u00e7u plusieurs signalements li\u00e9s au traitement par la cha\u00eene d\u2019information de <a href=\"https:\/\/fr.news.yahoo.com\/nicolas-sarkozy-s-prend-%C3%A0-110306622.html\" data-ylk=\"slk:la condamnation;elm:context_link;itc:0;sec:content-canvas;outcm:mb_qualified_link;_E:mb_qualified_link;ct:story;\" class=\"link  yahoo-link\" target=\"_blank\" rel=\"noopener\">la condamnation<\/a> de <a href=\"https:\/\/fr.news.yahoo.com\/%C3%A0-nice-flagornerie-ultime-christian-142132614.html\" data-ylk=\"slk:Nicolas Sarkozy;elm:context_link;itc:0;sec:content-canvas;outcm:mb_qualified_link;_E:mb_qualified_link;ct:story;\" class=\"link  yahoo-link\" target=\"_blank\" rel=\"noopener\">Nicolas Sarkozy<\/a> dans <a href=\"https:\/\/fr.news.yahoo.com\/nicolas-sarkozy-face-%C3%A0-justice-040010760.html\" data-ylk=\"slk:l\u2019affaire du financement libyen;elm:context_link;itc:0;sec:content-canvas;outcm:mb_qualified_link;_E:mb_qualified_link;ct:story;\" class=\"link  yahoo-link\" target=\"_blank\" rel=\"noopener\">l\u2019affaire du financement libyen<\/a>, a appris l\u2019AFP ce mardi 30\u00a0septembre aupr\u00e8s de l\u2019instance.<\/p>\n<p class=\"mb-4 text-lg md:leading-8 break-words\">L\u2019autorit\u00e9 de r\u00e9gulation n\u2019a pas souhait\u00e9 donner plus de pr\u00e9cisions sur le nombre de saisines, qui doivent \u00e0 pr\u00e9sent \u00eatre instruites pour d\u00e9cider des suites \u00e9ventuelles de la proc\u00e9dure.<\/p>\n<p class=\"mb-4 text-lg md:leading-8 break-words\"><a href=\"https:\/\/fr.news.yahoo.com\/nicolas-sarkozy-ira-prison-n-125012620.html\" data-ylk=\"slk:Nicolas Sarkozy ira en prison, mais ce n\u2019est pas \u00ab\u00a0la fin\u00a0\u00bb de la pr\u00e9somption d\u2019innocence;elm:context_link;itc:0;sec:content-canvas;outcm:mb_qualified_link;_E:mb_qualified_link;ct:story;\" class=\"link  yahoo-link\" target=\"_blank\" rel=\"noopener\"> Nicolas Sarkozy ira en prison, mais ce n\u2019est pas \u00ab\u00a0la fin\u00a0\u00bb de la pr\u00e9somption d\u2019innocence <\/a><\/p>\n<p class=\"mb-4 text-lg md:leading-8 break-words\">Garante notamment de la rigueur du traitement de l\u2019information, l\u2019Arcom dispose, en cas de lancement effectif d\u2019une proc\u00e9dure, d\u2019un arsenal tr\u00e8s large de mesures allant d\u2019une lettre de rappel \u00e0 des sanctions p\u00e9cuniaires.<\/p>\n<p class=\"mb-4 text-lg md:leading-8 break-words\">Sur X, le d\u00e9put\u00e9 LFI Aur\u00e9lien Saintoul a rendu publique sa lettre de saisine de l\u2019Arcom dans laquelle il accuse CNews \u00ab\u00a0de manquements graves \u00e0 ses obligations d\u2019honn\u00eatet\u00e9\u00a0\u00bb dans sa couverture de la condamnation de l\u2019ancien pr\u00e9sident pour association de malfaiteurs.<\/p>\n<p>Un bandeau \u00ab\u00a0sans nuance ni guillemets\u00a0\u00bb<\/p>\n<p class=\"mb-4 text-lg md:leading-8 break-words\">Le d\u00e9put\u00e9 s\u2019est notamment \u00e9mu d\u2019un bandeau affich\u00e9 \u00e0 l\u2019antenne le 25\u00a0septembre, quelques heures apr\u00e8s l\u2019annonce du jugement, et intitul\u00e9\u00a0: \u00ab\u00a0Nicolas Sarkozy face \u00e0 un proc\u00e8s politique\u00a0\u00bb. Une affirmation \u00ab\u00a0sans nuance ni guillemets\u00a0\u00bb qui reprend, selon Aur\u00e9lien Saintoul, \u00ab\u00a0l\u2019\u00e9l\u00e9ment de langage partisan selon lequel la justice n\u2019aurait pas \u00e9t\u00e9 impartiale avec Nicolas Sarkozy\u00a0\u00bb.<\/p>\n<p class=\"mb-4 text-lg md:leading-8 break-words\">Le 25\u00a0septembre, le tribunal correctionnel de Paris a condamn\u00e9 Nicolas Sarkozy \u00e0 cinq ans de prison avec incarc\u00e9ration prochaine pour avoir \u00ab\u00a0laiss\u00e9 ses plus proches\u00a0\u00bb collaborateurs d\u00e9marcher la Libye de Mouammar Kadhafi pour financer sa campagne victorieuse de 2007.<\/p>\n<p class=\"mb-4 text-lg md:leading-8 break-words\">Nicolas Sarkozy, qui a fait appel du jugement, a d\u00e9nonc\u00e9 une d\u00e9cision \u00ab\u00a0d\u2019une gravit\u00e9 extr\u00eame pour l\u2019\u00c9tat de droit\u00a0\u00bb.<\/p>\n<p class=\"mb-4 text-lg md:leading-8 break-words\">Apr\u00e8s la condamnation en mars de Marine Le Pen \u00e0 quatre ans de prison dont deux ferme dans l\u2019affaire des assistants parlementaires du FN, l\u2019Arcom avait \u00e9t\u00e9 d\u00e9j\u00e0 saisie du traitement de cette d\u00e9cision sur CNews.<\/p>\n<p class=\"mb-4 text-lg md:leading-8 break-words\">Dans une d\u00e9cision rendue publique mi-ao\u00fbt, l\u2019instance a estim\u00e9 que plusieurs \u00e9missions de la cha\u00eene \u00ab\u00a0tendaient \u00e0 mettre en exergue sans mesure, ni mod\u00e9ration le caract\u00e8re suppos\u00e9ment indu, voire ill\u00e9gal, de la peine d\u2019in\u00e9ligibilit\u00e9\u00a0\u00bb prononc\u00e9e contre Marine Le Pen, par ailleurs \u00ab\u00a0pr\u00e9sent\u00e9e comme la victime d\u2019un complot judiciaire\u00a0\u00bb.<\/p>\n<p class=\"mb-4 text-lg md:leading-8 break-words\">L\u2019Arcom avait fermement appel\u00e9 la cha\u00eene \u00e0 faire preuve, \u00e0 l\u2019avenir, \u00ab\u00a0d\u2019une vigilance accrue\u00a0\u00bb sur le respect de ses obligations l\u00e9gales.<\/p>\n<p class=\"mb-4 text-lg md:leading-8 break-words\"><a href=\"https:\/\/fr.news.yahoo.com\/critiqu%C3%A9s-sarkozy-chef-parquet-national-080342036.html\" data-ylk=\"slk:Critiqu\u00e9 par Sarkozy, le chef du Parquet national financier r\u00e9plique et se dit sans \u00ab\u00a0haine\u00a0\u00bb;elm:context_link;itc:0;sec:content-canvas;outcm:mb_qualified_link;_E:mb_qualified_link;ct:story;\" class=\"link  yahoo-link\" target=\"_blank\" rel=\"noopener\"> Critiqu\u00e9 par Sarkozy, le chef du Parquet national financier r\u00e9plique et se dit sans \u00ab\u00a0haine\u00a0\u00bb <\/a><\/p>\n<p class=\"mb-4 text-lg md:leading-8 break-words\"><a href=\"https:\/\/fr.news.yahoo.com\/karine-marchand-apporte-soutien-sarkozy-160058852.html\" data-ylk=\"slk:Karine Le\u00a0Marchand apporte son soutien aux Sarkozy, malgr\u00e9 sa \u00ab\u00a0neutralit\u00e9\u00a0\u00bb politique revendiqu\u00e9e;elm:context_link;itc:0;sec:content-canvas;outcm:mb_qualified_link;_E:mb_qualified_link;ct:story;\" class=\"link  yahoo-link\" target=\"_blank\" rel=\"noopener\"> Karine Le\u00a0Marchand apporte son soutien aux Sarkozy, malgr\u00e9 sa \u00ab\u00a0neutralit\u00e9\u00a0\u00bb politique revendiqu\u00e9e <\/a><\/p>\n","protected":false},"excerpt":{"rendered":"M\u00c9DIAS &#8211; CNews dans le viseur de l\u2019Arcom. Le r\u00e9gulateur de l\u2019audiovisuel et du num\u00e9rique a re\u00e7u plusieurs&hellip;\n","protected":false},"author":2,"featured_media":430208,"comment_status":"","ping_status":"","sticky":false,"template":"","format":"standard","meta":{"footnotes":""},"categories":[2],"tags":[11,55854,4073,1011,27,430,12,3091,25,55855],"class_list":{"0":"post-430207","1":"post","2":"type-post","3":"status-publish","4":"format-standard","5":"has-post-thumbnail","7":"category-actualites","8":"tag-actualites","9":"tag-aurelien-saintoul","10":"tag-condamnation","11":"tag-fr","12":"tag-france","13":"tag-marine-le-pen","14":"tag-news","15":"tag-nicolas-sarkozy","16":"tag-republique-francaise","17":"tag-traitement-de-linformation"},"share_on_mastodon":{"url":"https:\/\/pubeurope.com\/@fr\/115296916227074602","error":""},"_links":{"self":[{"href":"https:\/\/www.europesays.com\/fr\/wp-json\/wp\/v2\/posts\/430207","targetHints":{"allow":["GET"]}}],"collection":[{"href":"https:\/\/www.europesays.com\/fr\/wp-json\/wp\/v2\/posts"}],"about":[{"href":"https:\/\/www.europesays.com\/fr\/wp-json\/wp\/v2\/types\/post"}],"author":[{"embeddable":true,"href":"https:\/\/www.europesays.com\/fr\/wp-json\/wp\/v2\/users\/2"}],"replies":[{"embeddable":true,"href":"https:\/\/www.europesays.com\/fr\/wp-json\/wp\/v2\/comments?post=430207"}],"version-history":[{"count":0,"href":"https:\/\/www.europesays.com\/fr\/wp-json\/wp\/v2\/posts\/430207\/revisions"}],"wp:featuredmedia":[{"embeddable":true,"href":"https:\/\/www.europesays.com\/fr\/wp-json\/wp\/v2\/media\/430208"}],"wp:attachment":[{"href":"https:\/\/www.europesays.com\/fr\/wp-json\/wp\/v2\/media?parent=430207"}],"wp:term":[{"taxonomy":"category","embeddable":true,"href":"https:\/\/www.europesays.com\/fr\/wp-json\/wp\/v2\/categories?post=430207"},{"taxonomy":"post_tag","embeddable":true,"href":"https:\/\/www.europesays.com\/fr\/wp-json\/wp\/v2\/tags?post=430207"}],"curies":[{"name":"wp","href":"https:\/\/api.w.org\/{rel}","templated":true}]}}