{"id":430215,"date":"2025-10-01T04:05:20","date_gmt":"2025-10-01T04:05:20","guid":{"rendered":"https:\/\/www.europesays.com\/fr\/430215\/"},"modified":"2025-10-01T04:05:20","modified_gmt":"2025-10-01T04:05:20","slug":"ce-nest-pas-pour-rien-si-tu-es-le-meilleur-au-monde-le-discours-de-fritz-apres-sa-defaite-en-finale-de-tokyo","status":"publish","type":"post","link":"https:\/\/www.europesays.com\/fr\/430215\/","title":{"rendered":"\u00ab Ce n&rsquo;est pas pour rien si tu es le meilleur au monde \u00bb, le discours de Fritz apr\u00e8s sa d\u00e9faite en finale de Tokyo"},"content":{"rendered":"<p>                <img decoding=\"async\" src=\"https:\/\/www.europesays.com\/fr\/wp-content\/uploads\/2025\/10\/atBm.jpg\" fetchpriority=\"high\" alt=\"\u00ab Ce n'est pas pour rien si tu es le meilleur au monde \u00bb, le discours de Fritz apr\u00e8s sa d\u00e9faite en finale de Tokyo\"\/><\/p>\n<p>Malgr\u00e9 son ambition, Taylor Fritz a but\u00e9, comme beaucoup d\u2019autres joueurs avant lui, face \u00e0 Carlos Alcaraz en finale d\u2019un tournoi ATP (Tokyo, 6-4, 6-4). M\u00eame si son match \u00e9tait loin d\u2019\u00eatre mauvais, l\u2019Am\u00e9ricain s\u2019est frott\u00e9 \u00e0 un adversaire beaucoup trop fort.<\/p>\n<p><strong>Interrog\u00e9 sur le court lors de la traditionnelle remise des prix de fin de tournoi, Fritz a d\u00e9clar\u00e9 ceci :<\/strong><\/p>\n<p>\u00ab F\u00e9licitations \u00e0 Carlos pour son tournoi. Ce n&rsquo;est pas pour rien si tu es le meilleur joueur au monde. Merci \u00e0 mon \u00e9quipe, d\u00e9sol\u00e9 de ce qu\u2019il s\u2019est pass\u00e9. C\u2019\u00e9tait quand m\u00eame une bonne semaine. Merci \u00e0 toute l\u2019organisation et merci aux fans : c\u2019est vraiment un super tournoi. \u00bb<\/p>\n<p>Un discours respectueux et lucide de la part du num\u00e9ro 5 mondial qui esp\u00e8re que son tour viendra. Pour rappel, il \u00e9tait en qu\u00eate d\u2019un deuxi\u00e8me titre ATP 500 en carri\u00e8re.<\/p>\n","protected":false},"excerpt":{"rendered":"Malgr\u00e9 son ambition, Taylor Fritz a but\u00e9, comme beaucoup d\u2019autres joueurs avant lui, face \u00e0 Carlos Alcaraz en&hellip;\n","protected":false},"author":2,"featured_media":430216,"comment_status":"","ping_status":"","sticky":false,"template":"","format":"standard","meta":{"footnotes":""},"categories":[1415],"tags":[1011,27,60,1467],"class_list":{"0":"post-430215","1":"post","2":"type-post","3":"status-publish","4":"format-standard","5":"has-post-thumbnail","7":"category-tennis","8":"tag-fr","9":"tag-france","10":"tag-sports","11":"tag-tennis"},"share_on_mastodon":{"url":"https:\/\/pubeurope.com\/@fr\/115296935862114410","error":""},"_links":{"self":[{"href":"https:\/\/www.europesays.com\/fr\/wp-json\/wp\/v2\/posts\/430215","targetHints":{"allow":["GET"]}}],"collection":[{"href":"https:\/\/www.europesays.com\/fr\/wp-json\/wp\/v2\/posts"}],"about":[{"href":"https:\/\/www.europesays.com\/fr\/wp-json\/wp\/v2\/types\/post"}],"author":[{"embeddable":true,"href":"https:\/\/www.europesays.com\/fr\/wp-json\/wp\/v2\/users\/2"}],"replies":[{"embeddable":true,"href":"https:\/\/www.europesays.com\/fr\/wp-json\/wp\/v2\/comments?post=430215"}],"version-history":[{"count":0,"href":"https:\/\/www.europesays.com\/fr\/wp-json\/wp\/v2\/posts\/430215\/revisions"}],"wp:featuredmedia":[{"embeddable":true,"href":"https:\/\/www.europesays.com\/fr\/wp-json\/wp\/v2\/media\/430216"}],"wp:attachment":[{"href":"https:\/\/www.europesays.com\/fr\/wp-json\/wp\/v2\/media?parent=430215"}],"wp:term":[{"taxonomy":"category","embeddable":true,"href":"https:\/\/www.europesays.com\/fr\/wp-json\/wp\/v2\/categories?post=430215"},{"taxonomy":"post_tag","embeddable":true,"href":"https:\/\/www.europesays.com\/fr\/wp-json\/wp\/v2\/tags?post=430215"}],"curies":[{"name":"wp","href":"https:\/\/api.w.org\/{rel}","templated":true}]}}