{"id":430217,"date":"2025-10-01T04:08:10","date_gmt":"2025-10-01T04:08:10","guid":{"rendered":"https:\/\/www.europesays.com\/fr\/430217\/"},"modified":"2025-10-01T04:08:10","modified_gmt":"2025-10-01T04:08:10","slug":"f1-un-3e-pilote-sur-la-liste-alpine-mais-mauvaise-nouvelle-pour-un-pretendant-ecarte-par-briatore","status":"publish","type":"post","link":"https:\/\/www.europesays.com\/fr\/430217\/","title":{"rendered":"F1 Un 3e pilote sur la liste Alpine mais, mauvaise nouvelle pour un pr\u00e9tendant, \u00e9cart\u00e9 par Briatore"},"content":{"rendered":"<p>R\u00e9cemment, Flavio Briatore avait annonc\u00e9 que, concernant le choix des pilotes Alpine F1, pour l\u2019an prochain, seuls Franco Colapinto et Paul Aron \u00e9taient en lice. Toutefois, depuis, l\u2019Italien a rectifi\u00e9 ses propos. Erreur de communication vite corrig\u00e9e ou r\u00e9elle interrogation ? Quoiqu\u2019il en soit, le patron de la formation fran\u00e7aise a confirm\u00e9 un troisi\u00e8me nom, en lice pour ce deuxi\u00e8me baquet, aux c\u00f4t\u00e9s de Pierre Gasly.<\/p>\n<p>F1 : Jack Doohan revient dans la course au baquet, chez Alpine !<\/p>\n<p>En effet, le pilote d\u2019essais et de r\u00e9serve, titulaire en d\u00e9but d\u2019ann\u00e9e, <a href=\"https:\/\/lemagsportauto.ouest-france.fr\/tag\/jack-doohan\/\" target=\"_blank\" rel=\"noopener\">Jack Doohan<\/a>, est toujours dans la course \u00e9galement. Comme l\u2019a r\u00e9v\u00e9l\u00e9 Flavio Briatore r\u00e9cemment. Une cons\u00e9quence des performances, assur\u00e9ment en de\u00e7\u00e0 des attentes, affich\u00e9es par le pilote argentin.Toutefois, alors qu\u2019il avait entretenu le myst\u00e8re jusqu\u2019ici, le transalpin a tranch\u00e9, tr\u00e8s clairement, concernant la candidature de Mick Schumacher. Ce sera\u2026non ! Flavio ayant confirm\u00e9 que le pilote allemand n\u2019\u00e9tait pas sur sa liste.<\/p>\n<p>Dans tous les cas, nous savons que la d\u00e9cision sera prise tr\u00e8s prochainement, c\u00f4t\u00e9 pilotes. Certainement apr\u00e8s le Grand-Prix des USA ou du Mexique. Sachant que, annoncer l\u2019\u00e9ventuelle mise \u00e0 l\u2019\u00e9cart de Colapinto avant la tourn\u00e9e Sud-Am\u00e9ricaine, ne serait probablement pas bienvenu, en mati\u00e8re de communication. D\u2019autant que les supporters de Franco sont, pour certains, particuli\u00e8rement\u2026passionn\u00e9s ! Attendons-nous donc plut\u00f4t \u00e0 une annonce apr\u00e8s le Br\u00e9sil ou Las Vegas. A moins que l\u2019int\u00e9ress\u00e9 ne soit conserv\u00e9, auquel cas il serait plus int\u00e9ressant de l\u2019officialiser avant la dire tourn\u00e9e\u2026<\/p>\n<blockquote class=\"twitter-tweet\">\n<p dir=\"ltr\" lang=\"en\">Our mood every time it hits race week \ud83d\ude03 <a href=\"https:\/\/t.co\/NAd5dlD1c5\">pic.twitter.com\/NAd5dlD1c5<\/a><\/p>\n<p>\u2014 BWT Alpine Formula One Team (@AlpineF1Team) <a href=\"https:\/\/twitter.com\/AlpineF1Team\/status\/1972707952726315300?ref_src=twsrc%5Etfw\" target=\"_blank\" rel=\"noopener\">September 29, 2025<\/a><\/p>\n<\/blockquote>\n<p>Palmar\u00e8s de Mick Schumacher<\/p>\n<ul>\n<li>2016 : Vice-champion du championnat ADAC F4<\/li>\n<li>2018 : Champion de Formule 3 europ\u00e9enne<\/li>\n<li>2020 : Champion de Formule 2<\/li>\n<li>2021 : D\u00e9buts en Formule 1 avec Haas F1 Team<\/li>\n<\/ul>\n<p>Article publi\u00e9 le 01\/10\/2025 \u00e0 5h50<\/p>\n<p>                                                            <script async src=\"https:\/\/platform.twitter.com\/widgets.js\" charset=\"utf-8\"><\/script><\/p>\n","protected":false},"excerpt":{"rendered":"R\u00e9cemment, Flavio Briatore avait annonc\u00e9 que, concernant le choix des pilotes Alpine F1, pour l\u2019an prochain, seuls Franco&hellip;\n","protected":false},"author":2,"featured_media":430218,"comment_status":"","ping_status":"","sticky":false,"template":"","format":"standard","meta":{"footnotes":""},"categories":[1412],"tags":[2674,1451,1452,1453,1454,1455,1011,27,60],"class_list":{"0":"post-430217","1":"post","2":"type-post","3":"status-publish","4":"format-standard","5":"has-post-thumbnail","7":"category-f1","8":"tag-alpine","9":"tag-f1","10":"tag-formula-1","11":"tag-formula1","12":"tag-formule-1","13":"tag-formule1","14":"tag-fr","15":"tag-france","16":"tag-sports"},"share_on_mastodon":{"url":"https:\/\/pubeurope.com\/@fr\/115296947655347610","error":""},"_links":{"self":[{"href":"https:\/\/www.europesays.com\/fr\/wp-json\/wp\/v2\/posts\/430217","targetHints":{"allow":["GET"]}}],"collection":[{"href":"https:\/\/www.europesays.com\/fr\/wp-json\/wp\/v2\/posts"}],"about":[{"href":"https:\/\/www.europesays.com\/fr\/wp-json\/wp\/v2\/types\/post"}],"author":[{"embeddable":true,"href":"https:\/\/www.europesays.com\/fr\/wp-json\/wp\/v2\/users\/2"}],"replies":[{"embeddable":true,"href":"https:\/\/www.europesays.com\/fr\/wp-json\/wp\/v2\/comments?post=430217"}],"version-history":[{"count":0,"href":"https:\/\/www.europesays.com\/fr\/wp-json\/wp\/v2\/posts\/430217\/revisions"}],"wp:featuredmedia":[{"embeddable":true,"href":"https:\/\/www.europesays.com\/fr\/wp-json\/wp\/v2\/media\/430218"}],"wp:attachment":[{"href":"https:\/\/www.europesays.com\/fr\/wp-json\/wp\/v2\/media?parent=430217"}],"wp:term":[{"taxonomy":"category","embeddable":true,"href":"https:\/\/www.europesays.com\/fr\/wp-json\/wp\/v2\/categories?post=430217"},{"taxonomy":"post_tag","embeddable":true,"href":"https:\/\/www.europesays.com\/fr\/wp-json\/wp\/v2\/tags?post=430217"}],"curies":[{"name":"wp","href":"https:\/\/api.w.org\/{rel}","templated":true}]}}