{"id":430221,"date":"2025-10-01T04:10:09","date_gmt":"2025-10-01T04:10:09","guid":{"rendered":"https:\/\/www.europesays.com\/fr\/430221\/"},"modified":"2025-10-01T04:10:09","modified_gmt":"2025-10-01T04:10:09","slug":"les-olympiens-balayent-les-neerlandais-pour-le-retour-de-la-ligue-des-champions-au-velodrome","status":"publish","type":"post","link":"https:\/\/www.europesays.com\/fr\/430221\/","title":{"rendered":"les Olympiens balayent les N\u00e9erlandais pour le retour de la Ligue des champions au V\u00e9lodrome"},"content":{"rendered":"<p class=\"rev-margin-0 rev-text-2xs-bold rev-color-alert-main\">Publi\u00e9 le 30\/09\/25 \u00e0 20:53<\/p>\n<p>Quelle soir\u00e9e les amis !<\/p>\n<p>L&rsquo;OM s&rsquo;est r\u00e9gal\u00e9 ce soir, et que dire de ses supporters ! Le V\u00e9lodrome \u00e9tait en fusion depuis l&rsquo;\u00e9chauffement, et les joueurs se sont mis au niveau, id\u00e9alement lanc\u00e9s par un doubl\u00e9 express de Paixao qui a v\u00e9ritablement lanc\u00e9 son aventure olympienne ce soir. Mason Greenwood a marqu\u00e9, Pierre-Emerick Aubameyang aussi, et les hommes de Roberto De Zerbi ont surtout propos\u00e9 un match plein, notamment d\u00e9fensivement, dans le sillage d&rsquo;un Arthur Vermeeren impressionnant aussi pour sa premi\u00e8re titularisation sous le maillot olympien. Bref, tout \u00e9tait parfait !<\/p>\n","protected":false},"excerpt":{"rendered":"Publi\u00e9 le 30\/09\/25 \u00e0 20:53 Quelle soir\u00e9e les amis ! L&rsquo;OM s&rsquo;est r\u00e9gal\u00e9 ce soir, et que dire&hellip;\n","protected":false},"author":2,"featured_media":430222,"comment_status":"","ping_status":"","sticky":false,"template":"","format":"standard","meta":{"footnotes":""},"categories":[1410],"tags":[63,1011,27,447,149,55594,60],"class_list":{"0":"post-430221","1":"post","2":"type-post","3":"status-publish","4":"format-standard","5":"has-post-thumbnail","7":"category-football","8":"tag-football","9":"tag-fr","10":"tag-france","11":"tag-ligue-des-champions","12":"tag-om","13":"tag-om-ajax","14":"tag-sports"},"share_on_mastodon":{"url":"https:\/\/pubeurope.com\/@fr\/115296955581288305","error":""},"_links":{"self":[{"href":"https:\/\/www.europesays.com\/fr\/wp-json\/wp\/v2\/posts\/430221","targetHints":{"allow":["GET"]}}],"collection":[{"href":"https:\/\/www.europesays.com\/fr\/wp-json\/wp\/v2\/posts"}],"about":[{"href":"https:\/\/www.europesays.com\/fr\/wp-json\/wp\/v2\/types\/post"}],"author":[{"embeddable":true,"href":"https:\/\/www.europesays.com\/fr\/wp-json\/wp\/v2\/users\/2"}],"replies":[{"embeddable":true,"href":"https:\/\/www.europesays.com\/fr\/wp-json\/wp\/v2\/comments?post=430221"}],"version-history":[{"count":0,"href":"https:\/\/www.europesays.com\/fr\/wp-json\/wp\/v2\/posts\/430221\/revisions"}],"wp:featuredmedia":[{"embeddable":true,"href":"https:\/\/www.europesays.com\/fr\/wp-json\/wp\/v2\/media\/430222"}],"wp:attachment":[{"href":"https:\/\/www.europesays.com\/fr\/wp-json\/wp\/v2\/media?parent=430221"}],"wp:term":[{"taxonomy":"category","embeddable":true,"href":"https:\/\/www.europesays.com\/fr\/wp-json\/wp\/v2\/categories?post=430221"},{"taxonomy":"post_tag","embeddable":true,"href":"https:\/\/www.europesays.com\/fr\/wp-json\/wp\/v2\/tags?post=430221"}],"curies":[{"name":"wp","href":"https:\/\/api.w.org\/{rel}","templated":true}]}}