{"id":430224,"date":"2025-10-01T04:12:31","date_gmt":"2025-10-01T04:12:31","guid":{"rendered":"https:\/\/www.europesays.com\/fr\/430224\/"},"modified":"2025-10-01T04:12:31","modified_gmt":"2025-10-01T04:12:31","slug":"deces-de-mark-deming-1952-2025","status":"publish","type":"post","link":"https:\/\/www.europesays.com\/fr\/430224\/","title":{"rendered":"d\u00e9c\u00e8s de Mark Deming 1952-2025"},"content":{"rendered":"<p>          <img decoding=\"async\" class=\"c-single__image fadeInRight animated\" src=\"https:\/\/www.europesays.com\/fr\/wp-content\/uploads\/2025\/10\/Mark-2_nb-796x1024.jpeg\"\/><\/p>\n<p>C\u2019est avec une tr\u00e8s grande tristesse que nous avons appris la disparition soudaine de Mark Deming mercredi 24 septembre 2025. Historien dix-huiti\u00e8miste form\u00e9 \u00e0 l\u2019architecture \u00e0 l\u2019Universit\u00e9 Columbia de New York, il fut pendant trois d\u00e9cennies un enseignant marquant de l\u2019\u00c9nsa-PB, o\u00f9 il \u00e9tait arriv\u00e9 en 1991. Ses amis, ses coll\u00e8gues, les anciens \u00e9tudiants du s\u00e9minaire \u00ab\u00a0Faire de l\u2019histoire\u00a0\u00bb et tous ceux et celles qui ont eu la chance de suivre ses cours se souviennent de sa bienveillance, de l\u2019intimit\u00e9 avec les \u0153uvres et avec leurs contextes qu\u2019il savait cr\u00e9er dans les amphith\u00e9\u00e2tres, et de la g\u00e9n\u00e9rosit\u00e9 de son immense \u00e9rudition.\u00a0Toute la communaut\u00e9 de l\u2019\u00e9cole s\u2019associe \u00e0 la douleur de ses proches. Ses obs\u00e8ques auront lieu ce vendredi 3 octobre, \u00e0 14h30, au cr\u00e9matorium du cimeti\u00e8re du P\u00e8re Lachaise.<\/p>\n","protected":false},"excerpt":{"rendered":"C\u2019est avec une tr\u00e8s grande tristesse que nous avons appris la disparition soudaine de Mark Deming mercredi 24&hellip;\n","protected":false},"author":2,"featured_media":430225,"comment_status":"","ping_status":"","sticky":false,"template":"","format":"standard","meta":{"footnotes":""},"categories":[1358],"tags":[1348,1384,1385,3983,1386,58,59,1011,27],"class_list":{"0":"post-430224","1":"post","2":"type-post","3":"status-publish","4":"format-standard","5":"has-post-thumbnail","7":"category-arts-et-design","8":"tag-arts","9":"tag-arts-and-design","10":"tag-arts-et-design","11":"tag-deces","12":"tag-design","13":"tag-divertissement","14":"tag-entertainment","15":"tag-fr","16":"tag-france"},"share_on_mastodon":{"url":"https:\/\/pubeurope.com\/@fr\/115296963822858425","error":""},"_links":{"self":[{"href":"https:\/\/www.europesays.com\/fr\/wp-json\/wp\/v2\/posts\/430224","targetHints":{"allow":["GET"]}}],"collection":[{"href":"https:\/\/www.europesays.com\/fr\/wp-json\/wp\/v2\/posts"}],"about":[{"href":"https:\/\/www.europesays.com\/fr\/wp-json\/wp\/v2\/types\/post"}],"author":[{"embeddable":true,"href":"https:\/\/www.europesays.com\/fr\/wp-json\/wp\/v2\/users\/2"}],"replies":[{"embeddable":true,"href":"https:\/\/www.europesays.com\/fr\/wp-json\/wp\/v2\/comments?post=430224"}],"version-history":[{"count":0,"href":"https:\/\/www.europesays.com\/fr\/wp-json\/wp\/v2\/posts\/430224\/revisions"}],"wp:featuredmedia":[{"embeddable":true,"href":"https:\/\/www.europesays.com\/fr\/wp-json\/wp\/v2\/media\/430225"}],"wp:attachment":[{"href":"https:\/\/www.europesays.com\/fr\/wp-json\/wp\/v2\/media?parent=430224"}],"wp:term":[{"taxonomy":"category","embeddable":true,"href":"https:\/\/www.europesays.com\/fr\/wp-json\/wp\/v2\/categories?post=430224"},{"taxonomy":"post_tag","embeddable":true,"href":"https:\/\/www.europesays.com\/fr\/wp-json\/wp\/v2\/tags?post=430224"}],"curies":[{"name":"wp","href":"https:\/\/api.w.org\/{rel}","templated":true}]}}