{"id":430228,"date":"2025-10-01T04:14:21","date_gmt":"2025-10-01T04:14:21","guid":{"rendered":"https:\/\/www.europesays.com\/fr\/430228\/"},"modified":"2025-10-01T04:14:21","modified_gmt":"2025-10-01T04:14:21","slug":"mathieu-ceschin-lamour-est-dans-le-pre-sexprime-sur-ses-revenus-apres-avoir-ete-questionne-sur-ses-vacances-avec-son-fils","status":"publish","type":"post","link":"https:\/\/www.europesays.com\/fr\/430228\/","title":{"rendered":"Mathieu Ceschin (L&rsquo;amour est dans le pr\u00e9) s&rsquo;exprime sur ses revenus apr\u00e8s avoir \u00e9t\u00e9 questionn\u00e9 sur ses vacances avec son fils"},"content":{"rendered":"<p>Sur Instagram, Mathieu Ceschin a \u00e9t\u00e9 particuli\u00e8rement questionn\u00e9 sur ses finances alors qu&rsquo;ils encha\u00eenent les d\u00e9placements. Beaucoup se demandent comment il paie toutes ses vacances. Tr\u00e8s honn\u00eate, la star de L&rsquo;amour est dans le pr\u00e9 a \u00e9voqu\u00e9 ses revenus et ses probl\u00e8mes d&rsquo;argent.<\/p>\n<p>En 2020, les t\u00e9l\u00e9spectateurs ont d\u00e9couvert Mathieu Ceschin dans L&rsquo;amour est dans le pr\u00e9. Rapidement, le jeune homme est devenu l&rsquo;une des figures phares du programme, notamment \u00e0 cause de <a href=\"https:\/\/www.programme-tv.net\/news\/tv\/352894-apres-leur-divorce-mathieu-ceschin-l-amour-est-dans-le-pre-donne-des-nouvelles-surprenantes-de-sa-relation-avec-son-ex-alexandre\/\" data-api-deeplink=\"teleloisirs:\/\/news\/352894\" target=\"_blank\" rel=\"noopener\">son mariage avec Alexandre<\/a>, qui s&rsquo;est finalement termin\u00e9 par un \u00e9chec. N\u00e9anmoins, la fin de cette relation ne l&rsquo;a pas emp\u00each\u00e9 de r\u00e9aliser ses r\u00eaves, dont celui de devenir p\u00e8re. <a href=\"https:\/\/www.programme-tv.net\/news\/tele-realite\/308596-le-regard-tourne-vers-la-colombie-mathieu-lamour-est-dans-le-pre-demarre-son-projet-de-gpa\/\" data-api-deeplink=\"teleloisirs:\/\/news\/308596\" target=\"_blank\" rel=\"noopener\">Apr\u00e8s une GPA r\u00e9alis\u00e9e en Colombie<\/a>, Mathieu Ceschin est devenu le papa d&rsquo;un petit Ezio. Depuis, il encha\u00eene les voyages avec son fils. Au cours de l&rsquo;\u00e9t\u00e9 il a entam\u00e9 <a href=\"https:\/\/www.programme-tv.net\/news\/people\/385498-en-esperant-que-mon-banquier-soit-ok-mathieu-ceschin-lamour-est-dans-le-pre-veut-changer-de-vie-cette-grande-decision-quil-a-prise\/\" data-api-deeplink=\"teleloisirs:\/\/news\/385498\" target=\"_blank\" rel=\"noopener\">un road-trip en famille<\/a> de deux mois et demi \u00e0 travers les routes de France. Un programme qui a fait r\u00e9agir sur les r\u00e9seaux sociaux.<\/p>\n<p>Mathieu Ceschin (L&rsquo;amour est dans le pr\u00e9) a eu de grosses difficult\u00e9s financi\u00e8res : \u00ab\u00a0On prend des risques\u00a0\u00bb<\/p>\n<p>Suite \u00e0 ses nombreux voyages, Mathieu Ceschin a \u00e9t\u00e9 questionn\u00e9 sur ses finances. Les internautes se demandent comment il est capable de s&rsquo;offrir r\u00e9guli\u00e8rement \u2013\u00a0mais aussi \u00e0 son fils \u2013 des week-ends et semaines de vacances. Face cam\u00e9ra, il ironise en d\u00e9clarant qu&rsquo;il fait pousser des arbres avec des euros. Mais avec plus de s\u00e9rieux, il explique : \u00ab\u00a0Comme tout entrepreneur, on prend des risques et on fait les choses, alors des fois, \u00e7a ne marche pas,<b> j&rsquo;ai eu des moments o\u00f9 j&rsquo;ai fait faillite et o\u00f9 j&rsquo;ai touch\u00e9 pendant un an le RSA<\/b>\u00ab\u00a0. Des p\u00e9riodes compliqu\u00e9es qui n&rsquo;ont pas \u00e9t\u00e9 faciles \u00e0 vivre, mais en s&rsquo;accrochant, il a su rebondir : \u00ab\u00a0Ce n&rsquo;est pas tr\u00e8s rigolo, il y a des fois o\u00f9 \u00e7a marche un peu mieux et c&rsquo;est comme \u00e7a\u00a0\u00bb. Si aujourd&rsquo;hui il estime bien se porter financi\u00e8rement, il ne sait pas ce que l&rsquo;avenir lui r\u00e9serve. \u00ab\u00a0Peut-\u00eatre que dans 4 ou 5 ans, \u00e7a marchera moins bien\u00a0\u00bb, confie-t-il celui qui reste ambitieux, <b>\u00ab\u00a0On prend des risques\u00a0\u00bb.<\/b><\/p>\n<p>                        Mathieu Ceschin contraint d&rsquo;annuler son dernier voyage \u00e0 cause d&rsquo;un probl\u00e8me administratif<\/p>\n<p>Mathieu Ceschin peut partir en vacances, mais il arrive parfois que ses plans soient perturb\u00e9s. Le 16 septembre, alors qu&rsquo;il devait aller en Afrique du Sud, <a href=\"https:\/\/www.programme-tv.net\/news\/people\/387714-le-voyage-de-mathieu-ceschin-l-amour-est-dans-le-pre-en-afrique-du-sud-annule-a-la-derniere-minute-nous-n-avons-pas-pu-embarquer\/\" data-api-deeplink=\"teleloisirs:\/\/news\/387714\" target=\"_blank\" rel=\"noopener\">il a annul\u00e9 \u00e0 la derni\u00e8re minute \u00e0 cause d&rsquo;un probl\u00e8me administratif.<\/a> \u00ab\u00a0On n&rsquo;a pas pu embarquer pour une raison de visa. Le visa d&rsquo;Ezio&#8230;\u00a0\u00bb, a-t-il mentionn\u00e9. Quelques instants plus tard, bien que d\u00e9\u00e7u, il relativisait sur la situation : \u00ab\u00a0Il y a vraiment beaucoup plus grave dans la vie que de ne pas embarquer pour un vol \u00e0 cause d&rsquo;un visa.\u00a0\u00bb<\/p>\n","protected":false},"excerpt":{"rendered":"Sur Instagram, Mathieu Ceschin a \u00e9t\u00e9 particuli\u00e8rement questionn\u00e9 sur ses finances alors qu&rsquo;ils encha\u00eenent les d\u00e9placements. Beaucoup se&hellip;\n","protected":false},"author":2,"featured_media":430229,"comment_status":"","ping_status":"","sticky":false,"template":"","format":"standard","meta":{"footnotes":""},"categories":[1356],"tags":[244,58,59,1011,27,7988,7987,252,1364],"class_list":{"0":"post-430228","1":"post","2":"type-post","3":"status-publish","4":"format-standard","5":"has-post-thumbnail","7":"category-television","8":"tag-commentaire","9":"tag-divertissement","10":"tag-entertainment","11":"tag-fr","12":"tag-france","13":"tag-lamour-est-dans-le-pru00e9","14":"tag-mathieu-lamour-est-dans-le-pru00e9-15","15":"tag-television","16":"tag-tv"},"share_on_mastodon":{"url":"https:\/\/pubeurope.com\/@fr\/115296971303533004","error":""},"_links":{"self":[{"href":"https:\/\/www.europesays.com\/fr\/wp-json\/wp\/v2\/posts\/430228","targetHints":{"allow":["GET"]}}],"collection":[{"href":"https:\/\/www.europesays.com\/fr\/wp-json\/wp\/v2\/posts"}],"about":[{"href":"https:\/\/www.europesays.com\/fr\/wp-json\/wp\/v2\/types\/post"}],"author":[{"embeddable":true,"href":"https:\/\/www.europesays.com\/fr\/wp-json\/wp\/v2\/users\/2"}],"replies":[{"embeddable":true,"href":"https:\/\/www.europesays.com\/fr\/wp-json\/wp\/v2\/comments?post=430228"}],"version-history":[{"count":0,"href":"https:\/\/www.europesays.com\/fr\/wp-json\/wp\/v2\/posts\/430228\/revisions"}],"wp:featuredmedia":[{"embeddable":true,"href":"https:\/\/www.europesays.com\/fr\/wp-json\/wp\/v2\/media\/430229"}],"wp:attachment":[{"href":"https:\/\/www.europesays.com\/fr\/wp-json\/wp\/v2\/media?parent=430228"}],"wp:term":[{"taxonomy":"category","embeddable":true,"href":"https:\/\/www.europesays.com\/fr\/wp-json\/wp\/v2\/categories?post=430228"},{"taxonomy":"post_tag","embeddable":true,"href":"https:\/\/www.europesays.com\/fr\/wp-json\/wp\/v2\/tags?post=430228"}],"curies":[{"name":"wp","href":"https:\/\/api.w.org\/{rel}","templated":true}]}}