{"id":430234,"date":"2025-10-01T04:17:10","date_gmt":"2025-10-01T04:17:10","guid":{"rendered":"https:\/\/www.europesays.com\/fr\/430234\/"},"modified":"2025-10-01T04:17:10","modified_gmt":"2025-10-01T04:17:10","slug":"un-homme-meurt-de-la-rage-a-perpignan-enquete-epidemiologique-ouverte","status":"publish","type":"post","link":"https:\/\/www.europesays.com\/fr\/430234\/","title":{"rendered":"Un homme meurt de la rage \u00e0 Perpignan, enqu\u00eate \u00e9pid\u00e9miologique ouverte"},"content":{"rendered":"<p>C\u2019est une <a href=\"https:\/\/www.20minutes.fr\/dossier\/maladie\" target=\"_blank\" class=\"c-link c-link--is-underlined\" rel=\"noopener\">maladie<\/a> pourtant de plus en plus rare en France. \u00c2g\u00e9 d\u2019une trentaine d\u2019annees, un homme est mort de la rage la semaine derni\u00e8re \u00e0 l\u2019h\u00f4pital de <a href=\"https:\/\/www.20minutes.fr\/dossier\/perpignan\" target=\"_blank\" class=\"c-link c-link--is-underlined\" rel=\"noopener\">Perpignan<\/a>.<\/p>\n<p>Il avait \u00e9t\u00e9 admis dans l\u2019\u00e9tablissement de sant\u00e9 quelques jours plus t\u00f4t, selon une information donn\u00e9e mardi par les services de l\u2019Etat. Une enqu\u00eate \u00e9pid\u00e9miologique a \u00e9t\u00e9 ouverte pour d\u00e9terminer les causes de la contamination.<\/p>\n<p>Une transmission notamment par des morsures ou griffures<\/p>\n<p>\u00ab\u00a0Un cas de rage humaine a \u00e9t\u00e9 diagnostiqu\u00e9 chez un patient \u00e0 Perpignan. Cette personne hospitalis\u00e9e le 18\u00a0septembre au Centre hospitalier de Perpignan apr\u00e8s avoir pr\u00e9sent\u00e9 des sympt\u00f4mes compatibles avec la rage, est d\u00e9c\u00e9d\u00e9e le 25\u00a0septembre. Le diagnostic de rage a \u00e9t\u00e9 confirm\u00e9 par le Centre national de r\u00e9f\u00e9rence de la rage \u00e0 l\u2019Institut Pasteur\u00a0\u00bb, a communiqu\u00e9 le Centre hospitalier de Perpignan.<\/p>\n<\/p>\n<p>L\u2019h\u00f4pital a ajout\u00e9 que la rage pouvait \u00eatre \u00ab\u00a0transmise \u00e0 l\u2019homme principalement par les carnivores domestiques et sauvages\u00a0\u00bb, notamment par des morsures ou griffures.<\/p>\n<p><a href=\"https:\/\/www.20minutes.fr\/sante\/\" target=\"_blank\" class=\"c-link c-btn c-btn--primary\" rel=\"noopener\">Notre dossier Sant\u00e9<\/a><\/p>\n<p>La rage est une maladie <a href=\"https:\/\/www.20minutes.fr\/dossier\/virus\" target=\"_blank\" class=\"c-link c-link--is-underlined\" rel=\"noopener\">virale<\/a> souvent mortelle pouvant affecter les animaux et l\u2019homme. Chaque ann\u00e9e, plus de 50.000 personnes en meurent dans le monde, notamment des enfants.<\/p>\n","protected":false},"excerpt":{"rendered":"C\u2019est une maladie pourtant de plus en plus rare en France. \u00c2g\u00e9 d\u2019une trentaine d\u2019annees, un homme est&hellip;\n","protected":false},"author":2,"featured_media":430235,"comment_status":"","ping_status":"","sticky":false,"template":"","format":"standard","meta":{"footnotes":""},"categories":[10],"tags":[47,118,1011,27,72,2681,226,2680,3464,11548,71,133,5336],"class_list":{"0":"post-430234","1":"post","2":"type-post","3":"status-publish","4":"format-standard","5":"has-post-thumbnail","7":"category-sante","8":"tag-actualite","9":"tag-faits-divers","10":"tag-fr","11":"tag-france","12":"tag-health","13":"tag-languedoc-roussillon","14":"tag-maladie","15":"tag-occitanie","16":"tag-perpignan","17":"tag-pyrenees-orientales","18":"tag-sante","19":"tag-video","20":"tag-virus"},"share_on_mastodon":{"url":"https:\/\/pubeurope.com\/@fr\/115296983075329719","error":""},"_links":{"self":[{"href":"https:\/\/www.europesays.com\/fr\/wp-json\/wp\/v2\/posts\/430234","targetHints":{"allow":["GET"]}}],"collection":[{"href":"https:\/\/www.europesays.com\/fr\/wp-json\/wp\/v2\/posts"}],"about":[{"href":"https:\/\/www.europesays.com\/fr\/wp-json\/wp\/v2\/types\/post"}],"author":[{"embeddable":true,"href":"https:\/\/www.europesays.com\/fr\/wp-json\/wp\/v2\/users\/2"}],"replies":[{"embeddable":true,"href":"https:\/\/www.europesays.com\/fr\/wp-json\/wp\/v2\/comments?post=430234"}],"version-history":[{"count":0,"href":"https:\/\/www.europesays.com\/fr\/wp-json\/wp\/v2\/posts\/430234\/revisions"}],"wp:featuredmedia":[{"embeddable":true,"href":"https:\/\/www.europesays.com\/fr\/wp-json\/wp\/v2\/media\/430235"}],"wp:attachment":[{"href":"https:\/\/www.europesays.com\/fr\/wp-json\/wp\/v2\/media?parent=430234"}],"wp:term":[{"taxonomy":"category","embeddable":true,"href":"https:\/\/www.europesays.com\/fr\/wp-json\/wp\/v2\/categories?post=430234"},{"taxonomy":"post_tag","embeddable":true,"href":"https:\/\/www.europesays.com\/fr\/wp-json\/wp\/v2\/tags?post=430234"}],"curies":[{"name":"wp","href":"https:\/\/api.w.org\/{rel}","templated":true}]}}