{"id":430240,"date":"2025-10-01T04:20:32","date_gmt":"2025-10-01T04:20:32","guid":{"rendered":"https:\/\/www.europesays.com\/fr\/430240\/"},"modified":"2025-10-01T04:20:32","modified_gmt":"2025-10-01T04:20:32","slug":"tout-lunivers-de-samsung-est-a-prix-casse-a-la-fin-des-french-days","status":"publish","type":"post","link":"https:\/\/www.europesays.com\/fr\/430240\/","title":{"rendered":"Tout l&rsquo;univers de Samsung est \u00e0 prix cass\u00e9 \u00e0 la fin des French Days"},"content":{"rendered":"<p>Les French Days se terminent aujourd\u2019hui : c\u2019est votre derni\u00e8re de chance de faire vos emplettes \u00e0 prix cass\u00e9 ! Et les produits Samsung ne sont pas \u00e9pargn\u00e9s, d\u00e9couvrez ceux que l\u2019on recommande \u00e0 cette occasion.<\/p>\n<p><a href=\"https:\/\/images.frandroid.com\/wp-content\/uploads\/2025\/09\/samsung-french-days-2025.jpg\" target=\"_blank\" class=\"article-content__figure\" rel=\"noopener\"><img fetchpriority=\"high\" decoding=\"async\" loading=\"eager\" width=\"1200\" height=\"675\" src=\"https:\/\/www.europesays.com\/fr\/wp-content\/uploads\/2025\/10\/samsung-french-days-2025.jpg\" alt=\"\" class=\"wp-image-2812917 wp-image wp-image\"  \/><\/a><\/p>\n<p>Il y a encore de nombreuses promotions sur <a href=\"https:\/\/www.frandroid.com\/produits\/samsung\" target=\"_blank\" rel=\"noopener\">les produits Samsung <\/a>pour la fin <a href=\"https:\/\/www.frandroid.com\/bons-plans\/2805055_cest-bientot-la-fin-des-french-days-2025-voici-les-ultimes-offres-a-saisir-en-direct\" target=\"_blank\" rel=\"noopener\">des French Days<\/a>. On trouve aussi des <a href=\"https:\/\/www.frandroid.com\/guide-dachat\/smartphones\/332196_10-smartphones-attendus-debut-2016\" target=\"_blank\" rel=\"noopener\">smartphones<\/a> \u00e0 prix cass\u00e9 comme le Galaxy S25 Plus, des r\u00e9cents TV QD-OLED avec de belles r\u00e9ductions, ou m\u00eame des SSD NVMe \u00e0 petit prix. Nous avons rassembl\u00e9 pour vous ici les meilleurs deals\u00a0des appareils con\u00e7us par la marque sud-cor\u00e9enne.<\/p>\n<p>Les meilleurs deals Samsung lors des French Days<\/p>\n<p>Si vous ne trouvez pas votre bonheur, vous pouvez vous tourner vers <a href=\"https:\/\/www.frandroid.com\/guide-dachat\/386688_quels-smartphone-samsung-choisir-parmi-les-differentes-gammes-galaxy\" target=\"_blank\" rel=\"noopener\">notre guide des meilleurs smartphones Samsung<\/a>, ou des <a href=\"https:\/\/www.frandroid.com\/guide-dachat\/guides-dachat-tv\/1173005_quelle-est-la-meilleure-tv-samsung-a-acheter\" target=\"_blank\" rel=\"noopener\">meilleurs TV Samsung<\/a>. <\/p>\n<p>Samsung Galaxy S25+ <\/p>\n<p>Le <a href=\"https:\/\/www.frandroid.com\/produits\/smartphones\/samsung\/2479462-samsung-galaxy-s25-plus\" target=\"_blank\" rel=\"noopener\">Galaxy S25+<\/a> reprend en grande partie la fiche technique de son petit fr\u00e8re, le <a href=\"https:\/\/www.frandroid.com\/produits\/smartphones\/samsung\/2479368-samsung-galaxy-s25\" target=\"_blank\" rel=\"noopener\">Galaxy S25 de Samsung<\/a>, au niveau des performances et de la photo notamment. En revanche, il pr\u00e9sente un \u00e9cran plus grand, une plus grosse batterie et une charge plus v\u00e9loce. Il est d\u2019ailleurs plus int\u00e9ressant aujourd\u2019hui gr\u00e2ce \u00e0 cette remise de plus de 400 euros lors des French Days. <\/p>\n<p><a href=\"https:\/\/images.frandroid.com\/wp-content\/uploads\/2025\/09\/samsung-galaxy-s25-plus-french-days-2025.jpg\" target=\"_blank\" class=\"article-content__figure\" rel=\"noopener\"><img loading=\"lazy\" decoding=\"async\" width=\"1200\" height=\"675\" src=\"https:\/\/www.europesays.com\/fr\/wp-content\/uploads\/2025\/09\/samsung-galaxy-s25-plus-french-days-2025-1200x675.jpg\" alt=\"\" class=\"wp-image-2805427 wp-image\"  \/><\/a><\/p>\n<p>Ce qui pla\u00eet sur le Galaxy S25+ de Samsung<\/p>\n<ul class=\"wp-block-list\">\n<li>Un design confortable avec un \u00e9cran lumineux <\/li>\n<li>Le Snapdragon 8 Elite <\/li>\n<li>One UI 7 et les sept ans de mises \u00e0 jour<\/li>\n<\/ul>\n<p>Lanc\u00e9 \u00e0 1 172 euros, le Samsung Galaxy S25 Plus est aujourd\u2019hui remis\u00e9 \u00e0 949 euros chez Boulanger, mais gr\u00e2ce au code <strong>200S25<\/strong>, le <a href=\"https:\/\/shop.frandroid.com\/zwe2grsc\" target=\"_blank\" rel=\"noreferrer noopener affiliate nofollow\" data-gtm=\"{&quot;event&quot;:&quot;afficlic&quot;,&quot;nom_marchand&quot;:&quot;boulanger&quot;,&quot;nom_produit&quot;:&quot;inconnu&quot;,&quot;categorie_produit&quot;:&quot;inconnu&quot;,&quot;module_produit&quot;:&quot;editolink&quot;,&quot;position_marchand&quot;:0,&quot;texte&quot;:&quot;telephone-revient-a-749-euros&quot;,&quot;offer_url&quot;:&quot;https:\/\/shop.frandroid.com\/zwe2grsc&quot;,&quot;zone&quot;:&quot;contenu-page&quot;}\">t\u00e9l\u00e9phone revient \u00e0 749 euros.<\/a>  L\u2019offre est <a href=\"https:\/\/shop.frandroid.com\/k4f1e049\" target=\"_blank\" rel=\"noreferrer noopener affiliate nofollow\" data-gtm=\"{&quot;event&quot;:&quot;afficlic&quot;,&quot;nom_marchand&quot;:&quot;boulanger&quot;,&quot;nom_produit&quot;:&quot;inconnu&quot;,&quot;categorie_produit&quot;:&quot;inconnu&quot;,&quot;module_produit&quot;:&quot;editolink&quot;,&quot;position_marchand&quot;:0,&quot;texte&quot;:&quot;aussi-valable-sur-le-coloris-gris&quot;,&quot;offer_url&quot;:&quot;https:\/\/shop.frandroid.com\/k4f1e049&quot;,&quot;zone&quot;:&quot;contenu-page&quot;}\">aussi valable sur le coloris gris.<\/a><\/p>\n<p>Samsung Galaxy Buds 3 FE<\/p>\n<p>Samsung a ajout\u00e9 r\u00e9cemment dans son catalogue une nouvelle paire d\u2019\u00e9couteurs sans fil pas chers : les <a href=\"https:\/\/www.frandroid.com\/produits\/audio-casques-ecouteurs\/samsung\/2766299-samsung-galaxy-buds-3-fe\" target=\"_blank\" rel=\"noopener\">Galaxy Buds 3 FE<\/a>. C\u2019est <a href=\"https:\/\/www.frandroid.com\/guide-dachat\/guide-audio\/482350_quels-sont-les-meilleurs-ecouteurs-true-wireless-a-moins-de-200-euros-en-2018\" target=\"_blank\" rel=\"noopener\">des true wireless<\/a> avec Galaxy AI et r\u00e9duction de bruit active que l\u2019on trouve d\u2019ores et d\u00e9j\u00e0 moins ch\u00e8re \u00e0 l\u2019occasion des French Days. <\/p>\n<p><a href=\"https:\/\/images.frandroid.com\/wp-content\/uploads\/2025\/09\/samsung-galaxy-buds-3-fe.jpg\" target=\"_blank\" class=\"article-content__figure\" rel=\"noopener\"><img loading=\"lazy\" decoding=\"async\" width=\"1200\" height=\"675\" src=\"https:\/\/www.europesays.com\/fr\/wp-content\/uploads\/2025\/10\/samsung-galaxy-buds-3-fe-1200x675.jpg\" alt=\"\" class=\"wp-image-2811883 wp-image\"  \/><\/a><\/p>\n<p>Ce que l\u2019on sait sur les Samsung Galaxy Buds 3 FE<\/p>\n<ul class=\"wp-block-list\">\n<li>Ils sont \u00e9tanches et int\u00e8grent Galaxy AI et Gemini<\/li>\n<li>Ils sont \u00e9quip\u00e9s de la r\u00e9duction de bruit active <\/li>\n<li>Ils proposent une autonomie solide<\/li>\n<\/ul>\n<p>Les Samsung Galaxy Buds 3 FE sont sortis au prix de 149 euros, mais en appliquant le code <strong>BUDS30<\/strong>, ils <a href=\"https:\/\/shop.frandroid.com\/u4frky5h\" target=\"_blank\" rel=\"noreferrer noopener affiliate nofollow\" data-gtm=\"{&quot;event&quot;:&quot;afficlic&quot;,&quot;nom_marchand&quot;:&quot;boulanger&quot;,&quot;nom_produit&quot;:&quot;inconnu&quot;,&quot;categorie_produit&quot;:&quot;inconnu&quot;,&quot;module_produit&quot;:&quot;editolink&quot;,&quot;position_marchand&quot;:0,&quot;texte&quot;:&quot;reviennent-a-119-euros-sur-le-site-boulanger&quot;,&quot;offer_url&quot;:&quot;https:\/\/shop.frandroid.com\/u4frky5h&quot;,&quot;zone&quot;:&quot;contenu-page&quot;}\">reviennent \u00e0 119 euros sur le site Boulanger.<\/a> Si vous pr\u00e9f\u00e9rez le coloris noir, <a href=\"https:\/\/shop.frandroid.com\/we440h89\" target=\"_blank\" rel=\"noreferrer noopener affiliate nofollow\" data-gtm=\"{&quot;event&quot;:&quot;afficlic&quot;,&quot;nom_marchand&quot;:&quot;boulanger&quot;,&quot;nom_produit&quot;:&quot;inconnu&quot;,&quot;categorie_produit&quot;:&quot;inconnu&quot;,&quot;module_produit&quot;:&quot;editolink&quot;,&quot;position_marchand&quot;:0,&quot;texte&quot;:&quot;il-profite-aussi-de-l-offre&quot;,&quot;offer_url&quot;:&quot;https:\/\/shop.frandroid.com\/we440h89&quot;,&quot;zone&quot;:&quot;contenu-page&quot;}\">il profite aussi de l\u2019offre.<\/a><\/p>\n<p>Samsung 9100 Pro<\/p>\n<p>Le Samsung 9100 Pro est un <a href=\"https:\/\/www.frandroid.com\/guide-dachat\/guides-dachat-hardware\/833340_ssd-m-2-nvme\" target=\"_blank\" rel=\"noopener\">SSD NVMe<\/a> surpuissant. Il s\u2019agit d\u2019un SSD avec une connexion\u00a0<a href=\"https:\/\/www.frandroid.com\/produits-android\/hardware\/stockage\/1072819_les-ssd-pci-express-5-0-arrivent-sur-pc-3-fois-la-vitesse-de-la-ps5#:~:text=Avec%20le%20PCI%20Express%205.0,laisse%20pr%C3%A9sager%20de%20nouveaux%20usages.\" target=\"_blank\" rel=\"noreferrer noopener\">PCIe 5.0<\/a>\u00a0qui est disponible ici en version 1 To avec\u00a0une r\u00e9duction de plus de 50 euros. <\/p>\n<p><a href=\"https:\/\/images.frandroid.com\/wp-content\/uploads\/2025\/09\/samsung-9100-pro-french-days-2025.jpg\" target=\"_blank\" class=\"article-content__figure\" rel=\"noopener\"><img loading=\"lazy\" decoding=\"async\" width=\"1200\" height=\"675\" src=\"https:\/\/www.europesays.com\/fr\/wp-content\/uploads\/2025\/10\/samsung-9100-pro-french-days-2025-1200x675.jpg\" alt=\"\" class=\"wp-image-2811479 wp-image\"  \/><\/a><\/p>\n<p>Pourquoi choisir le Samsung 9100 Pro ?<\/p>\n<ul class=\"wp-block-list\">\n<li>Ses performances, si vous avez le mat\u00e9riel compatible, sont dingues<\/li>\n<li>L\u2019efficacit\u00e9 \u00e9nerg\u00e9tique am\u00e9lior\u00e9e de 49 % par rapport au pr\u00e9c\u00e9dent<\/li>\n<li>Il peut aller dans la PlayStation 5<\/li>\n<\/ul>\n<p>La version 1 To du SSD NVMe Samsung 9100 Pro\u00a0<a href=\"https:\/\/shop.frandroid.com\/xnqoqqbl\" target=\"_blank\" rel=\"noreferrer noopener affiliate nofollow\" data-gtm=\"{&quot;event&quot;:&quot;afficlic&quot;,&quot;nom_marchand&quot;:&quot;amazon_fr&quot;,&quot;nom_produit&quot;:&quot;inconnu&quot;,&quot;categorie_produit&quot;:&quot;inconnu&quot;,&quot;module_produit&quot;:&quot;editolink&quot;,&quot;position_marchand&quot;:0,&quot;texte&quot;:&quot;passe-de-199-99-euros-a-147-99-euros-en-ce-moment-sur-amazon&quot;,&quot;offer_url&quot;:&quot;https:\/\/shop.frandroid.com\/xnqoqqbl&quot;,&quot;zone&quot;:&quot;contenu-page&quot;}\">passe de 199,99 euros \u00e0 147,99 euros\u00a0en ce moment sur Amazon.<\/a><\/p>\n<p>Samsung Galaxy A17<\/p>\n<p>Le nouveau <a href=\"https:\/\/www.frandroid.com\/guide-dachat\/smartphones\/275349_quel-smartphone-choisir-moins-de-200-euros\" target=\"_blank\" rel=\"noopener\">smartphone entr\u00e9e de gamme<\/a> de Samsung est disponible : <a href=\"https:\/\/www.frandroid.com\/produits\/smartphones\/samsung\/2753619-samsung-galaxy-a17\" target=\"_blank\" rel=\"noopener\">le Galaxy A17.<\/a> C\u2019est un mod\u00e8le qui va plaire avant tout aux petits budgets, surtout quand il s\u2019affiche d\u00e9j\u00e0 avec 40 euros de remise.<\/p>\n<p><a href=\"https:\/\/images.frandroid.com\/wp-content\/uploads\/2025\/09\/samsung-galaxy-a17-french-days-2025.jpg\" target=\"_blank\" class=\"article-content__figure\" rel=\"noopener\"><img loading=\"lazy\" decoding=\"async\" width=\"1200\" height=\"675\" src=\"https:\/\/www.europesays.com\/fr\/wp-content\/uploads\/2025\/10\/samsung-galaxy-a17-french-days-2025-1200x675.jpg\" alt=\"\" class=\"wp-image-2809239 wp-image\"  \/><\/a><\/p>\n<p>Les forces du Samsung Galaxy A17<\/p>\n<ul class=\"wp-block-list\">\n<li>\u00c9cran OLED avec une bonne colorim\u00e9trie<\/li>\n<li>Mises \u00e0 jour assur\u00e9es pendant 6 ans<\/li>\n<li>Performances photo en mode grand angle<\/li>\n<\/ul>\n<p>De base \u00e0 229,99 euros, puis r\u00e9duit \u00e0 219,99 euros, le Samsung Galaxy A17 peut <a href=\"https:\/\/shop.frandroid.com\/q8xfmsjn\" target=\"_blank\" rel=\"noreferrer noopener affiliate nofollow\" data-gtm=\"{&quot;event&quot;:&quot;afficlic&quot;,&quot;nom_marchand&quot;:&quot;boulanger&quot;,&quot;nom_produit&quot;:&quot;inconnu&quot;,&quot;categorie_produit&quot;:&quot;inconnu&quot;,&quot;module_produit&quot;:&quot;editolink&quot;,&quot;position_marchand&quot;:0,&quot;texte&quot;:&quot;vous-revenir-a-189-99-euros-sur-boulanger&quot;,&quot;offer_url&quot;:&quot;https:\/\/shop.frandroid.com\/q8xfmsjn&quot;,&quot;zone&quot;:&quot;contenu-page&quot;}\">vous revenir \u00e0 189,99 euros sur Boulanger<\/a> gr\u00e2ce \u00e0 une <a href=\"https:\/\/boulanger.scene7.com\/is\/content\/Boulanger\/2.B.com\/Commerce\/EMS\/ODRGALAXYA.pdf\" target=\"_blank\" rel=\"noreferrer noopener nofollow\">ODR<\/a> de 30 euros. Que ce soit pour <a href=\"https:\/\/shop.frandroid.com\/qf2a2zp3\" target=\"_blank\" rel=\"noreferrer noopener affiliate nofollow\" data-gtm=\"{&quot;event&quot;:&quot;afficlic&quot;,&quot;nom_marchand&quot;:&quot;boulanger&quot;,&quot;nom_produit&quot;:&quot;inconnu&quot;,&quot;categorie_produit&quot;:&quot;inconnu&quot;,&quot;module_produit&quot;:&quot;editolink&quot;,&quot;position_marchand&quot;:0,&quot;texte&quot;:&quot;le-coloris-bleu&quot;,&quot;offer_url&quot;:&quot;https:\/\/shop.frandroid.com\/qf2a2zp3&quot;,&quot;zone&quot;:&quot;contenu-page&quot;}\">le coloris bleu<\/a> ou <a href=\"https:\/\/shop.frandroid.com\/d1bvrcsg\" target=\"_blank\" rel=\"noreferrer noopener affiliate nofollow\" data-gtm=\"{&quot;event&quot;:&quot;afficlic&quot;,&quot;nom_marchand&quot;:&quot;boulanger&quot;,&quot;nom_produit&quot;:&quot;inconnu&quot;,&quot;categorie_produit&quot;:&quot;inconnu&quot;,&quot;module_produit&quot;:&quot;editolink&quot;,&quot;position_marchand&quot;:0,&quot;texte&quot;:&quot;gris&quot;,&quot;offer_url&quot;:&quot;https:\/\/shop.frandroid.com\/d1bvrcsg&quot;,&quot;zone&quot;:&quot;contenu-page&quot;}\">gris<\/a>. <\/p>\n<p>Samsung T55S90F\u00a0<\/p>\n<p>C\u2019est lors du\u00a0CES 2025\u00a0que Samsung a pr\u00e9sent\u00e9\u00a0<a href=\"https:\/\/www.frandroid.com\/marques\/samsung\/2458072_samsung-officialise-trois-nouvelles-series-de-tv-oled-pour-2025-s95f-s90f-et-s85f\" target=\"_blank\" rel=\"noreferrer noopener\">sa nouvelle s\u00e9rie de TV OLED et LCD<\/a>.\u00a0Parmi eux, on retrouve la s\u00e9rie S90F qui se distingue par son approche hybride en mati\u00e8re de technologie d\u2019\u00e9cran. Il int\u00e8gre un \u00e9cran QD-OLED sublime.\u00a0Bonne nouvelle, pendant les French Days, il co\u00fbte 319 euros de moins. <\/p>\n<p><a href=\"https:\/\/www.europesays.com\/fr\/wp-content\/uploads\/2025\/10\/image-76.jpg\" target=\"_blank\" class=\"article-content__figure\"><img loading=\"lazy\" decoding=\"async\" width=\"768\" height=\"432\" src=\"https:\/\/www.europesays.com\/fr\/wp-content\/uploads\/2025\/10\/image-76.jpg\" alt=\"\" class=\"wp-image-2812853 wp-image\"  \/><\/a><\/p>\n<p>Les \u00e9l\u00e9ments cl\u00e9s du Samsung T55S90F<\/p>\n<ul class=\"wp-block-list\">\n<li>Une dalle OLED 2025 \u00e0 144 Hz qui flatte la r\u00e9tine<\/li>\n<li>Le processeur NQ4 AI Gen3 optimiser l\u2019image en temps r\u00e9el<\/li>\n<li>Le syst\u00e8me audio 2.1 40 W compatible Dolby Atmos<\/li>\n<\/ul>\n<p>Au lieu d\u2019un prix barr\u00e9 \u00e0 1 399 euros, le t\u00e9l\u00e9viseur Samsung T55S90F  s\u2019affiche en ce moment \u00e0 1 199 euros chez la Fnac, mais <strong>gr\u00e2ce \u00e0 10 % de remise<\/strong>, <a href=\"https:\/\/shop.frandroid.com\/elcqupc3\" target=\"_blank\" rel=\"noreferrer noopener affiliate nofollow\" data-gtm=\"{&quot;event&quot;:&quot;afficlic&quot;,&quot;nom_marchand&quot;:&quot;fnac&quot;,&quot;nom_produit&quot;:&quot;inconnu&quot;,&quot;categorie_produit&quot;:&quot;inconnu&quot;,&quot;module_produit&quot;:&quot;editolink&quot;,&quot;position_marchand&quot;:0,&quot;texte&quot;:&quot;il-passe-a-1-080-euros&quot;,&quot;offer_url&quot;:&quot;https:\/\/shop.frandroid.com\/elcqupc3&quot;,&quot;zone&quot;:&quot;contenu-page&quot;}\">il passe \u00e0 1 080 euros<\/a>. Cette offre s\u2019applique <a href=\"https:\/\/shop.frandroid.com\/f9augjdz\" target=\"_blank\" rel=\"noreferrer noopener affiliate nofollow\" data-gtm=\"{&quot;event&quot;:&quot;afficlic&quot;,&quot;nom_marchand&quot;:&quot;darty&quot;,&quot;nom_produit&quot;:&quot;inconnu&quot;,&quot;categorie_produit&quot;:&quot;inconnu&quot;,&quot;module_produit&quot;:&quot;editolink&quot;,&quot;position_marchand&quot;:0,&quot;texte&quot;:&quot;egalement-chez-darty&quot;,&quot;offer_url&quot;:&quot;https:\/\/shop.frandroid.com\/f9augjdz&quot;,&quot;zone&quot;:&quot;contenu-page&quot;}\">\u00e9galement chez Darty.<\/a> Pour la livraison \u00e0 domicile, il faudra compter 39 euros suppl\u00e9mentaires. <\/p>\n<p>Samsung Galaxy A56 <\/p>\n<p>Le\u00a0<a href=\"https:\/\/www.frandroid.com\/produits\/smartphones\/samsung\/2525699-samsung-galaxy-a56\" target=\"_blank\" rel=\"noopener\">Samsung Galaxy A56\u00a0<\/a>est un tr\u00e8s bon investissement pour quiconque veut changer son smartphone pour un mod\u00e8le plus efficace et durable. Il le devient davantage dans ce pack \u00e0 prix cass\u00e9 chez Boulanger lors des French Days.<\/p>\n<p><a href=\"https:\/\/www.europesays.com\/fr\/wp-content\/uploads\/2025\/10\/image-76.png\" target=\"_blank\" class=\"article-content__figure\"><img loading=\"lazy\" decoding=\"async\" width=\"768\" height=\"432\" src=\"https:\/\/www.europesays.com\/fr\/wp-content\/uploads\/2025\/10\/image-76.png\" alt=\"\" class=\"wp-image-2812873 wp-image\"  \/><\/a><\/p>\n<p>Que contient ce pack Samsung ?  <\/p>\n<ul class=\"wp-block-list\">\n<li>Un smartphone soign\u00e9 avec un \u00e9cran lumineux<\/li>\n<li>6 ans de mises \u00e0 jour et charge rapide de 45 W<\/li>\n<li>Des \u00e9couteurs confortables et endurants<\/li>\n<\/ul>\n<p>De base \u00e0 601,98 euros, le pack avec le Samsung Galaxy A56 et les Galaxy Buds FE s\u2019affiche d\u00e9sormais \u00e0 429,99 euros chez Boulanger, mais gr\u00e2ce \u00e0 une\u00a0<a href=\"https:\/\/boulanger.scene7.com\/is\/content\/Boulanger\/2.B.com\/Commerce\/EMS\/ODRGALAXYA.pdf\" target=\"_blank\" rel=\"noreferrer noopener nofollow\">ODR<\/a>\u00a0de 70 euros,\u00a0<a href=\"https:\/\/shop.frandroid.com\/scn0i5n0\" target=\"_blank\" rel=\"noreferrer noopener affiliate nofollow\" data-gtm=\"{&quot;event&quot;:&quot;afficlic&quot;,&quot;nom_marchand&quot;:&quot;boulanger&quot;,&quot;nom_produit&quot;:&quot;inconnu&quot;,&quot;categorie_produit&quot;:&quot;inconnu&quot;,&quot;module_produit&quot;:&quot;editolink&quot;,&quot;position_marchand&quot;:0,&quot;texte&quot;:&quot;le-tout-peut-vous-revenir-a-seulement-359-99-euros&quot;,&quot;offer_url&quot;:&quot;https:\/\/shop.frandroid.com\/scn0i5n0&quot;,&quot;zone&quot;:&quot;contenu-page&quot;}\">le tout vous revient \u00e0 seulement 359,99 euros.<\/a><\/p>\n<p>French Days 2025 : ne ratez aucun bon plan avec Frandroid <\/p>\n<p>Les <a href=\"https:\/\/www.frandroid.com\/bons-plans\/2805055_les-french-days-2025-continuent-ce-vendredi-voici-le-top-des-offres-en-direct-sur-amazon-boulanger-fnac\" data-type=\"link\" data-id=\"https:\/\/www.frandroid.com\/bons-plans\/2805055_les-french-days-2025-continuent-ce-vendredi-voici-le-top-des-offres-en-direct-sur-amazon-boulanger-fnac\" target=\"_blank\" rel=\"noreferrer noopener\">French Days<\/a> reviennent en 2025 pour une deuxi\u00e8me \u00e9dition jusqu\u2019au 30 septembre prochain. Afin d\u2019y voir plus clair sur les diff\u00e9rentes offres Tech que nous recommandons chaudement lors de cette p\u00e9riode, voici quelques s\u00e9lections de produits :<\/p>\n<p>Et, pour ne rien louper des bons plans que nous partageons, voici quelques tips et liens utiles :<\/p>\n<ul class=\"wp-block-list\">\n<li>Suivez notre compte X\u00a0<a href=\"https:\/\/twitter.com\/FrandroidPromos\" target=\"_blank\" rel=\"noreferrer noopener\">@FrandroidPromos<\/a> uniquement d\u00e9di\u00e9 aux bons plans (pensez \u00e0 activer la cloche pour recevoir les notifications en temps r\u00e9el)<\/li>\n<li><a href=\"https:\/\/whatsapp.com\/channel\/0029VabYxm5LI8YhSlD8xc05\" target=\"_blank\" rel=\"noreferrer noopener\">Rejoignez notre canal WhatsApp<\/a> pour recevoir une fois par jour un condens\u00e9 des meilleures offres<\/li>\n<li>T\u00e9l\u00e9chargez notre <a href=\"https:\/\/www.frandroid.com\/telecharger\/apps\/frandroid\" target=\"_blank\" rel=\"noreferrer noopener\">application Frandroid<\/a> (disponible sur iOS et Android) pour activer les notifications de la cat\u00e9gorie \u00ab Bons Plans \u00bb et ainsi recevoir en temps r\u00e9el les nouveaux articles li\u00e9s aux French Days<\/li>\n<li>Abonnez-vous \u00e0 notre newsletter pour \u00eatre s\u00fbr de recevoir les offres en avant-premi\u00e8re (pas plus d\u2019un mail par jour, d\u00e9sinscription en 1 clic, aucune diffusion \u00e0 des tiers) :<\/li>\n<\/ul>\n<p class=\"newsletter-form__title is-size-6 is-size-7-mobile is-uppercase has-text-good-deals has-text-weight-semibold mb-4 px-5\">Frandroid Bons plans<\/p>\n<p class=\"has-text-centered-tablet newsletter-form__subtitle is-size-4 has-text-weight-bold has-text-primary column is-9-tablet is-10-mobile\">\n                C\u2019est enregistr\u00e9 ! Surveillez votre bo\u00eete aux lettres, vous allez entendre parler de nous\u00a0!\n            <\/p>\n<p class=\"newsletter-form__subtitle is-size-4 has-text-weight-bold has-text-gradient-pink\">Ne manquez aucun bon plan avec notre newsletter<\/p>\n<p class=\"is-size-7\">\n                Les donn\u00e9es transmises par le biais de ce formulaire sont destin\u00e9es \u00e0 Humanoid,<br \/>\n                soci\u00e9t\u00e9 \u00e9ditrice du site Frandroid en sa qualit\u00e9 de responsable de traitement.<br \/>\n                Elles ne seront en aucun cas c\u00e9d\u00e9es \u00e0 des tiers. Ces donn\u00e9es sont trait\u00e9es sous r\u00e9serve d\u2019obtention de<br \/>\n                votre consentement pour vous envoyer par e-mail des actualit\u00e9s et informations relatives aux contenus<br \/>\n                \u00e9ditoriaux publi\u00e9s sur Frandroid. Vous pouvez vous opposer \u00e0 tout moment \u00e0 ces e-mails<br \/>\n                en cliquant sur les liens de d\u00e9sinscriptions pr\u00e9sents dans chacun d\u2019eux. Pour plus d\u2019informations, vous<br \/>\n                pouvez consulter l\u2019int\u00e9gralit\u00e9 de notre <a href=\"https:\/\/www.frandroid.com\/politique-donnees-personnelles\" target=\"_blank\" rel=\"noopener\"><br \/>\n                politique de traitement de vos donn\u00e9es personnelles<\/a>.<br \/>\n                Vous disposez d\u2019un droit d\u2019acc\u00e8s, de rectification, d\u2019effacement, de limitation, de portabilit\u00e9 et<br \/>\n                d\u2019opposition pour motif l\u00e9gitime aux donn\u00e9es personnelles vous concernant. Pour exercer l\u2019un de ces droits,<br \/>\n                merci d\u2019effectuer votre demande via notre <a href=\"https:\/\/www.frandroid.com\/contact\/#RGPD\" target=\"_blank\" rel=\"noopener\">formulaire<br \/>\n                de demandes d\u2019exercices de droits d\u00e9di\u00e9<\/a>.\n            <\/p>\n<p>            <script async src=\"https:\/\/platform.twitter.com\/widgets.js\" charset=\"utf-8\"><\/script><\/p>\n","protected":false},"excerpt":{"rendered":"Les French Days se terminent aujourd\u2019hui : c\u2019est votre derni\u00e8re de chance de faire vos emplettes \u00e0 prix&hellip;\n","protected":false},"author":2,"featured_media":430241,"comment_status":"","ping_status":"","sticky":false,"template":"","format":"standard","meta":{"footnotes":""},"categories":[7],"tags":[1042,1011,27,16300,43,40,41,39,55018,42,44],"class_list":{"0":"post-430240","1":"post","2":"type-post","3":"status-publish","4":"format-standard","5":"has-post-thumbnail","7":"category-sciences-et-technologies","8":"tag-bons-plans-samsung","9":"tag-fr","10":"tag-france","11":"tag-french-days-2025","12":"tag-science","13":"tag-science-and-technology","14":"tag-sciences","15":"tag-sciences-et-technologies","16":"tag-selection-bons-plans","17":"tag-technologies","18":"tag-technology"},"share_on_mastodon":{"url":"https:\/\/pubeurope.com\/@fr\/115296996702298822","error":""},"_links":{"self":[{"href":"https:\/\/www.europesays.com\/fr\/wp-json\/wp\/v2\/posts\/430240","targetHints":{"allow":["GET"]}}],"collection":[{"href":"https:\/\/www.europesays.com\/fr\/wp-json\/wp\/v2\/posts"}],"about":[{"href":"https:\/\/www.europesays.com\/fr\/wp-json\/wp\/v2\/types\/post"}],"author":[{"embeddable":true,"href":"https:\/\/www.europesays.com\/fr\/wp-json\/wp\/v2\/users\/2"}],"replies":[{"embeddable":true,"href":"https:\/\/www.europesays.com\/fr\/wp-json\/wp\/v2\/comments?post=430240"}],"version-history":[{"count":0,"href":"https:\/\/www.europesays.com\/fr\/wp-json\/wp\/v2\/posts\/430240\/revisions"}],"wp:featuredmedia":[{"embeddable":true,"href":"https:\/\/www.europesays.com\/fr\/wp-json\/wp\/v2\/media\/430241"}],"wp:attachment":[{"href":"https:\/\/www.europesays.com\/fr\/wp-json\/wp\/v2\/media?parent=430240"}],"wp:term":[{"taxonomy":"category","embeddable":true,"href":"https:\/\/www.europesays.com\/fr\/wp-json\/wp\/v2\/categories?post=430240"},{"taxonomy":"post_tag","embeddable":true,"href":"https:\/\/www.europesays.com\/fr\/wp-json\/wp\/v2\/tags?post=430240"}],"curies":[{"name":"wp","href":"https:\/\/api.w.org\/{rel}","templated":true}]}}